{"id":1006,"date":"2021-08-24T15:35:05","date_gmt":"2021-08-24T18:35:05","guid":{"rendered":"http:\/\/sinicesp.org.br\/?p=1006"},"modified":"2023-08-23T14:06:33","modified_gmt":"2023-08-23T17:06:33","slug":"sinicesp-se-reune-com-secretarios-municipais","status":"publish","type":"post","link":"https:\/\/sinicesp.org.br\/index.php\/2021\/08\/24\/sinicesp-se-reune-com-secretarios-municipais\/","title":{"rendered":"SINICESP se re\u00fane com secret\u00e1rios municipais"},"content":{"rendered":"\n<section class=\"wp-block-uagb-section uagb-section__wrap uagb-section__background-undefined alignfull uagb-block-e2de3cb4\"><div class=\"uagb-section__overlay\"><\/div><div class=\"uagb-section__inner-wrap\"><\/div><\/section>\n\n\n\n<section class=\"wp-block-uagb-section uagb-section__wrap uagb-section__background-color uagb-block-122ee14d\"><div class=\"uagb-section__overlay\"><\/div><div class=\"uagb-section__inner-wrap\">\n<div style=\"height:10px\" aria-hidden=\"true\" class=\"wp-block-spacer\"><\/div>\n\n\n\n<div class=\"wp-block-uagb-advanced-heading uagb-block-67ac0e45\"><h3 class=\"uagb-heading-text\"><strong>\u00daltimas Not\u00edcias n\u00ba 32\/2021 &#8211; 24\/08\/2021 <\/strong><\/h3><div class=\"uagb-separator\"><\/div><\/div>\n\n\n\n<p><\/p>\n<\/div><\/section>\n\n\n\n<section class=\"wp-block-uagb-section uagb-section__wrap uagb-section__background-color uagb-block-258b763a\"><div class=\"uagb-section__overlay\"><\/div><div class=\"uagb-section__inner-wrap\">\n<h2 class=\"wp-block-heading has-text-align-left has-text-color\" style=\"color:#0767b1\">SINICESP se re\u00fane com secret\u00e1rios municipais<\/h2>\n\n\n\n<p>Representantes da diretoria do SINICESP estiveram reunidos com os secret\u00e1rios municipais Marcos Monteiro, de Infraestrutura Urbana e Obras, e Cesar Azevedo, da pasta de Urbanismo e Licenciamento. <br><br>O encontro, ocorrido no dia 20 de agosto, na sede da Secretaria de Infraestrutura Urbana e Obras, foi realizado ap\u00f3s encaminhamento de pedido por parte do SINICESP, com o objetivo de estreitar as rela\u00e7\u00f5es com a administra\u00e7\u00e3o municipal. <br><br>Durante a reuni\u00e3o, a comitiva do SINICESP falou sobre os atuais desafios enfrentados pelas empresas do setor da constru\u00e7\u00e3o pesada paulista, bem como da atua\u00e7\u00e3o do SINICESP no incremento dos projetos e obras da infraestrutura e pela gera\u00e7\u00e3o e manuten\u00e7\u00e3o de empregos no setor. <br><br>O secret\u00e1rio municipal de Infraestrutura e Obras falou sobre os esfor\u00e7os da prefeitura em rela\u00e7\u00e3o aos estudos e projetos para obras do programa de redu\u00e7\u00e3o de alagamentos. Ele tamb\u00e9m comentou sobre as obras do novo BRT (Bus Rapid Transit) na Avenida Aricanduva, na Zona Leste. Com 13,6 km, o trecho vai ligar a Radial Leste ao Terminal S\u00e3o Mateus. <br><br>Entre as a\u00e7\u00f5es da Secretaria Municipal de Urbanismo e Licenciamento, o secret\u00e1rio Cesar Azevedo comentou sobre a implanta\u00e7\u00e3o do Boulevard Br\u00e1s, na regi\u00e3o central da cidade. O projeto de interven\u00e7\u00e3o urban\u00edstica consiste em transformar a Rua Tiers num cal\u00e7ad\u00e3o exclusivo para pedestres com novo cal\u00e7amento, paisagismo e aterramento da fia\u00e7\u00e3o p\u00fablica. <br><br>Os diretores do Sindicato convidaram os secret\u00e1rios a participar de reuni\u00e3o na sede da entidade com representantes de empresas associadas. O convite foi aceito por ambos e uma data futura ser\u00e1 agendada. <br><br>A visita aos secret\u00e1rios de Urbanismo e Licenciamento e de Infraestrutura Urbana e Obras foi acompanhada pelo presidente do SINICESP, Luiz Kamilos, e pelos diretores Iracema Medeiros e Alberto Bagdade.<br><br><\/p>\n\n\n\n<figure class=\"wp-block-image aligncenter size-full\"><img loading=\"lazy\" decoding=\"async\" width=\"550\" height=\"273\" src=\"https:\/\/sinicesp.org.br\/wp-content\/uploads\/2021\/08\/ultimas-2021-32-interna.jpg\" alt=\"\" class=\"wp-image-1008\" srcset=\"https:\/\/sinicesp.org.br\/wp-content\/uploads\/2021\/08\/ultimas-2021-32-interna.jpg 550w, https:\/\/sinicesp.org.br\/wp-content\/uploads\/2021\/08\/ultimas-2021-32-interna-300x149.jpg 300w\" sizes=\"auto, (max-width: 550px) 100vw, 550px\" \/><\/figure>\n<\/div><\/section>\n","protected":false},"excerpt":{"rendered":"<p>Representantes da diretoria do SINICESP estiveram reunidos com os secret\u00e1rios municipais Marcos Monteiro, de Infraestrutura Urbana e Obras, e Cesar Azevedo, da pasta de Urbanismo e Licenciamento. <\/p>\n","protected":false},"author":1,"featured_media":1007,"comment_status":"closed","ping_status":"closed","sticky":false,"template":"","format":"standard","meta":{"om_disable_all_campaigns":false,"_uag_custom_page_level_css":"","_monsterinsights_skip_tracking":false,"_monsterinsights_sitenote_active":false,"_monsterinsights_sitenote_note":"","_monsterinsights_sitenote_category":0,"site-sidebar-layout":"default","site-content-layout":"plain-container","ast-site-content-layout":"normal-width-container","site-content-style":"unboxed","site-sidebar-style":"unboxed","ast-global-header-display":"","ast-banner-title-visibility":"","ast-main-header-display":"","ast-hfb-above-header-display":"","ast-hfb-below-header-display":"","ast-hfb-mobile-header-display":"","site-post-title":"disabled","ast-breadcrumbs-content":"","ast-featured-img":"disabled","footer-sml-layout":"","ast-disable-related-posts":"","theme-transparent-header-meta":"default","adv-header-id-meta":"","stick-header-meta":"","header-above-stick-meta":"","header-main-stick-meta":"","header-below-stick-meta":"","astra-migrate-meta-layouts":"set","ast-page-background-enabled":"default","ast-page-background-meta":{"desktop":{"background-color":"","background-image":"","background-repeat":"repeat","background-position":"center center","background-size":"auto","background-attachment":"scroll","background-type":"","background-media":"","overlay-type":"","overlay-color":"","overlay-opacity":"","overlay-gradient":""},"tablet":{"background-color":"","background-image":"","background-repeat":"repeat","background-position":"center center","background-size":"auto","background-attachment":"scroll","background-type":"","background-media":"","overlay-type":"","overlay-color":"","overlay-opacity":"","overlay-gradient":""},"mobile":{"background-color":"","background-image":"","background-repeat":"repeat","background-position":"center center","background-size":"auto","background-attachment":"scroll","background-type":"","background-media":"","overlay-type":"","overlay-color":"","overlay-opacity":"","overlay-gradient":""}},"ast-content-background-meta":{"desktop":{"background-color":"var(--ast-global-color-5)","background-image":"","background-repeat":"repeat","background-position":"center center","background-size":"auto","background-attachment":"scroll","background-type":"","background-media":"","overlay-type":"","overlay-color":"","overlay-opacity":"","overlay-gradient":""},"tablet":{"background-color":"var(--ast-global-color-5)","background-image":"","background-repeat":"repeat","background-position":"center center","background-size":"auto","background-attachment":"scroll","background-type":"","background-media":"","overlay-type":"","overlay-color":"","overlay-opacity":"","overlay-gradient":""},"mobile":{"background-color":"var(--ast-global-color-5)","background-image":"","background-repeat":"repeat","background-position":"center center","background-size":"auto","background-attachment":"scroll","background-type":"","background-media":"","overlay-type":"","overlay-color":"","overlay-opacity":"","overlay-gradient":""}},"footnotes":""},"categories":[6],"tags":[22],"class_list":["post-1006","post","type-post","status-publish","format-standard","has-post-thumbnail","hentry","category-ultimas-noticias","tag-ultimas-noticias-no-32-2021-24-08-2021-1535"],"aioseo_notices":[],"gutentor_comment":0,"uagb_featured_image_src":{"full":["https:\/\/sinicesp.org.br\/wp-content\/uploads\/2021\/08\/ultimas-2021-32-pequena.jpg",250,167,false],"thumbnail":["https:\/\/sinicesp.org.br\/wp-content\/uploads\/2021\/08\/ultimas-2021-32-pequena-150x150.jpg",150,150,true],"medium":["https:\/\/sinicesp.org.br\/wp-content\/uploads\/2021\/08\/ultimas-2021-32-pequena.jpg",250,167,false],"medium_large":["https:\/\/sinicesp.org.br\/wp-content\/uploads\/2021\/08\/ultimas-2021-32-pequena.jpg",250,167,false],"large":["https:\/\/sinicesp.org.br\/wp-content\/uploads\/2021\/08\/ultimas-2021-32-pequena.jpg",250,167,false],"1536x1536":["https:\/\/sinicesp.org.br\/wp-content\/uploads\/2021\/08\/ultimas-2021-32-pequena.jpg",250,167,false],"2048x2048":["https:\/\/sinicesp.org.br\/wp-content\/uploads\/2021\/08\/ultimas-2021-32-pequena.jpg",250,167,false]},"uagb_author_info":{"display_name":"Rodrigo","author_link":"https:\/\/sinicesp.org.br\/index.php\/author\/sinicesp\/"},"uagb_comment_info":0,"uagb_excerpt":"Representantes da diretoria do SINICESP estiveram reunidos com os secret\u00e1rios municipais Marcos Monteiro, de Infraestrutura Urbana e Obras, e Cesar Azevedo, da pasta de Urbanismo e Licenciamento.","_links":{"self":[{"href":"https:\/\/sinicesp.org.br\/index.php\/wp-json\/wp\/v2\/posts\/1006","targetHints":{"allow":["GET"]}}],"collection":[{"href":"https:\/\/sinicesp.org.br\/index.php\/wp-json\/wp\/v2\/posts"}],"about":[{"href":"https:\/\/sinicesp.org.br\/index.php\/wp-json\/wp\/v2\/types\/post"}],"author":[{"embeddable":true,"href":"https:\/\/sinicesp.org.br\/index.php\/wp-json\/wp\/v2\/users\/1"}],"replies":[{"embeddable":true,"href":"https:\/\/sinicesp.org.br\/index.php\/wp-json\/wp\/v2\/comments?post=1006"}],"version-history":[{"count":0,"href":"https:\/\/sinicesp.org.br\/index.php\/wp-json\/wp\/v2\/posts\/1006\/revisions"}],"wp:featuredmedia":[{"embeddable":true,"href":"https:\/\/sinicesp.org.br\/index.php\/wp-json\/wp\/v2\/media\/1007"}],"wp:attachment":[{"href":"https:\/\/sinicesp.org.br\/index.php\/wp-json\/wp\/v2\/media?parent=1006"}],"wp:term":[{"taxonomy":"category","embeddable":true,"href":"https:\/\/sinicesp.org.br\/index.php\/wp-json\/wp\/v2\/categories?post=1006"},{"taxonomy":"post_tag","embeddable":true,"href":"https:\/\/sinicesp.org.br\/index.php\/wp-json\/wp\/v2\/tags?post=1006"}],"curies":[{"name":"wp","href":"https:\/\/api.w.org\/{rel}","templated":true}]}}