{"id":1326,"date":"2021-02-24T15:48:04","date_gmt":"2021-02-24T18:48:04","guid":{"rendered":"http:\/\/sinicesp.org.br\/?p=1326"},"modified":"2021-09-20T15:23:34","modified_gmt":"2021-09-20T18:23:34","slug":"frigorifico-nao-tera-de-pagar-horas-de-deslocamento-no-periodo-posterior-a-reforma-trabalhista","status":"publish","type":"post","link":"https:\/\/sinicesp.org.br\/index.php\/2021\/02\/24\/frigorifico-nao-tera-de-pagar-horas-de-deslocamento-no-periodo-posterior-a-reforma-trabalhista\/","title":{"rendered":"Frigor\u00edfico n\u00e3o ter\u00e1 de pagar horas de deslocamento no per\u00edodo posterior \u00e0 Reforma Trabalhista"},"content":{"rendered":"\n<p><\/p>\n\n\n\n<section class=\"wp-block-uagb-section uagb-section__wrap uagb-section__background-color uagb-block-3006e191\"><div class=\"uagb-section__overlay\"><\/div><div class=\"uagb-section__inner-wrap\">\n<div style=\"height:10px\" aria-hidden=\"true\" class=\"wp-block-spacer\"><\/div>\n\n\n\n<div class=\"wp-block-uagb-advanced-heading uagb-block-77721742\"><h3 class=\"uagb-heading-text\"><strong>Boletim Jur\u00eddico n\u00ba 02\/2021 &#8211; 24\/02\/2021 <\/strong><\/h3><div class=\"uagb-separator-wrap\"><div class=\"uagb-separator\"><\/div><\/div><p class=\"uagb-desc-text\"><\/p><\/div>\n\n\n\n<p><\/p>\n<\/div><\/section>\n\n\n\n<section class=\"wp-block-uagb-section uagb-section__wrap uagb-section__background-color uagb-block-0a4473fe\"><div class=\"uagb-section__overlay\"><\/div><div class=\"uagb-section__inner-wrap\">\n<h2 class=\"has-text-color wp-block-heading\" style=\"color:#0767b1\">Frigor\u00edfico n\u00e3o ter\u00e1 de pagar horas de deslocamento no per\u00edodo posterior \u00e0 Reforma Trabalhista<\/h2>\n\n\n\n<p>A Quinta Turma do Tribunal Superior do Trabalho absolveu a Seara Alimentos da condena\u00e7\u00e3o ao pagamento de horas de deslocamento (in itinere) a uma operadora de produ\u00e7\u00e3o de Santa Catarina em rela\u00e7\u00e3o ao per\u00edodo posterior \u00e0 vig\u00eancia da Reforma Trabalhista (Lei 13.467\/2017). Embora o contrato tenha sido firmado antes da altera\u00e7\u00e3o legislativa, o colegiado entendeu que o direito ao pagamento deve ter como marco final o in\u00edcio da vig\u00eancia da lei. <br><br><strong>Trajeto<\/strong> <br><br>A trabalhadora ajuizou a reclama\u00e7\u00e3o trabalhista em 7\/11\/2017, no curso de seu contrato de trabalho, pedindo a condena\u00e7\u00e3o da empregadora ao pagamento de horas extraordin\u00e1rias di\u00e1rias, referentes ao tempo gasto no trajeto de ida e volta para o trabalho. Moradora de Planalto (RS), ela se deslocava todos os dias para a f\u00e1brica, em Seara (SC), em viagem que durava cerca de cinco horas, ida e volta. <br><br><strong>Irretroatividade<\/strong> <br><br>Quatro dias depois de ajuizada a a\u00e7\u00e3o, entrou em vigor a Reforma Trabalhista, que deixou de assegurar o pagamento das horas in itinere, ou de deslocamento, como tempo \u00e0 disposi\u00e7\u00e3o do empregador. <br><br>Ao examinar o pedido, o Tribunal Regional do Trabalho da 4\u00aa Regi\u00e3o (RS) concluiu que o pagamento deveria ser mantido at\u00e9 a rescis\u00e3o contratual, conforme a reda\u00e7\u00e3o vigente na \u00e9poca do ajuizamento da a\u00e7\u00e3o, \u201ccom base no princ\u00edpio da irretroatividade da norma de direito material\u201d. <br><br><strong>Condena\u00e7\u00e3o limitada<\/strong> <br><br>Para o relator do recurso de revista da Seara, ministro Breno Medeiros, n\u00e3o se pode negar a aplica\u00e7\u00e3o da Reforma Trabalhista aos contratos que, embora iniciados antes de sua vig\u00eancia, continuam em vigor, como no caso. \u201cAp\u00f3s a vig\u00eancia da Lei 13.467\/2017, ocorrida em 11\/11\/2017, o tempo despendido entre a resid\u00eancia e o local de trabalho, e vice-versa, n\u00e3o ser\u00e1 computado na jornada de trabalho, ainda que a empresa forne\u00e7a forne\u00e7a condu\u00e7\u00e3o ao empregado, j\u00e1 que, durante este per\u00edodo, o trabalhador n\u00e3o se encontra \u00e0 disposi\u00e7\u00e3o do empregador\u201d, observou. <br><br>A decis\u00e3o foi un\u00e2nime. <br><br>(RR\/CF) <br><br>Processo: RR-21187-34.2017.5.04.0551 <br><br><strong>Fonte:\u00a0<\/strong>TST<\/p>\n<\/div><\/section>\n","protected":false},"excerpt":{"rendered":"<p>Embora o contrato tenha sido firmado antes da altera\u00e7\u00e3o legislativa, o colegiado entendeu que o direito ao pagamento deve ter como marco final o in\u00edcio da vig\u00eancia da lei.<\/p>\n","protected":false},"author":1,"featured_media":1327,"comment_status":"closed","ping_status":"closed","sticky":false,"template":"","format":"standard","meta":{"om_disable_all_campaigns":false,"_uag_custom_page_level_css":"","_monsterinsights_skip_tracking":false,"_monsterinsights_sitenote_active":false,"_monsterinsights_sitenote_note":"","_monsterinsights_sitenote_category":0,"site-sidebar-layout":"default","site-content-layout":"default","ast-site-content-layout":"default","site-content-style":"default","site-sidebar-style":"default","ast-global-header-display":"","ast-banner-title-visibility":"","ast-main-header-display":"","ast-hfb-above-header-display":"","ast-hfb-below-header-display":"","ast-hfb-mobile-header-display":"","site-post-title":"disabled","ast-breadcrumbs-content":"disabled","ast-featured-img":"","footer-sml-layout":"","ast-disable-related-posts":"","theme-transparent-header-meta":"default","adv-header-id-meta":"","stick-header-meta":"","header-above-stick-meta":"","header-main-stick-meta":"","header-below-stick-meta":"","astra-migrate-meta-layouts":"default","ast-page-background-enabled":"default","ast-page-background-meta":{"desktop":{"background-color":"","background-image":"","background-repeat":"repeat","background-position":"center center","background-size":"auto","background-attachment":"scroll","background-type":"","background-media":"","overlay-type":"","overlay-color":"","overlay-opacity":"","overlay-gradient":""},"tablet":{"background-color":"","background-image":"","background-repeat":"repeat","background-position":"center center","background-size":"auto","background-attachment":"scroll","background-type":"","background-media":"","overlay-type":"","overlay-color":"","overlay-opacity":"","overlay-gradient":""},"mobile":{"background-color":"","background-image":"","background-repeat":"repeat","background-position":"center center","background-size":"auto","background-attachment":"scroll","background-type":"","background-media":"","overlay-type":"","overlay-color":"","overlay-opacity":"","overlay-gradient":""}},"ast-content-background-meta":{"desktop":{"background-color":"var(--ast-global-color-5)","background-image":"","background-repeat":"repeat","background-position":"center center","background-size":"auto","background-attachment":"scroll","background-type":"","background-media":"","overlay-type":"","overlay-color":"","overlay-opacity":"","overlay-gradient":""},"tablet":{"background-color":"var(--ast-global-color-5)","background-image":"","background-repeat":"repeat","background-position":"center center","background-size":"auto","background-attachment":"scroll","background-type":"","background-media":"","overlay-type":"","overlay-color":"","overlay-opacity":"","overlay-gradient":""},"mobile":{"background-color":"var(--ast-global-color-5)","background-image":"","background-repeat":"repeat","background-position":"center center","background-size":"auto","background-attachment":"scroll","background-type":"","background-media":"","overlay-type":"","overlay-color":"","overlay-opacity":"","overlay-gradient":""}},"footnotes":""},"categories":[4],"tags":[9],"class_list":["post-1326","post","type-post","status-publish","format-standard","has-post-thumbnail","hentry","category-boletim-juridico","tag-boletim-juridico-no-02-24-02-2021"],"aioseo_notices":[],"gutentor_comment":0,"uagb_featured_image_src":{"full":["https:\/\/sinicesp.org.br\/wp-content\/uploads\/2021\/09\/boletim-juridico-2021-02d-pequena.jpg",250,167,false],"thumbnail":["https:\/\/sinicesp.org.br\/wp-content\/uploads\/2021\/09\/boletim-juridico-2021-02d-pequena-150x150.jpg",150,150,true],"medium":["https:\/\/sinicesp.org.br\/wp-content\/uploads\/2021\/09\/boletim-juridico-2021-02d-pequena.jpg",250,167,false],"medium_large":["https:\/\/sinicesp.org.br\/wp-content\/uploads\/2021\/09\/boletim-juridico-2021-02d-pequena.jpg",250,167,false],"large":["https:\/\/sinicesp.org.br\/wp-content\/uploads\/2021\/09\/boletim-juridico-2021-02d-pequena.jpg",250,167,false],"1536x1536":["https:\/\/sinicesp.org.br\/wp-content\/uploads\/2021\/09\/boletim-juridico-2021-02d-pequena.jpg",250,167,false],"2048x2048":["https:\/\/sinicesp.org.br\/wp-content\/uploads\/2021\/09\/boletim-juridico-2021-02d-pequena.jpg",250,167,false]},"uagb_author_info":{"display_name":"Rodrigo","author_link":"https:\/\/sinicesp.org.br\/index.php\/author\/sinicesp\/"},"uagb_comment_info":0,"uagb_excerpt":"Embora o contrato tenha sido firmado antes da altera\u00e7\u00e3o legislativa, o colegiado entendeu que o direito ao pagamento deve ter como marco final o in\u00edcio da vig\u00eancia da lei.","_links":{"self":[{"href":"https:\/\/sinicesp.org.br\/index.php\/wp-json\/wp\/v2\/posts\/1326","targetHints":{"allow":["GET"]}}],"collection":[{"href":"https:\/\/sinicesp.org.br\/index.php\/wp-json\/wp\/v2\/posts"}],"about":[{"href":"https:\/\/sinicesp.org.br\/index.php\/wp-json\/wp\/v2\/types\/post"}],"author":[{"embeddable":true,"href":"https:\/\/sinicesp.org.br\/index.php\/wp-json\/wp\/v2\/users\/1"}],"replies":[{"embeddable":true,"href":"https:\/\/sinicesp.org.br\/index.php\/wp-json\/wp\/v2\/comments?post=1326"}],"version-history":[{"count":0,"href":"https:\/\/sinicesp.org.br\/index.php\/wp-json\/wp\/v2\/posts\/1326\/revisions"}],"wp:featuredmedia":[{"embeddable":true,"href":"https:\/\/sinicesp.org.br\/index.php\/wp-json\/wp\/v2\/media\/1327"}],"wp:attachment":[{"href":"https:\/\/sinicesp.org.br\/index.php\/wp-json\/wp\/v2\/media?parent=1326"}],"wp:term":[{"taxonomy":"category","embeddable":true,"href":"https:\/\/sinicesp.org.br\/index.php\/wp-json\/wp\/v2\/categories?post=1326"},{"taxonomy":"post_tag","embeddable":true,"href":"https:\/\/sinicesp.org.br\/index.php\/wp-json\/wp\/v2\/tags?post=1326"}],"curies":[{"name":"wp","href":"https:\/\/api.w.org\/{rel}","templated":true}]}}