{"id":1364,"date":"2021-07-28T10:16:30","date_gmt":"2021-07-28T13:16:30","guid":{"rendered":"http:\/\/sinicesp.org.br\/?p=1364"},"modified":"2021-09-27T10:19:09","modified_gmt":"2021-09-27T13:19:09","slug":"crise-financeira-causada-pela-pandemia-nao-justifica-falta-de-pagamento-de-verbas-rescisorias","status":"publish","type":"post","link":"https:\/\/sinicesp.org.br\/index.php\/2021\/07\/28\/crise-financeira-causada-pela-pandemia-nao-justifica-falta-de-pagamento-de-verbas-rescisorias\/","title":{"rendered":"Crise financeira causada pela pandemia n\u00e3o justifica falta de pagamento de verbas rescis\u00f3rias"},"content":{"rendered":"\n<p><\/p>\n\n\n\n<section class=\"wp-block-uagb-section uagb-section__wrap uagb-section__background-color uagb-block-d984c6a9\"><div class=\"uagb-section__overlay\"><\/div><div class=\"uagb-section__inner-wrap\">\n<div style=\"height:10px\" aria-hidden=\"true\" class=\"wp-block-spacer\"><\/div>\n\n\n\n<div class=\"wp-block-uagb-advanced-heading uagb-block-21527be3\"><h3 class=\"uagb-heading-text\"><strong>Boletim Jur\u00eddico n\u00ba 07\/2021 &#8211; 28\/07\/2021 <\/strong><\/h3><div class=\"uagb-separator-wrap\"><div class=\"uagb-separator\"><\/div><\/div><p class=\"uagb-desc-text\"><\/p><\/div>\n\n\n\n<p><\/p>\n<\/div><\/section>\n\n\n\n<section class=\"wp-block-uagb-section uagb-section__wrap uagb-section__background-color uagb-block-8ad9d800\"><div class=\"uagb-section__overlay\"><\/div><div class=\"uagb-section__inner-wrap\">\n<h2 class=\"has-text-color wp-block-heading\" style=\"color:#0767b1\">Crise financeira causada pela pandemia n\u00e3o justifica falta de pagamento de verbas rescis\u00f3rias<\/h2>\n\n\n\n<p>Uma companhia fornecedora de alimentos preparados para empresas recorreu ao TRT da 2\u00aa Regi\u00e3o contra decis\u00e3o de 1\u00ba grau que a condenou ao pagamento das diferen\u00e7as de verbas rescis\u00f3rias a uma trabalhadora ap\u00f3s o rompimento do contrato. O empregador alegou for\u00e7a maior como motivo da rescis\u00e3o contratual e a crise econ\u00f4mica causada pela pandemia de covid-19 como justificativa pelo n\u00e3o pagamento integral das verbas rescis\u00f3rias. <br><br>No recurso, a empresa pedia a aplica\u00e7\u00e3o da Medida Provis\u00f3ria n\u00ba 927\/2020 e dos artigos 501 e 502 da CLT. O ac\u00f3rd\u00e3o da 6\u00aa Turma, de relatoria do desembargador Antero Arantes Martins, confirmou que, segundo o art. 1\u00ba da MP 927\/2020, o estado de calamidade p\u00fablica constitui hip\u00f3tese de for\u00e7a maior de que trata o art. 501 da CLT. <br><br>&#8220;Entretanto, a situa\u00e7\u00e3o de for\u00e7a maior n\u00e3o autoriza automaticamente a supress\u00e3o de direitos rescis\u00f3rios. \u00c9 preciso que o empregador comprove o enquadramento de sua situa\u00e7\u00e3o f\u00e1tica na hip\u00f3tese capitulada no art. 502 da CLT (extin\u00e7\u00e3o da empresa ou do estabelecimento em que trabalha o empregado), espec\u00edfico para a hip\u00f3tese de ruptura contratual\u201d, afirmou o desembargador-relator. <br><br>O julgado ressaltou que &#8220;n\u00e3o ocorrendo extin\u00e7\u00e3o da empresa ou, ao menos, a extin\u00e7\u00e3o do estabelecimento em que trabalhava o empregado, n\u00e3o \u00e9 poss\u00edvel falar em redu\u00e7\u00e3o de verbas rescis\u00f3rias&#8221;. Tamb\u00e9m afirmou que &#8220;a alegada redu\u00e7\u00e3o das atividades presenciais n\u00e3o implica o reconhecimento imediato de redu\u00e7\u00e3o da atividade empresarial, cabendo \u00e0 r\u00e9 demonstrar a exist\u00eancia de preju\u00edzos devidamente comprovados, n\u00e3o bastando a mera presun\u00e7\u00e3o ou ila\u00e7\u00e3o no sentido de que tais fatos ocorreram&#8221;. <br><br>Assim, o colegiado entendeu que a crise financeira alegada pela empresa n\u00e3o foi suficiente para reduzir os direitos da reclamante e manteve a condena\u00e7\u00e3o determinada na senten\u00e7a. <br><br>(Processo n\u00ba 1001434-35.2020.5.02.0063) <br><br><strong>Fonte:\u00a0<\/strong>TRT2<\/p>\n<\/div><\/section>\n","protected":false},"excerpt":{"rendered":"<p>O estado de calamidade p\u00fablica n\u00e3o autoriza o decr\u00e9scimo de direitos rescis\u00f3rios.<\/p>\n","protected":false},"author":1,"featured_media":1365,"comment_status":"closed","ping_status":"closed","sticky":false,"template":"","format":"standard","meta":{"om_disable_all_campaigns":false,"_uag_custom_page_level_css":"","_monsterinsights_skip_tracking":false,"_monsterinsights_sitenote_active":false,"_monsterinsights_sitenote_note":"","_monsterinsights_sitenote_category":0,"site-sidebar-layout":"default","site-content-layout":"default","ast-site-content-layout":"default","site-content-style":"default","site-sidebar-style":"default","ast-global-header-display":"","ast-banner-title-visibility":"","ast-main-header-display":"","ast-hfb-above-header-display":"","ast-hfb-below-header-display":"","ast-hfb-mobile-header-display":"","site-post-title":"disabled","ast-breadcrumbs-content":"disabled","ast-featured-img":"","footer-sml-layout":"","ast-disable-related-posts":"","theme-transparent-header-meta":"default","adv-header-id-meta":"","stick-header-meta":"","header-above-stick-meta":"","header-main-stick-meta":"","header-below-stick-meta":"","astra-migrate-meta-layouts":"default","ast-page-background-enabled":"default","ast-page-background-meta":{"desktop":{"background-color":"","background-image":"","background-repeat":"repeat","background-position":"center center","background-size":"auto","background-attachment":"scroll","background-type":"","background-media":"","overlay-type":"","overlay-color":"","overlay-opacity":"","overlay-gradient":""},"tablet":{"background-color":"","background-image":"","background-repeat":"repeat","background-position":"center center","background-size":"auto","background-attachment":"scroll","background-type":"","background-media":"","overlay-type":"","overlay-color":"","overlay-opacity":"","overlay-gradient":""},"mobile":{"background-color":"","background-image":"","background-repeat":"repeat","background-position":"center center","background-size":"auto","background-attachment":"scroll","background-type":"","background-media":"","overlay-type":"","overlay-color":"","overlay-opacity":"","overlay-gradient":""}},"ast-content-background-meta":{"desktop":{"background-color":"var(--ast-global-color-5)","background-image":"","background-repeat":"repeat","background-position":"center center","background-size":"auto","background-attachment":"scroll","background-type":"","background-media":"","overlay-type":"","overlay-color":"","overlay-opacity":"","overlay-gradient":""},"tablet":{"background-color":"var(--ast-global-color-5)","background-image":"","background-repeat":"repeat","background-position":"center center","background-size":"auto","background-attachment":"scroll","background-type":"","background-media":"","overlay-type":"","overlay-color":"","overlay-opacity":"","overlay-gradient":""},"mobile":{"background-color":"var(--ast-global-color-5)","background-image":"","background-repeat":"repeat","background-position":"center center","background-size":"auto","background-attachment":"scroll","background-type":"","background-media":"","overlay-type":"","overlay-color":"","overlay-opacity":"","overlay-gradient":""}},"footnotes":""},"categories":[4],"tags":[44],"class_list":["post-1364","post","type-post","status-publish","format-standard","has-post-thumbnail","hentry","category-boletim-juridico","tag-boletim-juridico-no-07-28-07-2021"],"aioseo_notices":[],"gutentor_comment":0,"uagb_featured_image_src":{"full":["https:\/\/sinicesp.org.br\/wp-content\/uploads\/2021\/09\/boletim-juridico-2021-07b-pequena.jpg",250,167,false],"thumbnail":["https:\/\/sinicesp.org.br\/wp-content\/uploads\/2021\/09\/boletim-juridico-2021-07b-pequena-150x150.jpg",150,150,true],"medium":["https:\/\/sinicesp.org.br\/wp-content\/uploads\/2021\/09\/boletim-juridico-2021-07b-pequena.jpg",250,167,false],"medium_large":["https:\/\/sinicesp.org.br\/wp-content\/uploads\/2021\/09\/boletim-juridico-2021-07b-pequena.jpg",250,167,false],"large":["https:\/\/sinicesp.org.br\/wp-content\/uploads\/2021\/09\/boletim-juridico-2021-07b-pequena.jpg",250,167,false],"1536x1536":["https:\/\/sinicesp.org.br\/wp-content\/uploads\/2021\/09\/boletim-juridico-2021-07b-pequena.jpg",250,167,false],"2048x2048":["https:\/\/sinicesp.org.br\/wp-content\/uploads\/2021\/09\/boletim-juridico-2021-07b-pequena.jpg",250,167,false]},"uagb_author_info":{"display_name":"Rodrigo","author_link":"https:\/\/sinicesp.org.br\/index.php\/author\/sinicesp\/"},"uagb_comment_info":0,"uagb_excerpt":"O estado de calamidade p\u00fablica n\u00e3o autoriza o decr\u00e9scimo de direitos rescis\u00f3rios.","_links":{"self":[{"href":"https:\/\/sinicesp.org.br\/index.php\/wp-json\/wp\/v2\/posts\/1364","targetHints":{"allow":["GET"]}}],"collection":[{"href":"https:\/\/sinicesp.org.br\/index.php\/wp-json\/wp\/v2\/posts"}],"about":[{"href":"https:\/\/sinicesp.org.br\/index.php\/wp-json\/wp\/v2\/types\/post"}],"author":[{"embeddable":true,"href":"https:\/\/sinicesp.org.br\/index.php\/wp-json\/wp\/v2\/users\/1"}],"replies":[{"embeddable":true,"href":"https:\/\/sinicesp.org.br\/index.php\/wp-json\/wp\/v2\/comments?post=1364"}],"version-history":[{"count":0,"href":"https:\/\/sinicesp.org.br\/index.php\/wp-json\/wp\/v2\/posts\/1364\/revisions"}],"wp:featuredmedia":[{"embeddable":true,"href":"https:\/\/sinicesp.org.br\/index.php\/wp-json\/wp\/v2\/media\/1365"}],"wp:attachment":[{"href":"https:\/\/sinicesp.org.br\/index.php\/wp-json\/wp\/v2\/media?parent=1364"}],"wp:term":[{"taxonomy":"category","embeddable":true,"href":"https:\/\/sinicesp.org.br\/index.php\/wp-json\/wp\/v2\/categories?post=1364"},{"taxonomy":"post_tag","embeddable":true,"href":"https:\/\/sinicesp.org.br\/index.php\/wp-json\/wp\/v2\/tags?post=1364"}],"curies":[{"name":"wp","href":"https:\/\/api.w.org\/{rel}","templated":true}]}}