{"id":1433,"date":"2021-07-27T16:32:02","date_gmt":"2021-07-27T19:32:02","guid":{"rendered":"http:\/\/sinicesp.org.br\/?p=1433"},"modified":"2023-08-23T14:10:22","modified_gmt":"2023-08-23T17:10:22","slug":"evento-online-marcou-os-30-anos-da-lei-de-cotas","status":"publish","type":"post","link":"https:\/\/sinicesp.org.br\/index.php\/2021\/07\/27\/evento-online-marcou-os-30-anos-da-lei-de-cotas\/","title":{"rendered":"Evento online marcou os 30 anos da Lei de Cotas"},"content":{"rendered":"\n<section class=\"wp-block-uagb-section uagb-section__wrap uagb-section__background-undefined alignfull uagb-block-24252866\"><div class=\"uagb-section__overlay\"><\/div><div class=\"uagb-section__inner-wrap\"><\/div><\/section>\n\n\n\n<section class=\"wp-block-uagb-section uagb-section__wrap uagb-section__background-color uagb-block-21991be8\"><div class=\"uagb-section__overlay\"><\/div><div class=\"uagb-section__inner-wrap\">\n<div style=\"height:10px\" aria-hidden=\"true\" class=\"wp-block-spacer\"><\/div>\n\n\n\n<div class=\"wp-block-uagb-advanced-heading uagb-block-baa430fb\"><h3 class=\"uagb-heading-text\"><strong>\u00daltimas Not\u00edcias n\u00ba 26\/2021 &#8211; 27\/07\/2021 <\/strong><\/h3><div class=\"uagb-separator\"><\/div><\/div>\n\n\n\n<p><\/p>\n<\/div><\/section>\n\n\n\n<section class=\"wp-block-uagb-section uagb-section__wrap uagb-section__background-color uagb-block-6fe81397\"><div class=\"uagb-section__overlay\"><\/div><div class=\"uagb-section__inner-wrap\">\n<h2 class=\"wp-block-heading has-text-align-left has-text-color\" style=\"color:#0767b1\">Evento online marcou os 30 anos da Lei de Cotas<\/h2>\n\n\n\n<p> <\/p>\n\n\n\n<p><\/p>\n\n\n\n<p> <\/p>\n\n\n\n<p>O SINICESP \u00e9 uma das entidades parceiras do evento que comemorou os 30 anos de exist\u00eancia da Lei de Cotas, realizado nos dias 23 e 24 de julho, pela C\u00e2mara Paulista para a Inclus\u00e3o da Pessoa com Defici\u00eancia. <br><br>Para Jos\u00e9 Carlos do Carmo, coordenador da C\u00e2mara Paulista, a exemplo de anos anteriores, foi festejada a exist\u00eancia da lei que \u00e9 considerada como a principal ferramenta para garantir o direito ao trabalho para as pessoas com defici\u00eancia. Segundo ele, neste ano, mais do que nunca \u00e9 fundamental que esfor\u00e7os sejam unidos em defesa da continuidade da exist\u00eancia da Lei de Cotas para a garantia ao direito ao trabalho. <br><br>Para a advogada Caroline Melloni M. do Nascimento Cliber, representante do SINICESP, a comemora\u00e7\u00e3o foi importante para refor\u00e7ar os benef\u00edcios e avan\u00e7os que a legisla\u00e7\u00e3o garante, bem como conscientizar, ainda mais, as empresas. <br><br>O evento foi realizado integralmente de forma online, com a participa\u00e7\u00e3o de institui\u00e7\u00f5es dos setores p\u00fablico e privado, al\u00e9m de apresenta\u00e7\u00f5es art\u00edsticas de pessoas com defici\u00eancia. <br><br>Para rever o evento, basta acessar o link:&nbsp;<strong><a rel=\"noreferrer noopener\" href=\"https:\/\/youtu.be\/IK4ZQmJ5eks\" target=\"_blank\">https:\/\/youtu.be\/IK4ZQmJ5eks<\/a><\/strong>. <br><br><\/p>\n\n\n\n<figure class=\"wp-block-image aligncenter size-full\"><img loading=\"lazy\" decoding=\"async\" width=\"550\" height=\"309\" src=\"https:\/\/sinicesp.org.br\/wp-content\/uploads\/2021\/10\/ultimas-2021-26-interna.jpg\" alt=\"\" class=\"wp-image-1435\" srcset=\"https:\/\/sinicesp.org.br\/wp-content\/uploads\/2021\/10\/ultimas-2021-26-interna.jpg 550w, https:\/\/sinicesp.org.br\/wp-content\/uploads\/2021\/10\/ultimas-2021-26-interna-300x169.jpg 300w\" sizes=\"auto, (max-width: 550px) 100vw, 550px\" \/><\/figure>\n\n\n\n<p><br><br><\/p>\n\n\n\n<p><br><br><\/p>\n<\/div><\/section>\n","protected":false},"excerpt":{"rendered":"<p>O SINICESP \u00e9 uma das entidades parceiras do evento que comemorou os 30 anos de exist\u00eancia da Lei de Cotas, realizado nos dias 23 e 24 de julho, pela C\u00e2mara Paulista para a Inclus\u00e3o da Pessoa com Defici\u00eancia.<\/p>\n","protected":false},"author":2,"featured_media":1434,"comment_status":"closed","ping_status":"closed","sticky":false,"template":"","format":"standard","meta":{"om_disable_all_campaigns":false,"_uag_custom_page_level_css":"","_monsterinsights_skip_tracking":false,"_monsterinsights_sitenote_active":false,"_monsterinsights_sitenote_note":"","_monsterinsights_sitenote_category":0,"site-sidebar-layout":"default","site-content-layout":"plain-container","ast-site-content-layout":"normal-width-container","site-content-style":"unboxed","site-sidebar-style":"unboxed","ast-global-header-display":"","ast-banner-title-visibility":"","ast-main-header-display":"","ast-hfb-above-header-display":"","ast-hfb-below-header-display":"","ast-hfb-mobile-header-display":"","site-post-title":"disabled","ast-breadcrumbs-content":"","ast-featured-img":"disabled","footer-sml-layout":"","ast-disable-related-posts":"","theme-transparent-header-meta":"default","adv-header-id-meta":"","stick-header-meta":"","header-above-stick-meta":"","header-main-stick-meta":"","header-below-stick-meta":"","astra-migrate-meta-layouts":"set","ast-page-background-enabled":"default","ast-page-background-meta":{"desktop":{"background-color":"","background-image":"","background-repeat":"repeat","background-position":"center center","background-size":"auto","background-attachment":"scroll","background-type":"","background-media":"","overlay-type":"","overlay-color":"","overlay-opacity":"","overlay-gradient":""},"tablet":{"background-color":"","background-image":"","background-repeat":"repeat","background-position":"center center","background-size":"auto","background-attachment":"scroll","background-type":"","background-media":"","overlay-type":"","overlay-color":"","overlay-opacity":"","overlay-gradient":""},"mobile":{"background-color":"","background-image":"","background-repeat":"repeat","background-position":"center center","background-size":"auto","background-attachment":"scroll","background-type":"","background-media":"","overlay-type":"","overlay-color":"","overlay-opacity":"","overlay-gradient":""}},"ast-content-background-meta":{"desktop":{"background-color":"var(--ast-global-color-5)","background-image":"","background-repeat":"repeat","background-position":"center center","background-size":"auto","background-attachment":"scroll","background-type":"","background-media":"","overlay-type":"","overlay-color":"","overlay-opacity":"","overlay-gradient":""},"tablet":{"background-color":"var(--ast-global-color-5)","background-image":"","background-repeat":"repeat","background-position":"center center","background-size":"auto","background-attachment":"scroll","background-type":"","background-media":"","overlay-type":"","overlay-color":"","overlay-opacity":"","overlay-gradient":""},"mobile":{"background-color":"var(--ast-global-color-5)","background-image":"","background-repeat":"repeat","background-position":"center center","background-size":"auto","background-attachment":"scroll","background-type":"","background-media":"","overlay-type":"","overlay-color":"","overlay-opacity":"","overlay-gradient":""}},"footnotes":""},"categories":[6],"tags":[60],"class_list":["post-1433","post","type-post","status-publish","format-standard","has-post-thumbnail","hentry","category-ultimas-noticias","tag-ultimas-noticias-no-26-2021-27-07-2021-1632"],"aioseo_notices":[],"gutentor_comment":0,"uagb_featured_image_src":{"full":["https:\/\/sinicesp.org.br\/wp-content\/uploads\/2021\/10\/ultimas-2021-26-pequena.jpg",250,167,false],"thumbnail":["https:\/\/sinicesp.org.br\/wp-content\/uploads\/2021\/10\/ultimas-2021-26-pequena-150x150.jpg",150,150,true],"medium":["https:\/\/sinicesp.org.br\/wp-content\/uploads\/2021\/10\/ultimas-2021-26-pequena.jpg",250,167,false],"medium_large":["https:\/\/sinicesp.org.br\/wp-content\/uploads\/2021\/10\/ultimas-2021-26-pequena.jpg",250,167,false],"large":["https:\/\/sinicesp.org.br\/wp-content\/uploads\/2021\/10\/ultimas-2021-26-pequena.jpg",250,167,false],"1536x1536":["https:\/\/sinicesp.org.br\/wp-content\/uploads\/2021\/10\/ultimas-2021-26-pequena.jpg",250,167,false],"2048x2048":["https:\/\/sinicesp.org.br\/wp-content\/uploads\/2021\/10\/ultimas-2021-26-pequena.jpg",250,167,false]},"uagb_author_info":{"display_name":"Ana Paula Amancio","author_link":"https:\/\/sinicesp.org.br\/index.php\/author\/paula\/"},"uagb_comment_info":0,"uagb_excerpt":"O SINICESP \u00e9 uma das entidades parceiras do evento que comemorou os 30 anos de exist\u00eancia da Lei de Cotas, realizado nos dias 23 e 24 de julho, pela C\u00e2mara Paulista para a Inclus\u00e3o da Pessoa com Defici\u00eancia.","_links":{"self":[{"href":"https:\/\/sinicesp.org.br\/index.php\/wp-json\/wp\/v2\/posts\/1433","targetHints":{"allow":["GET"]}}],"collection":[{"href":"https:\/\/sinicesp.org.br\/index.php\/wp-json\/wp\/v2\/posts"}],"about":[{"href":"https:\/\/sinicesp.org.br\/index.php\/wp-json\/wp\/v2\/types\/post"}],"author":[{"embeddable":true,"href":"https:\/\/sinicesp.org.br\/index.php\/wp-json\/wp\/v2\/users\/2"}],"replies":[{"embeddable":true,"href":"https:\/\/sinicesp.org.br\/index.php\/wp-json\/wp\/v2\/comments?post=1433"}],"version-history":[{"count":0,"href":"https:\/\/sinicesp.org.br\/index.php\/wp-json\/wp\/v2\/posts\/1433\/revisions"}],"wp:featuredmedia":[{"embeddable":true,"href":"https:\/\/sinicesp.org.br\/index.php\/wp-json\/wp\/v2\/media\/1434"}],"wp:attachment":[{"href":"https:\/\/sinicesp.org.br\/index.php\/wp-json\/wp\/v2\/media?parent=1433"}],"wp:term":[{"taxonomy":"category","embeddable":true,"href":"https:\/\/sinicesp.org.br\/index.php\/wp-json\/wp\/v2\/categories?post=1433"},{"taxonomy":"post_tag","embeddable":true,"href":"https:\/\/sinicesp.org.br\/index.php\/wp-json\/wp\/v2\/tags?post=1433"}],"curies":[{"name":"wp","href":"https:\/\/api.w.org\/{rel}","templated":true}]}}