{"id":1485,"date":"2021-09-15T16:10:40","date_gmt":"2021-09-15T19:10:40","guid":{"rendered":"http:\/\/sinicesp.org.br\/?p=1485"},"modified":"2021-10-22T11:49:18","modified_gmt":"2021-10-22T14:49:18","slug":"inclui-pcd-2021-vai-realizar-ciclo-de-palestras-sobre-inclusao-no-mercado-de-trabalho","status":"publish","type":"post","link":"https:\/\/sinicesp.org.br\/index.php\/2021\/09\/15\/inclui-pcd-2021-vai-realizar-ciclo-de-palestras-sobre-inclusao-no-mercado-de-trabalho\/","title":{"rendered":"Inclui PcD 2021 vai realizar ciclo de palestras sobre inclus\u00e3o no mercado de trabalho"},"content":{"rendered":"\n<section class=\"wp-block-uagb-section uagb-section__wrap uagb-section__background-color uagb-block-59499561\"><div class=\"uagb-section__overlay\"><\/div><div class=\"uagb-section__inner-wrap\">\n<div style=\"height:10px\" aria-hidden=\"true\" class=\"wp-block-spacer\"><\/div>\n\n\n\n<div class=\"wp-block-uagb-advanced-heading uagb-block-29a5cfc0\"><h3 class=\"uagb-heading-text\"><strong>Sinimail n\u00ba 27\/2021 &#8211; 15\/09\/2021 <\/strong><\/h3><div class=\"uagb-separator-wrap\"><div class=\"uagb-separator\"><\/div><\/div><p class=\"uagb-desc-text\"><\/p><\/div>\n\n\n\n<p><\/p>\n<\/div><\/section>\n\n\n\n<section class=\"wp-block-uagb-section uagb-section__wrap uagb-section__background-color uagb-block-0b64dd14\"><div class=\"uagb-section__overlay\"><\/div><div class=\"uagb-section__inner-wrap\">\n<h2 class=\"has-text-color wp-block-heading\" style=\"color:#0767b1\">Inclui PcD 2021 vai realizar ciclo de palestras sobre inclus\u00e3o no mercado de trabalho<\/h2>\n\n\n\n<p><\/p>\n\n\n\n<p>Entre os dias 20 e 24 de setembro ser\u00e1 realizada, de forma virtual, mais uma edi\u00e7\u00e3o da Inclui PcD. Por meio de palestras com autoridades e especialistas ser\u00e3o discutidos aspectos da inclus\u00e3o de pessoas com defici\u00eancia no mercado de trabalho. <br><br>Durante as apresenta\u00e7\u00f5es tamb\u00e9m ser\u00e1 poss\u00edvel conhecer as iniciativas de inclus\u00e3o realizadas por empresas brasileiras. As apresenta\u00e7\u00f5es ser\u00e3o transmitidas pelo canal<br><strong><a rel=\"noreferrer noopener\" href=\"https:\/\/www.youtube.com\/user\/Egaliterhe\/videos\" target=\"_blank\">https:\/\/www.youtube.com\/user\/Egaliterhe\/videos<\/a><\/strong>. <br><br>O evento, que tem o apoio do SINICESP, \u00e9 uma realiza\u00e7\u00e3o da Egalit\u00ea Inclus\u00e3o &amp; Diversidade. A programa\u00e7\u00e3o completa das palestras pode ser acessada pelo link&nbsp;<strong><a rel=\"noreferrer noopener\" href=\"https:\/\/www.incluipcd.com.br\/live#programacao\" target=\"_blank\">https:\/\/www.incluipcd.com.br\/live#programacao<\/a><\/strong>. <br><br>A Advogada Caroline Melloni Cliber, do departamento Jur\u00eddico do SINICESP, ir\u00e1 abordar o contexto da opera\u00e7\u00e3o das empresas do SINICESP e o trabalho que foi realizado pelo Sindicato ao longo dos \u00faltimos anos, no setor da constru\u00e7\u00e3o pesada, para promover a inclus\u00e3o de pessoas com defici\u00eancia nas empresas associadas. A apresenta\u00e7\u00e3o ser\u00e1 no dia 20 de setembro, \u00e0s 11h00. <br><br>Para Caroline, as inciativas como as desse encontro s\u00e3o importantes, pois proporcionam a troca de experi\u00eancias entre pessoas que t\u00eam conhecimento em diversos setores e auxiliam as empresas a localizar e contratar profissionais adequados. <\/p>\n\n\n\n<p><br><br><br><br><\/p>\n\n\n\n<p><br><\/p>\n<\/div><\/section>\n","protected":false},"excerpt":{"rendered":"<p>Entre os dias 20 e 24 de setembro ser\u00e1 realizada, de forma virtual, mais uma edi\u00e7\u00e3o da Inclui PcD. Por meio de palestras com autoridades e especialistas ser\u00e3o discutidos aspectos da inclus\u00e3o de pessoas com defici\u00eancia no mercado de trabalho.<\/p>\n","protected":false},"author":2,"featured_media":1486,"comment_status":"closed","ping_status":"closed","sticky":false,"template":"","format":"standard","meta":{"om_disable_all_campaigns":false,"_uag_custom_page_level_css":"","_monsterinsights_skip_tracking":false,"_monsterinsights_sitenote_active":false,"_monsterinsights_sitenote_note":"","_monsterinsights_sitenote_category":0,"site-sidebar-layout":"default","site-content-layout":"default","ast-site-content-layout":"default","site-content-style":"default","site-sidebar-style":"default","ast-global-header-display":"","ast-banner-title-visibility":"","ast-main-header-display":"","ast-hfb-above-header-display":"","ast-hfb-below-header-display":"","ast-hfb-mobile-header-display":"","site-post-title":"disabled","ast-breadcrumbs-content":"disabled","ast-featured-img":"disabled","footer-sml-layout":"","ast-disable-related-posts":"","theme-transparent-header-meta":"default","adv-header-id-meta":"","stick-header-meta":"","header-above-stick-meta":"","header-main-stick-meta":"","header-below-stick-meta":"","astra-migrate-meta-layouts":"default","ast-page-background-enabled":"default","ast-page-background-meta":{"desktop":{"background-color":"","background-image":"","background-repeat":"repeat","background-position":"center center","background-size":"auto","background-attachment":"scroll","background-type":"","background-media":"","overlay-type":"","overlay-color":"","overlay-opacity":"","overlay-gradient":""},"tablet":{"background-color":"","background-image":"","background-repeat":"repeat","background-position":"center center","background-size":"auto","background-attachment":"scroll","background-type":"","background-media":"","overlay-type":"","overlay-color":"","overlay-opacity":"","overlay-gradient":""},"mobile":{"background-color":"","background-image":"","background-repeat":"repeat","background-position":"center center","background-size":"auto","background-attachment":"scroll","background-type":"","background-media":"","overlay-type":"","overlay-color":"","overlay-opacity":"","overlay-gradient":""}},"ast-content-background-meta":{"desktop":{"background-color":"var(--ast-global-color-5)","background-image":"","background-repeat":"repeat","background-position":"center center","background-size":"auto","background-attachment":"scroll","background-type":"","background-media":"","overlay-type":"","overlay-color":"","overlay-opacity":"","overlay-gradient":""},"tablet":{"background-color":"var(--ast-global-color-5)","background-image":"","background-repeat":"repeat","background-position":"center center","background-size":"auto","background-attachment":"scroll","background-type":"","background-media":"","overlay-type":"","overlay-color":"","overlay-opacity":"","overlay-gradient":""},"mobile":{"background-color":"var(--ast-global-color-5)","background-image":"","background-repeat":"repeat","background-position":"center center","background-size":"auto","background-attachment":"scroll","background-type":"","background-media":"","overlay-type":"","overlay-color":"","overlay-opacity":"","overlay-gradient":""}},"footnotes":""},"categories":[3],"tags":[74],"class_list":["post-1485","post","type-post","status-publish","format-standard","has-post-thumbnail","hentry","category-sinimail","tag-sinimail-no-27-2021-15-09-2021-1610"],"aioseo_notices":[],"gutentor_comment":0,"uagb_featured_image_src":{"full":["https:\/\/sinicesp.org.br\/wp-content\/uploads\/2021\/10\/sinimail-2021-27-pequena.jpg",250,167,false],"thumbnail":["https:\/\/sinicesp.org.br\/wp-content\/uploads\/2021\/10\/sinimail-2021-27-pequena-150x150.jpg",150,150,true],"medium":["https:\/\/sinicesp.org.br\/wp-content\/uploads\/2021\/10\/sinimail-2021-27-pequena.jpg",250,167,false],"medium_large":["https:\/\/sinicesp.org.br\/wp-content\/uploads\/2021\/10\/sinimail-2021-27-pequena.jpg",250,167,false],"large":["https:\/\/sinicesp.org.br\/wp-content\/uploads\/2021\/10\/sinimail-2021-27-pequena.jpg",250,167,false],"1536x1536":["https:\/\/sinicesp.org.br\/wp-content\/uploads\/2021\/10\/sinimail-2021-27-pequena.jpg",250,167,false],"2048x2048":["https:\/\/sinicesp.org.br\/wp-content\/uploads\/2021\/10\/sinimail-2021-27-pequena.jpg",250,167,false]},"uagb_author_info":{"display_name":"Ana Paula Amancio","author_link":"https:\/\/sinicesp.org.br\/index.php\/author\/paula\/"},"uagb_comment_info":0,"uagb_excerpt":"Entre os dias 20 e 24 de setembro ser\u00e1 realizada, de forma virtual, mais uma edi\u00e7\u00e3o da Inclui PcD. Por meio de palestras com autoridades e especialistas ser\u00e3o discutidos aspectos da inclus\u00e3o de pessoas com defici\u00eancia no mercado de trabalho.","_links":{"self":[{"href":"https:\/\/sinicesp.org.br\/index.php\/wp-json\/wp\/v2\/posts\/1485","targetHints":{"allow":["GET"]}}],"collection":[{"href":"https:\/\/sinicesp.org.br\/index.php\/wp-json\/wp\/v2\/posts"}],"about":[{"href":"https:\/\/sinicesp.org.br\/index.php\/wp-json\/wp\/v2\/types\/post"}],"author":[{"embeddable":true,"href":"https:\/\/sinicesp.org.br\/index.php\/wp-json\/wp\/v2\/users\/2"}],"replies":[{"embeddable":true,"href":"https:\/\/sinicesp.org.br\/index.php\/wp-json\/wp\/v2\/comments?post=1485"}],"version-history":[{"count":0,"href":"https:\/\/sinicesp.org.br\/index.php\/wp-json\/wp\/v2\/posts\/1485\/revisions"}],"wp:featuredmedia":[{"embeddable":true,"href":"https:\/\/sinicesp.org.br\/index.php\/wp-json\/wp\/v2\/media\/1486"}],"wp:attachment":[{"href":"https:\/\/sinicesp.org.br\/index.php\/wp-json\/wp\/v2\/media?parent=1485"}],"wp:term":[{"taxonomy":"category","embeddable":true,"href":"https:\/\/sinicesp.org.br\/index.php\/wp-json\/wp\/v2\/categories?post=1485"},{"taxonomy":"post_tag","embeddable":true,"href":"https:\/\/sinicesp.org.br\/index.php\/wp-json\/wp\/v2\/tags?post=1485"}],"curies":[{"name":"wp","href":"https:\/\/api.w.org\/{rel}","templated":true}]}}