{"id":1492,"date":"2021-03-18T15:11:12","date_gmt":"2021-03-18T18:11:12","guid":{"rendered":"http:\/\/sinicesp.org.br\/?p=1492"},"modified":"2021-10-23T18:43:24","modified_gmt":"2021-10-23T21:43:24","slug":"acao-de-cadastramento-de-pessoas-com-deficiencia-e-reabilitadas-do-inss","status":"publish","type":"post","link":"https:\/\/sinicesp.org.br\/index.php\/2021\/03\/18\/acao-de-cadastramento-de-pessoas-com-deficiencia-e-reabilitadas-do-inss\/","title":{"rendered":"A\u00e7\u00e3o de Cadastramento de Pessoas com Defici\u00eancia e Reabilitadas do INSS"},"content":{"rendered":"\n<section class=\"wp-block-uagb-section uagb-section__wrap uagb-section__background-color uagb-block-e29af99c\"><div class=\"uagb-section__overlay\"><\/div><div class=\"uagb-section__inner-wrap\">\n<div style=\"height:10px\" aria-hidden=\"true\" class=\"wp-block-spacer\"><\/div>\n\n\n\n<div class=\"wp-block-uagb-advanced-heading uagb-block-c40cda3d\"><h3 class=\"uagb-heading-text\"><strong>Sinimail n\u00ba 07\/2021 &#8211; 18\/03\/2021 <\/strong><\/h3><div class=\"uagb-separator-wrap\"><div class=\"uagb-separator\"><\/div><\/div><p class=\"uagb-desc-text\"><\/p><\/div>\n\n\n\n<p><\/p>\n<\/div><\/section>\n\n\n\n<section class=\"wp-block-uagb-section uagb-section__wrap uagb-section__background-color uagb-block-364424d9\"><div class=\"uagb-section__overlay\"><\/div><div class=\"uagb-section__inner-wrap\">\n<h2 class=\"has-text-color wp-block-heading\" style=\"color:#0767b1\">A\u00e7\u00e3o de Cadastramento de Pessoas com Defici\u00eancia e Reabilitadas do INSS<\/h2>\n\n\n\n<p><\/p>\n\n\n\n<p>O Informamos a todos que, em fun\u00e7\u00e3o da Fase Emergencial, estabelecida para todo o Estado de S\u00e3o Paulo, que imp\u00f5e restri\u00e7\u00f5es de atividades para conten\u00e7\u00e3o da pandemia, a A\u00e7\u00e3o de Cadastramento de Pessoas com Defici\u00eancia e Reabilitadas do INSS (SINICESP), prevista para ocorrer entre os dias 21 de abril e 1\u00ba de maio, ser\u00e1 postergada para nova data a ser comunicada posteriormente. <br><br>Vale ressaltar que o referido cadastramento \u00e9 resultante da assinatura do acordo entre o Sinicesp e a Superintend\u00eancia Regional do Trabalho no Estado de S\u00e3o Paulo, que vai permitir a inclus\u00e3o de pessoas com defici\u00eancia nas empresas do setor da constru\u00e7\u00e3o pesada. <br><br>Por meio da a\u00e7\u00e3o de cadastramento, ser\u00e1 poss\u00edvel a realiza\u00e7\u00e3o de um \u201cpiloto\u201d para as empresas realizarem, sempre que for necess\u00e1rio, a contrata\u00e7\u00e3o de pessoas com defici\u00eancia para atuar em seus escrit\u00f3rios e canteiros de obras. As empresas associadas participantes poder\u00e3o utilizar da base de dados, al\u00e9m de serem capacitadas na metodologia. <br><br>A iniciativa \u00e9 uma das contrapartidas do Acordo de Coopera\u00e7\u00e3o T\u00e9cnica que prev\u00ea metas parciais de contrata\u00e7\u00e3o de pessoas com defici\u00eancia (cumprimento da Lei de Cotas). <br><br>O SINICESP e o Instituto Rumo Inclus\u00e3o continuam dedicados \u00e0 a\u00e7\u00e3o e com v\u00e1rias fases do projeto j\u00e1 alinhadas, aguardando apenas nova agenda para a implementa\u00e7\u00e3o. <br><br>Contamos com a compreens\u00e3o de todos e nos colocamos \u00e0 disposi\u00e7\u00e3o para informa\u00e7\u00f5es pelo telefone (11) 3179-5826.<\/p>\n\n\n\n<p><\/p>\n\n\n\n<p class=\"has-text-align-center\"><br><\/p>\n<\/div><\/section>\n","protected":false},"excerpt":{"rendered":"<p>Informamos a todos que, em fun\u00e7\u00e3o da Fase Emergencial, estabelecida para todo o Estado de S\u00e3o Paulo, que imp\u00f5e restri\u00e7\u00f5es de atividades para conten\u00e7\u00e3o da pandemia, a A\u00e7\u00e3o de Cadastramento de Pessoas com Defici\u00eancia e Reabilitadas do INSS (SINICESP), prevista para ocorrer entre os dias 21 de abril e 1\u00ba de maio, ser\u00e1 postergada para nova data a ser comunicada posteriormente.<\/p>\n","protected":false},"author":2,"featured_media":1493,"comment_status":"closed","ping_status":"closed","sticky":false,"template":"","format":"standard","meta":{"om_disable_all_campaigns":false,"_uag_custom_page_level_css":"","_monsterinsights_skip_tracking":false,"_monsterinsights_sitenote_active":false,"_monsterinsights_sitenote_note":"","_monsterinsights_sitenote_category":0,"site-sidebar-layout":"default","site-content-layout":"default","ast-site-content-layout":"default","site-content-style":"default","site-sidebar-style":"default","ast-global-header-display":"","ast-banner-title-visibility":"","ast-main-header-display":"","ast-hfb-above-header-display":"","ast-hfb-below-header-display":"","ast-hfb-mobile-header-display":"","site-post-title":"disabled","ast-breadcrumbs-content":"disabled","ast-featured-img":"disabled","footer-sml-layout":"","ast-disable-related-posts":"","theme-transparent-header-meta":"default","adv-header-id-meta":"","stick-header-meta":"","header-above-stick-meta":"","header-main-stick-meta":"","header-below-stick-meta":"","astra-migrate-meta-layouts":"default","ast-page-background-enabled":"default","ast-page-background-meta":{"desktop":{"background-color":"","background-image":"","background-repeat":"repeat","background-position":"center center","background-size":"auto","background-attachment":"scroll","background-type":"","background-media":"","overlay-type":"","overlay-color":"","overlay-opacity":"","overlay-gradient":""},"tablet":{"background-color":"","background-image":"","background-repeat":"repeat","background-position":"center center","background-size":"auto","background-attachment":"scroll","background-type":"","background-media":"","overlay-type":"","overlay-color":"","overlay-opacity":"","overlay-gradient":""},"mobile":{"background-color":"","background-image":"","background-repeat":"repeat","background-position":"center center","background-size":"auto","background-attachment":"scroll","background-type":"","background-media":"","overlay-type":"","overlay-color":"","overlay-opacity":"","overlay-gradient":""}},"ast-content-background-meta":{"desktop":{"background-color":"var(--ast-global-color-5)","background-image":"","background-repeat":"repeat","background-position":"center center","background-size":"auto","background-attachment":"scroll","background-type":"","background-media":"","overlay-type":"","overlay-color":"","overlay-opacity":"","overlay-gradient":""},"tablet":{"background-color":"var(--ast-global-color-5)","background-image":"","background-repeat":"repeat","background-position":"center center","background-size":"auto","background-attachment":"scroll","background-type":"","background-media":"","overlay-type":"","overlay-color":"","overlay-opacity":"","overlay-gradient":""},"mobile":{"background-color":"var(--ast-global-color-5)","background-image":"","background-repeat":"repeat","background-position":"center center","background-size":"auto","background-attachment":"scroll","background-type":"","background-media":"","overlay-type":"","overlay-color":"","overlay-opacity":"","overlay-gradient":""}},"footnotes":""},"categories":[3],"tags":[75],"class_list":["post-1492","post","type-post","status-publish","format-standard","has-post-thumbnail","hentry","category-sinimail","tag-sinimail-no-07-2021-18-03-2021-1511"],"aioseo_notices":[],"gutentor_comment":0,"uagb_featured_image_src":{"full":["https:\/\/sinicesp.org.br\/wp-content\/uploads\/2021\/10\/sinimail-2021-07-pequena.jpg",250,167,false],"thumbnail":["https:\/\/sinicesp.org.br\/wp-content\/uploads\/2021\/10\/sinimail-2021-07-pequena-150x150.jpg",150,150,true],"medium":["https:\/\/sinicesp.org.br\/wp-content\/uploads\/2021\/10\/sinimail-2021-07-pequena.jpg",250,167,false],"medium_large":["https:\/\/sinicesp.org.br\/wp-content\/uploads\/2021\/10\/sinimail-2021-07-pequena.jpg",250,167,false],"large":["https:\/\/sinicesp.org.br\/wp-content\/uploads\/2021\/10\/sinimail-2021-07-pequena.jpg",250,167,false],"1536x1536":["https:\/\/sinicesp.org.br\/wp-content\/uploads\/2021\/10\/sinimail-2021-07-pequena.jpg",250,167,false],"2048x2048":["https:\/\/sinicesp.org.br\/wp-content\/uploads\/2021\/10\/sinimail-2021-07-pequena.jpg",250,167,false]},"uagb_author_info":{"display_name":"Ana Paula Amancio","author_link":"https:\/\/sinicesp.org.br\/index.php\/author\/paula\/"},"uagb_comment_info":0,"uagb_excerpt":"Informamos a todos que, em fun\u00e7\u00e3o da Fase Emergencial, estabelecida para todo o Estado de S\u00e3o Paulo, que imp\u00f5e restri\u00e7\u00f5es de atividades para conten\u00e7\u00e3o da pandemia, a A\u00e7\u00e3o de Cadastramento de Pessoas com Defici\u00eancia e Reabilitadas do INSS (SINICESP), prevista para ocorrer entre os dias 21 de abril e 1\u00ba de maio, ser\u00e1 postergada para&hellip;","_links":{"self":[{"href":"https:\/\/sinicesp.org.br\/index.php\/wp-json\/wp\/v2\/posts\/1492","targetHints":{"allow":["GET"]}}],"collection":[{"href":"https:\/\/sinicesp.org.br\/index.php\/wp-json\/wp\/v2\/posts"}],"about":[{"href":"https:\/\/sinicesp.org.br\/index.php\/wp-json\/wp\/v2\/types\/post"}],"author":[{"embeddable":true,"href":"https:\/\/sinicesp.org.br\/index.php\/wp-json\/wp\/v2\/users\/2"}],"replies":[{"embeddable":true,"href":"https:\/\/sinicesp.org.br\/index.php\/wp-json\/wp\/v2\/comments?post=1492"}],"version-history":[{"count":0,"href":"https:\/\/sinicesp.org.br\/index.php\/wp-json\/wp\/v2\/posts\/1492\/revisions"}],"wp:featuredmedia":[{"embeddable":true,"href":"https:\/\/sinicesp.org.br\/index.php\/wp-json\/wp\/v2\/media\/1493"}],"wp:attachment":[{"href":"https:\/\/sinicesp.org.br\/index.php\/wp-json\/wp\/v2\/media?parent=1492"}],"wp:term":[{"taxonomy":"category","embeddable":true,"href":"https:\/\/sinicesp.org.br\/index.php\/wp-json\/wp\/v2\/categories?post=1492"},{"taxonomy":"post_tag","embeddable":true,"href":"https:\/\/sinicesp.org.br\/index.php\/wp-json\/wp\/v2\/tags?post=1492"}],"curies":[{"name":"wp","href":"https:\/\/api.w.org\/{rel}","templated":true}]}}