{"id":1540,"date":"2021-05-15T21:20:02","date_gmt":"2021-05-16T00:20:02","guid":{"rendered":"http:\/\/sinicesp.org.br\/?p=1540"},"modified":"2021-10-26T09:03:44","modified_gmt":"2021-10-26T12:03:44","slug":"der-publica-portaria-de-realinhamento-dos-precos-em-contratos-em-decorrencia-do-aumento-do-asfalto","status":"publish","type":"post","link":"https:\/\/sinicesp.org.br\/index.php\/2021\/05\/15\/der-publica-portaria-de-realinhamento-dos-precos-em-contratos-em-decorrencia-do-aumento-do-asfalto\/","title":{"rendered":"DER Publica portaria de realinhamento dos pre\u00e7os em contratos em decorr\u00eancia do aumento do asfalto"},"content":{"rendered":"\n<section class=\"wp-block-uagb-section uagb-section__wrap uagb-section__background-color uagb-block-1ac718ea\"><div class=\"uagb-section__overlay\"><\/div><div class=\"uagb-section__inner-wrap\">\n<div style=\"height:10px\" aria-hidden=\"true\" class=\"wp-block-spacer\"><\/div>\n\n\n\n<div class=\"wp-block-uagb-advanced-heading uagb-block-e421b20f\"><h3 class=\"uagb-heading-text\"><strong>Sinimail n\u00ba 19\/2021 &#8211; 15\/05\/2021 <\/strong><\/h3><div class=\"uagb-separator-wrap\"><div class=\"uagb-separator\"><\/div><\/div><p class=\"uagb-desc-text\"><\/p><\/div>\n\n\n\n<p><\/p>\n<\/div><\/section>\n\n\n\n<section class=\"wp-block-uagb-section uagb-section__wrap uagb-section__background-color uagb-block-95237a07\"><div class=\"uagb-section__overlay\"><\/div><div class=\"uagb-section__inner-wrap\">\n<h2 class=\"has-text-color wp-block-heading\" style=\"color:#0767b1\">DER Publica portaria de realinhamento dos pre\u00e7os em contratos em decorr\u00eancia do aumento do asfalto<\/h2>\n\n\n\n<p><\/p>\n\n\n\n<p>A publica\u00e7\u00e3o foi realizada na edi\u00e7\u00e3o de s\u00e1bado, dia 15 de maio, no Di\u00e1rio Oficial do Estado de S\u00e3o Paulo, Caderno Poder Executivo- Se\u00e7\u00e3o I p\u00e1ginas 69 e 70, com a defini\u00e7\u00e3o dos crit\u00e9rios para realinhamento de pre\u00e7os em contratos de obras em raz\u00e3o dos reajustes no pre\u00e7o dos materiais asf\u00e1lticos. <br><br><strong>DEPARTAMENTO DE ESTRADAS DE RODAGEM<\/strong> <br><br>Portaria SUP\/DER-83, de 14-5-2021 <br><br>Define os crit\u00e9rios e procedimentos nas demandas de realinhamento de pre\u00e7os em contratos de obras, em raz\u00e3o dos reajustes dos pre\u00e7os de petr\u00f3leo e seus reflexos nos materiais asf\u00e1lticos. (1.3) (2.1) <br><br>O Superintendente do Departamento de Estradas de Rodagem do Estado de S\u00e3o Paulo, de conformidade com o disposto nos incisos IV e VI do Artigo 18 do Regulamento B\u00e1sico do DER, aprovado pelo decreto 26.673 de 28-01-1987, <br><br>Resolve: <br><br>Artigo 1\u00ba &#8211; Definir os crit\u00e9rios para realiza\u00e7\u00e3o do realinhamento de pre\u00e7os dos contratos administrativos, considerando somente os materiais asf\u00e1lticos, tanto nos casos de acr\u00e9scimo quanto nos casos de decr\u00e9scimo de pre\u00e7os, ser\u00e3o enquadrados no artigo 65 da Lei 8.666\/1993 e suas altera\u00e7\u00f5es posteriores. <br><br>A diferen\u00e7a apurada ensejar\u00e1 a elabora\u00e7\u00e3o de um Termo Aditivo e Modificativo espec\u00edfico em conformidade com a al\u00ednea \u201cd\u201d, inciso II do artigo 65 da Lei 8.666\/1993 e suas altera\u00e7\u00f5es posteriores. <br><br>\u00a7 1\u00ba &#8211; N\u00e3o ser\u00e3o objeto desta Portaria os servi\u00e7os executados e medidos anteriores a Janeiro de 2018, data em que a Petrobr\u00e1s alterou a periodicidade dos reajustes e a f\u00f3rmula de pre\u00e7os dos materiais asf\u00e1lticos. <br><br>\u00a7 2\u00ba &#8211; Os efeitos do realinhamento cessam a partir do reajuste contratual imediatamente posterior ao per\u00edodo reivindicado. <br><br>\u00a7 3\u00ba &#8211; A periodicidade m\u00ednima para a an\u00e1lise da solicita\u00e7\u00e3o ser\u00e1 trimestral, contados da assinatura do contrato ou do \u00faltimo reajuste ou do \u00faltimo realinhamento. <br><br>\u00a7 4\u00ba &#8211; Os materiais asf\u00e1lticos estabelecidos nesta Portaria ser\u00e3o: asfaltos dilu\u00eddos, cimentos asf\u00e1lticos de petr\u00f3leo e emuls\u00f5es asf\u00e1lticas. <br><br>\u00a7 5\u00ba &#8211; Os realinhamentos ser\u00e3o solicitados pelo DER em caso de decr\u00e9scimo dos pre\u00e7os dos materiais asf\u00e1lticos, seguindo os mesmos crit\u00e9rios estabelecidos de solicita\u00e7\u00e3o pela contratada nos casos de acr\u00e9scimo dos pre\u00e7os. O DER se reserva o direito de solicitar ao contratado c\u00f3pia das notas fiscais de todos os materiais asf\u00e1lticos empregados na obra. <br><br>Por Parte da Contratada <br><br>Artigo 2\u00ba &#8211; A contratada dever\u00e1 solicitar o realinhamento dos pre\u00e7os dos materiais asf\u00e1lticos nas unidades Regionais do DER. O pleito ser\u00e1 analisado somente ap\u00f3s a formaliza\u00e7\u00e3o do pedido de realinhamento pela contratada. <br><br>\u00a7 1\u00ba- Na sua solicita\u00e7\u00e3o, dever\u00e1 conter al\u00e9m do pedido, os documentos necess\u00e1rios que ser\u00e3o: <br><br>1 &#8211; nota fiscal comprobat\u00f3ria do fornecimento do material asf\u00e1ltico espec\u00edfico em nome da empresa contratada pelo DER\/ SP; <br><br>2 &#8211; comprovante, se necess\u00e1rio, do aumento oriundo da Petrobr\u00e1s; <br><br>3 &#8211; cronograma f\u00edsico demonstrando as aplica\u00e7\u00f5es mensais dos servi\u00e7os pleiteados; <br><br>4 &#8211; cronograma financeiro com a demonstra\u00e7\u00e3o do realinhamento almejado; <br><br>5 &#8211; Dever\u00e1 tamb\u00e9m levar em conta a sua proposta, e os reajustes contratuais por ventura j\u00e1 realizados. <br><br>\u00a7 2\u00ba &#8211; A falta de qualquer documento ensejar\u00e1 a devolu\u00e7\u00e3o do pleito \u00e0 contratada, portanto, n\u00e3o ser\u00e1 concedido o realinhamento dos pre\u00e7os dos materiais asf\u00e1lticos reivindicado pela contratada, at\u00e9 que a mesma complemente a sua solicita\u00e7\u00e3o. <br><br>\u00a7 3\u00ba &#8211; Caso ocorra o realinhamento dos pre\u00e7os dos materiais asf\u00e1lticos, a contratada emitir\u00e1 sua concord\u00e2ncia formal, assinando o termo aditivo, no DER\/SP. <br><br>Por Parte da Contratante <br><br>Artigo 3\u00ba &#8211; Cabe a fiscaliza\u00e7\u00e3o da Diretoria Regional a confer\u00eancia dos dados, a elabora\u00e7\u00e3o dos c\u00e1lculos e do envio do protocolo; <br><br>\u00a7 1\u00ba &#8211; Fica sob sua responsabilidade verificar a documenta\u00e7\u00e3o e se manifestar pela concord\u00e2ncia com os documentos e demonstrativos apresentados pela contratada, tais como: cronograma f\u00edsico, cronograma financeiro, notas fiscais, c\u00e1lculos e sua corre\u00e7\u00e3o, se for o caso, sempre levando em conta a proposta do contratado. <br><br>\u00a72\u00ba &#8211; A Coordenadoria de Pre\u00e7os e Or\u00e7amentos \u2013 CPE da Diretoria de Engenharia, dever\u00e1 efetuar a confer\u00eancia dos dados constantes do protocolo. <br><br>Artigo 4\u00ba &#8211; Demonstra\u00e7\u00e3o do impacto acima do \u00edndice divulgado pela Secretaria da Fazenda do Estado de S\u00e3o Paulo no contrato em andamento em raz\u00e3o da imprevisibilidade dos aumentos nos pre\u00e7os dos materiais asf\u00e1lticos. <br><br>\u00a7 1\u00ba &#8211; O contrato cujo cronograma f\u00edsico tenha apresentado posterga\u00e7\u00e3o ou ritmo inferior, motivado pela proximidade da data de reajustamento ou atraso injustific\u00e1vel, identificado e penalizado pela fiscaliza\u00e7\u00e3o do DER, n\u00e3o sofrer\u00e1 realinhamento com os pre\u00e7os dos materiais asf\u00e1lticos. <br><br>\u00a7 2\u00ba &#8211; N\u00e3o ter\u00e1 o realinhamento dos pre\u00e7os dos materiais asf\u00e1lticos, a contratada que n\u00e3o tenha inserido o valor efetivo do aumento do insumo betuminoso, ocorrido anteriormente a data de entrega de sua proposta na licita\u00e7\u00e3o. <br><br>Artigo 5\u00ba &#8211; Para se calcular o valor referente ao realinhamento dos pre\u00e7os dos materiais asf\u00e1lticos, dever\u00e1 ser preenchidaa planilha de c\u00e1lculo constante no anexo I, constitu\u00edda de 03 situa\u00e7\u00f5es exemplificadas (Antes do 1\u00ba reajuste contratual, depois do 1\u00ba reajuste contratual e depois do 2\u00ba reajuste contratual). <br><br>Artigo 6\u00ba &#8211; A metodologia de c\u00e1lculo encontra-se definida no anexo II. <br><br>Artigo 7\u00ba Os anexos mencionados nesta portaria acha-se disponibilizado no site do DER www.der.sp.gov.br <br><br>Artigo 8\u00ba &#8211; O encaminhamento do TAM seguir\u00e1 a instru\u00e7\u00e3o vigente de execu\u00e7\u00e3o de obras. <br><br>Artigo 9\u00ba &#8211; Ap\u00f3s cadastramento do TAM especifico, o valor objeto do realinhamento dever\u00e1 ser inclu\u00eddo em medi\u00e7\u00e3o. <br><br>Artigo 10 &#8211; Os casos omissos ser\u00e3o objeto de an\u00e1lise e decis\u00e3o da Superintend\u00eancia e\/ou da Comiss\u00e3o por ela institu\u00edda. <br><br>Artigo 11 &#8211; Esta Portaria entra em vigor na data de sua publica\u00e7\u00e3o, com efeitos retroativos ao primeiro dia do m\u00eas de janeiro de 2018, desde que o Termo de Encerramento n\u00e3o esteja lavrado. (referente ao Protocolo DER 1793041\/2019).<\/p>\n\n\n\n<p><\/p>\n\n\n\n<p><\/p>\n\n\n\n<p><\/p>\n\n\n\n<p><br><br><br><br><\/p>\n\n\n\n<p><br><\/p>\n<\/div><\/section>\n","protected":false},"excerpt":{"rendered":"<p>A publica\u00e7\u00e3o foi realizada na edi\u00e7\u00e3o de s\u00e1bado, dia 15 de maio, no Di\u00e1rio Oficial do Estado de S\u00e3o Paulo, Caderno Poder Executivo- Se\u00e7\u00e3o I p\u00e1ginas 69 e 70, com a defini\u00e7\u00e3o dos crit\u00e9rios para realinhamento de pre\u00e7os em contratos de obras em raz\u00e3o dos reajustes no pre\u00e7o dos materiais asf\u00e1lticos.<\/p>\n","protected":false},"author":2,"featured_media":1541,"comment_status":"closed","ping_status":"closed","sticky":false,"template":"","format":"standard","meta":{"om_disable_all_campaigns":false,"_uag_custom_page_level_css":"","_monsterinsights_skip_tracking":false,"_monsterinsights_sitenote_active":false,"_monsterinsights_sitenote_note":"","_monsterinsights_sitenote_category":0,"site-sidebar-layout":"default","site-content-layout":"default","ast-site-content-layout":"default","site-content-style":"default","site-sidebar-style":"default","ast-global-header-display":"","ast-banner-title-visibility":"","ast-main-header-display":"","ast-hfb-above-header-display":"","ast-hfb-below-header-display":"","ast-hfb-mobile-header-display":"","site-post-title":"disabled","ast-breadcrumbs-content":"disabled","ast-featured-img":"disabled","footer-sml-layout":"","ast-disable-related-posts":"","theme-transparent-header-meta":"default","adv-header-id-meta":"","stick-header-meta":"","header-above-stick-meta":"","header-main-stick-meta":"","header-below-stick-meta":"","astra-migrate-meta-layouts":"default","ast-page-background-enabled":"default","ast-page-background-meta":{"desktop":{"background-color":"","background-image":"","background-repeat":"repeat","background-position":"center center","background-size":"auto","background-attachment":"scroll","background-type":"","background-media":"","overlay-type":"","overlay-color":"","overlay-opacity":"","overlay-gradient":""},"tablet":{"background-color":"","background-image":"","background-repeat":"repeat","background-position":"center center","background-size":"auto","background-attachment":"scroll","background-type":"","background-media":"","overlay-type":"","overlay-color":"","overlay-opacity":"","overlay-gradient":""},"mobile":{"background-color":"","background-image":"","background-repeat":"repeat","background-position":"center center","background-size":"auto","background-attachment":"scroll","background-type":"","background-media":"","overlay-type":"","overlay-color":"","overlay-opacity":"","overlay-gradient":""}},"ast-content-background-meta":{"desktop":{"background-color":"var(--ast-global-color-5)","background-image":"","background-repeat":"repeat","background-position":"center center","background-size":"auto","background-attachment":"scroll","background-type":"","background-media":"","overlay-type":"","overlay-color":"","overlay-opacity":"","overlay-gradient":""},"tablet":{"background-color":"var(--ast-global-color-5)","background-image":"","background-repeat":"repeat","background-position":"center center","background-size":"auto","background-attachment":"scroll","background-type":"","background-media":"","overlay-type":"","overlay-color":"","overlay-opacity":"","overlay-gradient":""},"mobile":{"background-color":"var(--ast-global-color-5)","background-image":"","background-repeat":"repeat","background-position":"center center","background-size":"auto","background-attachment":"scroll","background-type":"","background-media":"","overlay-type":"","overlay-color":"","overlay-opacity":"","overlay-gradient":""}},"footnotes":""},"categories":[3],"tags":[90],"class_list":["post-1540","post","type-post","status-publish","format-standard","has-post-thumbnail","hentry","category-sinimail","tag-sinimail-no-19-2021-15-05-2021-2120"],"aioseo_notices":[],"gutentor_comment":0,"uagb_featured_image_src":{"full":["https:\/\/sinicesp.org.br\/wp-content\/uploads\/2021\/10\/sinimail-2021-19-pequena.jpg",250,167,false],"thumbnail":["https:\/\/sinicesp.org.br\/wp-content\/uploads\/2021\/10\/sinimail-2021-19-pequena-150x150.jpg",150,150,true],"medium":["https:\/\/sinicesp.org.br\/wp-content\/uploads\/2021\/10\/sinimail-2021-19-pequena.jpg",250,167,false],"medium_large":["https:\/\/sinicesp.org.br\/wp-content\/uploads\/2021\/10\/sinimail-2021-19-pequena.jpg",250,167,false],"large":["https:\/\/sinicesp.org.br\/wp-content\/uploads\/2021\/10\/sinimail-2021-19-pequena.jpg",250,167,false],"1536x1536":["https:\/\/sinicesp.org.br\/wp-content\/uploads\/2021\/10\/sinimail-2021-19-pequena.jpg",250,167,false],"2048x2048":["https:\/\/sinicesp.org.br\/wp-content\/uploads\/2021\/10\/sinimail-2021-19-pequena.jpg",250,167,false]},"uagb_author_info":{"display_name":"Ana Paula Amancio","author_link":"https:\/\/sinicesp.org.br\/index.php\/author\/paula\/"},"uagb_comment_info":0,"uagb_excerpt":"A publica\u00e7\u00e3o foi realizada na edi\u00e7\u00e3o de s\u00e1bado, dia 15 de maio, no Di\u00e1rio Oficial do Estado de S\u00e3o Paulo, Caderno Poder Executivo- Se\u00e7\u00e3o I p\u00e1ginas 69 e 70, com a defini\u00e7\u00e3o dos crit\u00e9rios para realinhamento de pre\u00e7os em contratos de obras em raz\u00e3o dos reajustes no pre\u00e7o dos materiais asf\u00e1lticos.","_links":{"self":[{"href":"https:\/\/sinicesp.org.br\/index.php\/wp-json\/wp\/v2\/posts\/1540","targetHints":{"allow":["GET"]}}],"collection":[{"href":"https:\/\/sinicesp.org.br\/index.php\/wp-json\/wp\/v2\/posts"}],"about":[{"href":"https:\/\/sinicesp.org.br\/index.php\/wp-json\/wp\/v2\/types\/post"}],"author":[{"embeddable":true,"href":"https:\/\/sinicesp.org.br\/index.php\/wp-json\/wp\/v2\/users\/2"}],"replies":[{"embeddable":true,"href":"https:\/\/sinicesp.org.br\/index.php\/wp-json\/wp\/v2\/comments?post=1540"}],"version-history":[{"count":0,"href":"https:\/\/sinicesp.org.br\/index.php\/wp-json\/wp\/v2\/posts\/1540\/revisions"}],"wp:featuredmedia":[{"embeddable":true,"href":"https:\/\/sinicesp.org.br\/index.php\/wp-json\/wp\/v2\/media\/1541"}],"wp:attachment":[{"href":"https:\/\/sinicesp.org.br\/index.php\/wp-json\/wp\/v2\/media?parent=1540"}],"wp:term":[{"taxonomy":"category","embeddable":true,"href":"https:\/\/sinicesp.org.br\/index.php\/wp-json\/wp\/v2\/categories?post=1540"},{"taxonomy":"post_tag","embeddable":true,"href":"https:\/\/sinicesp.org.br\/index.php\/wp-json\/wp\/v2\/tags?post=1540"}],"curies":[{"name":"wp","href":"https:\/\/api.w.org\/{rel}","templated":true}]}}