{"id":1548,"date":"2021-08-20T12:36:38","date_gmt":"2021-08-20T15:36:38","guid":{"rendered":"http:\/\/sinicesp.org.br\/?p=1548"},"modified":"2021-10-27T12:26:00","modified_gmt":"2021-10-27T15:26:00","slug":"retomada-de-expediente-presencial-no-sinicesp","status":"publish","type":"post","link":"https:\/\/sinicesp.org.br\/index.php\/2021\/08\/20\/retomada-de-expediente-presencial-no-sinicesp\/","title":{"rendered":"Superintendente do DER recebe comitiva do SINICESP"},"content":{"rendered":"\n<section class=\"wp-block-uagb-section uagb-section__wrap uagb-section__background-color uagb-block-bd5bca68\"><div class=\"uagb-section__overlay\"><\/div><div class=\"uagb-section__inner-wrap\">\n<div style=\"height:10px\" aria-hidden=\"true\" class=\"wp-block-spacer\"><\/div>\n\n\n\n<div class=\"wp-block-uagb-advanced-heading uagb-block-c7f580a9\"><h3 class=\"uagb-heading-text\"><strong>Sinimail n\u00ba 26\/2021 &#8211; 20\/08\/2021 <\/strong><\/h3><div class=\"uagb-separator-wrap\"><div class=\"uagb-separator\"><\/div><\/div><p class=\"uagb-desc-text\"><\/p><\/div>\n\n\n\n<p><\/p>\n<\/div><\/section>\n\n\n\n<section class=\"wp-block-uagb-section uagb-section__wrap uagb-section__background-color uagb-block-1092fa42\"><div class=\"uagb-section__overlay\"><\/div><div class=\"uagb-section__inner-wrap\">\n<h2 class=\"has-text-color wp-block-heading\" style=\"color:#0767b1\">Superintendente do DER recebe comitiva do SINICESP<\/h2>\n\n\n\n<p><\/p>\n\n\n\n<p> <\/p>\n\n\n\n<p>Uma comitiva formada por diretores do SINICESP e representantes de empresas do setor da constru\u00e7\u00e3o pesada paulista esteve reunida com o superintendente do DER, Edson Caram. <br><br>Em atendimento a pedido formulado pelo SINICESP, Edson Caram recebeu os integrantes em seu gabinete. No encontro foi poss\u00edvel conversar sobre assuntos relacionados com o programa de obras do DER, que inclui, entre outros itens, as obras de estradas vicinais, manuten\u00e7\u00e3o rodovi\u00e1ria e sinaliza\u00e7\u00e3o. <br><br>Na ocasi\u00e3o, tamb\u00e9m foram discutidos os atuais editais de obras e as exig\u00eancias neles contidas. <br><br>Para o presidente do SINICESP, Luiz Kamilos, o Sindicato atua de forma a ampliar os canais institucionais entre suas empresas associadas e os \u00f3rg\u00e3os contratantes de servi\u00e7os de engenharia. Nesse sentido, a reuni\u00e3o no DER serviu para que as empresas pudessem expor suas necessidades, ao mesmo tempo que permitiu conhecer com mais profundidade os planos do \u00f3rg\u00e3o para a malha rodovi\u00e1ria paulista. <br><br>O encontro com o superintendente foi realizado no dia 19 de agosto e contou com as presen\u00e7as do presidente do SINICESP, Luiz Kamilos, do presidente do Conselho Superior, Carlos Silveira, dos diretores Alberto Bagdade, Silene Walter e Rubens Magnanini e do gerente t\u00e9cnico do SINICESP, Carlos Prado. <br><br>Edson Caram afirmou que o \u00f3rg\u00e3o est\u00e1 de portas abertas para novas reuni\u00f5es e recebimento de demandas do setor da constru\u00e7\u00e3o pesada paulista. <br><br><br><\/p>\n\n\n\n<p><\/p>\n\n\n\n<div class=\"wp-block-image\"><figure class=\"aligncenter size-full\"><img loading=\"lazy\" decoding=\"async\" width=\"489\" height=\"281\" src=\"https:\/\/sinicesp.org.br\/wp-content\/uploads\/2021\/10\/sinimail-2021-26-interna.jpg\" alt=\"\" class=\"wp-image-1553\" srcset=\"https:\/\/sinicesp.org.br\/wp-content\/uploads\/2021\/10\/sinimail-2021-26-interna.jpg 489w, https:\/\/sinicesp.org.br\/wp-content\/uploads\/2021\/10\/sinimail-2021-26-interna-300x172.jpg 300w\" sizes=\"auto, (max-width: 489px) 100vw, 489px\" \/><\/figure><\/div>\n\n\n\n<p><\/p>\n\n\n\n<p><\/p>\n\n\n\n<p><\/p>\n\n\n\n<p><\/p>\n\n\n\n<p><\/p>\n\n\n\n<p><\/p>\n\n\n\n<p><\/p>\n\n\n\n<p><br><br><br><br><\/p>\n\n\n\n<p><br><\/p>\n<\/div><\/section>\n","protected":false},"excerpt":{"rendered":"<p>Em raz\u00e3o da diminui\u00e7\u00e3o cont\u00ednua dos casos de contamina\u00e7\u00e3o por covid-19 em fun\u00e7\u00e3o das medidas adotadas pelas autoridades sanit\u00e1rias, e considerando a aplica\u00e7\u00e3o dos protocolos e da realiza\u00e7\u00e3o das campanhas de imuniza\u00e7\u00e3o, a diretoria do SINICESP comunica a volta do expediente presencial em sua sede, localizada na Avenida Rebou\u00e7as, 3443, em Pinheiros.<\/p>\n","protected":false},"author":2,"featured_media":1552,"comment_status":"closed","ping_status":"closed","sticky":false,"template":"","format":"standard","meta":{"om_disable_all_campaigns":false,"_uag_custom_page_level_css":"","_monsterinsights_skip_tracking":false,"_monsterinsights_sitenote_active":false,"_monsterinsights_sitenote_note":"","_monsterinsights_sitenote_category":0,"site-sidebar-layout":"default","site-content-layout":"default","ast-site-content-layout":"default","site-content-style":"default","site-sidebar-style":"default","ast-global-header-display":"","ast-banner-title-visibility":"","ast-main-header-display":"","ast-hfb-above-header-display":"","ast-hfb-below-header-display":"","ast-hfb-mobile-header-display":"","site-post-title":"disabled","ast-breadcrumbs-content":"disabled","ast-featured-img":"disabled","footer-sml-layout":"","ast-disable-related-posts":"","theme-transparent-header-meta":"default","adv-header-id-meta":"","stick-header-meta":"","header-above-stick-meta":"","header-main-stick-meta":"","header-below-stick-meta":"","astra-migrate-meta-layouts":"default","ast-page-background-enabled":"default","ast-page-background-meta":{"desktop":{"background-color":"","background-image":"","background-repeat":"repeat","background-position":"center center","background-size":"auto","background-attachment":"scroll","background-type":"","background-media":"","overlay-type":"","overlay-color":"","overlay-opacity":"","overlay-gradient":""},"tablet":{"background-color":"","background-image":"","background-repeat":"repeat","background-position":"center center","background-size":"auto","background-attachment":"scroll","background-type":"","background-media":"","overlay-type":"","overlay-color":"","overlay-opacity":"","overlay-gradient":""},"mobile":{"background-color":"","background-image":"","background-repeat":"repeat","background-position":"center center","background-size":"auto","background-attachment":"scroll","background-type":"","background-media":"","overlay-type":"","overlay-color":"","overlay-opacity":"","overlay-gradient":""}},"ast-content-background-meta":{"desktop":{"background-color":"var(--ast-global-color-5)","background-image":"","background-repeat":"repeat","background-position":"center center","background-size":"auto","background-attachment":"scroll","background-type":"","background-media":"","overlay-type":"","overlay-color":"","overlay-opacity":"","overlay-gradient":""},"tablet":{"background-color":"var(--ast-global-color-5)","background-image":"","background-repeat":"repeat","background-position":"center center","background-size":"auto","background-attachment":"scroll","background-type":"","background-media":"","overlay-type":"","overlay-color":"","overlay-opacity":"","overlay-gradient":""},"mobile":{"background-color":"var(--ast-global-color-5)","background-image":"","background-repeat":"repeat","background-position":"center center","background-size":"auto","background-attachment":"scroll","background-type":"","background-media":"","overlay-type":"","overlay-color":"","overlay-opacity":"","overlay-gradient":""}},"footnotes":""},"categories":[3],"tags":[94],"class_list":["post-1548","post","type-post","status-publish","format-standard","has-post-thumbnail","hentry","category-sinimail","tag-sinimail-no-26-2021-20-08-2021-1236"],"aioseo_notices":[],"gutentor_comment":0,"uagb_featured_image_src":{"full":["https:\/\/sinicesp.org.br\/wp-content\/uploads\/2021\/09\/sinimail-2021-26-pequena.jpg",250,167,false],"thumbnail":["https:\/\/sinicesp.org.br\/wp-content\/uploads\/2021\/09\/sinimail-2021-26-pequena-150x150.jpg",150,150,true],"medium":["https:\/\/sinicesp.org.br\/wp-content\/uploads\/2021\/09\/sinimail-2021-26-pequena.jpg",250,167,false],"medium_large":["https:\/\/sinicesp.org.br\/wp-content\/uploads\/2021\/09\/sinimail-2021-26-pequena.jpg",250,167,false],"large":["https:\/\/sinicesp.org.br\/wp-content\/uploads\/2021\/09\/sinimail-2021-26-pequena.jpg",250,167,false],"1536x1536":["https:\/\/sinicesp.org.br\/wp-content\/uploads\/2021\/09\/sinimail-2021-26-pequena.jpg",250,167,false],"2048x2048":["https:\/\/sinicesp.org.br\/wp-content\/uploads\/2021\/09\/sinimail-2021-26-pequena.jpg",250,167,false]},"uagb_author_info":{"display_name":"Ana Paula Amancio","author_link":"https:\/\/sinicesp.org.br\/index.php\/author\/paula\/"},"uagb_comment_info":0,"uagb_excerpt":"Em raz\u00e3o da diminui\u00e7\u00e3o cont\u00ednua dos casos de contamina\u00e7\u00e3o por covid-19 em fun\u00e7\u00e3o das medidas adotadas pelas autoridades sanit\u00e1rias, e considerando a aplica\u00e7\u00e3o dos protocolos e da realiza\u00e7\u00e3o das campanhas de imuniza\u00e7\u00e3o, a diretoria do SINICESP comunica a volta do expediente presencial em sua sede, localizada na Avenida Rebou\u00e7as, 3443, em Pinheiros.","_links":{"self":[{"href":"https:\/\/sinicesp.org.br\/index.php\/wp-json\/wp\/v2\/posts\/1548","targetHints":{"allow":["GET"]}}],"collection":[{"href":"https:\/\/sinicesp.org.br\/index.php\/wp-json\/wp\/v2\/posts"}],"about":[{"href":"https:\/\/sinicesp.org.br\/index.php\/wp-json\/wp\/v2\/types\/post"}],"author":[{"embeddable":true,"href":"https:\/\/sinicesp.org.br\/index.php\/wp-json\/wp\/v2\/users\/2"}],"replies":[{"embeddable":true,"href":"https:\/\/sinicesp.org.br\/index.php\/wp-json\/wp\/v2\/comments?post=1548"}],"version-history":[{"count":0,"href":"https:\/\/sinicesp.org.br\/index.php\/wp-json\/wp\/v2\/posts\/1548\/revisions"}],"wp:featuredmedia":[{"embeddable":true,"href":"https:\/\/sinicesp.org.br\/index.php\/wp-json\/wp\/v2\/media\/1552"}],"wp:attachment":[{"href":"https:\/\/sinicesp.org.br\/index.php\/wp-json\/wp\/v2\/media?parent=1548"}],"wp:term":[{"taxonomy":"category","embeddable":true,"href":"https:\/\/sinicesp.org.br\/index.php\/wp-json\/wp\/v2\/categories?post=1548"},{"taxonomy":"post_tag","embeddable":true,"href":"https:\/\/sinicesp.org.br\/index.php\/wp-json\/wp\/v2\/tags?post=1548"}],"curies":[{"name":"wp","href":"https:\/\/api.w.org\/{rel}","templated":true}]}}