{"id":1662,"date":"2020-01-09T09:06:33","date_gmt":"2020-01-09T12:06:33","guid":{"rendered":"http:\/\/sinicesp.org.br\/?p=1662"},"modified":"2021-11-09T09:07:14","modified_gmt":"2021-11-09T12:07:14","slug":"bolsonaro-sanciona-lei-que-institui-carteira-nacional-do-autista","status":"publish","type":"post","link":"https:\/\/sinicesp.org.br\/index.php\/2020\/01\/09\/bolsonaro-sanciona-lei-que-institui-carteira-nacional-do-autista\/","title":{"rendered":"Bolsonaro sanciona lei que institui carteira nacional do autista"},"content":{"rendered":"\n<section class=\"wp-block-uagb-section uagb-section__wrap uagb-section__background-color uagb-block-81873b87\"><div class=\"uagb-section__overlay\"><\/div><div class=\"uagb-section__inner-wrap\">\n<div style=\"height:10px\" aria-hidden=\"true\" class=\"wp-block-spacer\"><\/div>\n\n\n\n<div class=\"wp-block-uagb-advanced-heading uagb-block-ccf0b0ac\"><h3 class=\"uagb-heading-text\"><strong>Inclus\u00e3o profissional n\u00ba 01\/2020 &#8211; 09\/01\/2020 <\/strong><\/h3><div class=\"uagb-separator-wrap\"><div class=\"uagb-separator\"><\/div><\/div><p class=\"uagb-desc-text\"><\/p><\/div>\n\n\n\n<p><\/p>\n<\/div><\/section>\n\n\n\n<section class=\"wp-block-uagb-section uagb-section__wrap uagb-section__background-color uagb-block-e32d1281\"><div class=\"uagb-section__overlay\"><\/div><div class=\"uagb-section__inner-wrap\">\n<h2 class=\"has-text-color wp-block-heading\" style=\"color:#0767b1\">Bolsonaro sanciona lei que institui carteira nacional do autista<\/h2>\n\n\n\n<p>O presidente Jair Bolsonaro sancionou ontem (8) a lei que institui a Carteira de Identifica\u00e7\u00e3o da Pessoa com Transtorno do Espectro Autista, de expedi\u00e7\u00e3o gratuita. Com o documento, essa popula\u00e7\u00e3o passa a ter prioridade de atendimento em servi\u00e7os p\u00fablicos e privados, em especial nas \u00e1reas de sa\u00fade, educa\u00e7\u00e3o e assist\u00eancia social. <br><br>O Projeto de Lei (PL) 2.573\/2019, que criou a carteira, foi aprovado pelo Congresso Nacional no dia 11 de dezembro do ano passado. A proposta foi apresentada pela deputada federal Rejane Dias (PT-PI) e alterou dispositivos da Lei 12.764, de 2012, que instituiu a Pol\u00edtica Nacional de Prote\u00e7\u00e3o dos Direitos da Pessoa com Transtorno do Espectro Autista. <br><br>O PL ficou conhecido como Lei Romeo Mion, que \u00e9 portador de autismo e filho do apresentador de TV Marcos Mion, um dos principais entusiastas da medida. Em postagem divulgada no Twitter para informar a san\u00e7\u00e3o do projeto, o presidente Jair Bolsonaro aparece em foto ao lado do apresentador e da primeira-dama, Michelle Bolsonaro. <br><br>&#8220;Sancionada hoje a Lei 13.977 (Romeo Mion), que cria Carteira de Identifica\u00e7\u00e3o da Pessoa com Transtorno do Espectro Autista (Ciptea). A referida carteira \u00e9 gratuita e garante prioridade nas \u00e1reas de sa\u00fade, educa\u00e7\u00e3o e assist\u00eancia social&#8221;, escreveu Bolsonaro. A san\u00e7\u00e3o dever\u00e1 ser publicada na edi\u00e7\u00e3o desta quinta-feira (9) do Di\u00e1rio Oficial da Uni\u00e3o. <br><br>A carteira ser\u00e1 expedida pelos \u00f3rg\u00e3os respons\u00e1veis pela execu\u00e7\u00e3o da pol\u00edtica de prote\u00e7\u00e3o dos direitos da pessoa com transtorno do espectro autista dos estados, do Distrito Federal e dos munic\u00edpios, mediante requerimento, acompanhado e relat\u00f3rio m\u00e9dico, com indica\u00e7\u00e3o do c\u00f3digo da Classifica\u00e7\u00e3o Estat\u00edstica Internacional de Doen\u00e7as e Problemas Relacionados \u00e0 Sa\u00fade (CID). <br><br>O Transtorno do Espectro Autista (TEA) \u00e9 uma disfun\u00e7\u00e3o neurol\u00f3gica cujos sintomas englobam diferentes caracter\u00edsticas como a dificuldade de comunica\u00e7\u00e3o por defici\u00eancia no dom\u00ednio da linguagem, a dificuldade de formar o racioc\u00ednio l\u00f3gico, a dificuldade de socializa\u00e7\u00e3o, al\u00e9m de preju\u00edzos a respeito do desenvolvimento de comportamentos restritivos e repetitivos. <br><br><strong>Vetos<\/strong> <br><br>Jair Bolsonaro decidiu vetar dois pontos do PL aprovado no Congresso. Um deles \u00e9 o dispositivo que obrigava os cinemas a reservar uma sess\u00e3o mensal destinada a pessoas com transtorno do espectro autista, devendo a sala de exibi\u00e7\u00e3o oferecer os recursos de acessibilidade necess\u00e1rios. Na justificativa para o veto, o presidente argumentou que o trecho contrariava o interesse p\u00fablico ao tratar sobre obriga\u00e7\u00f5es que j\u00e1 est\u00e3o previstas em outras legisla\u00e7\u00f5es. <br><br>&#8220;Ao determinar que os estabelecimentos de cinema sejam obrigados a reservar uma sess\u00e3o mensal destinada a pessoas com o transtorno do espectro autista, contraria-se o interesse p\u00fablico ao disciplinar mat\u00e9ria an\u00e1loga ao da Medida Provis\u00f3ria n\u00aa 197\/2019, a qual disp\u00f5e que as salas de cinema ter\u00e3o mais um ano para se adequar \u00e0 Lei Brasileira de Inclus\u00e3o (Lei n\u00ba 13.146\/2015), a fim de oferecer a acessibilidade para as pessoas com defici\u00eancia visual e auditiva&#8221;, informou o Pal\u00e1cio do Planalto, em nota distribu\u00edda \u00e0 imprensa. <br><br>Tamb\u00e9m foi vetado o trecho que dava prazo de 180 dias para a regulamenta\u00e7\u00e3o da norma pelo Poder Executivo, estados e munic\u00edpios. A Presid\u00eancia da Rep\u00fablica considerou, nesse caso, que a lei violava o princ\u00edpio da separa\u00e7\u00e3o dos Poderes, j\u00e1 que a regulamenta\u00e7\u00e3o de leis \u00e9 compet\u00eancia privativa do Executivo. <br><br>*Com informa\u00e7\u00f5es da Ag\u00eancia Senado <br><br><strong>Fonte:\u00a0<\/strong>Ag\u00eancia Brasil<\/p>\n<\/div><\/section>\n","protected":false},"excerpt":{"rendered":"<p>Os autistas passam a ter prioridade de atendimento em servi\u00e7os p\u00fablicos e privados.<\/p>\n","protected":false},"author":1,"featured_media":1663,"comment_status":"closed","ping_status":"closed","sticky":false,"template":"","format":"standard","meta":{"om_disable_all_campaigns":false,"_uag_custom_page_level_css":"","_monsterinsights_skip_tracking":false,"_monsterinsights_sitenote_active":false,"_monsterinsights_sitenote_note":"","_monsterinsights_sitenote_category":0,"site-sidebar-layout":"default","site-content-layout":"default","ast-site-content-layout":"default","site-content-style":"default","site-sidebar-style":"default","ast-global-header-display":"","ast-banner-title-visibility":"","ast-main-header-display":"","ast-hfb-above-header-display":"","ast-hfb-below-header-display":"","ast-hfb-mobile-header-display":"","site-post-title":"disabled","ast-breadcrumbs-content":"disabled","ast-featured-img":"disabled","footer-sml-layout":"","ast-disable-related-posts":"","theme-transparent-header-meta":"default","adv-header-id-meta":"","stick-header-meta":"","header-above-stick-meta":"","header-main-stick-meta":"","header-below-stick-meta":"","astra-migrate-meta-layouts":"default","ast-page-background-enabled":"default","ast-page-background-meta":{"desktop":{"background-color":"","background-image":"","background-repeat":"repeat","background-position":"center center","background-size":"auto","background-attachment":"scroll","background-type":"","background-media":"","overlay-type":"","overlay-color":"","overlay-opacity":"","overlay-gradient":""},"tablet":{"background-color":"","background-image":"","background-repeat":"repeat","background-position":"center center","background-size":"auto","background-attachment":"scroll","background-type":"","background-media":"","overlay-type":"","overlay-color":"","overlay-opacity":"","overlay-gradient":""},"mobile":{"background-color":"","background-image":"","background-repeat":"repeat","background-position":"center center","background-size":"auto","background-attachment":"scroll","background-type":"","background-media":"","overlay-type":"","overlay-color":"","overlay-opacity":"","overlay-gradient":""}},"ast-content-background-meta":{"desktop":{"background-color":"var(--ast-global-color-5)","background-image":"","background-repeat":"repeat","background-position":"center center","background-size":"auto","background-attachment":"scroll","background-type":"","background-media":"","overlay-type":"","overlay-color":"","overlay-opacity":"","overlay-gradient":""},"tablet":{"background-color":"var(--ast-global-color-5)","background-image":"","background-repeat":"repeat","background-position":"center center","background-size":"auto","background-attachment":"scroll","background-type":"","background-media":"","overlay-type":"","overlay-color":"","overlay-opacity":"","overlay-gradient":""},"mobile":{"background-color":"var(--ast-global-color-5)","background-image":"","background-repeat":"repeat","background-position":"center center","background-size":"auto","background-attachment":"scroll","background-type":"","background-media":"","overlay-type":"","overlay-color":"","overlay-opacity":"","overlay-gradient":""}},"footnotes":""},"categories":[12],"tags":[15],"class_list":["post-1662","post","type-post","status-publish","format-standard","has-post-thumbnail","hentry","category-inclusao-profissional","tag-noticia"],"aioseo_notices":[],"gutentor_comment":0,"uagb_featured_image_src":{"full":["https:\/\/sinicesp.org.br\/wp-content\/uploads\/2021\/11\/inclusao-2020-01a-pequena.jpg",250,167,false],"thumbnail":["https:\/\/sinicesp.org.br\/wp-content\/uploads\/2021\/11\/inclusao-2020-01a-pequena-150x150.jpg",150,150,true],"medium":["https:\/\/sinicesp.org.br\/wp-content\/uploads\/2021\/11\/inclusao-2020-01a-pequena.jpg",250,167,false],"medium_large":["https:\/\/sinicesp.org.br\/wp-content\/uploads\/2021\/11\/inclusao-2020-01a-pequena.jpg",250,167,false],"large":["https:\/\/sinicesp.org.br\/wp-content\/uploads\/2021\/11\/inclusao-2020-01a-pequena.jpg",250,167,false],"1536x1536":["https:\/\/sinicesp.org.br\/wp-content\/uploads\/2021\/11\/inclusao-2020-01a-pequena.jpg",250,167,false],"2048x2048":["https:\/\/sinicesp.org.br\/wp-content\/uploads\/2021\/11\/inclusao-2020-01a-pequena.jpg",250,167,false]},"uagb_author_info":{"display_name":"Rodrigo","author_link":"https:\/\/sinicesp.org.br\/index.php\/author\/sinicesp\/"},"uagb_comment_info":0,"uagb_excerpt":"Os autistas passam a ter prioridade de atendimento em servi\u00e7os p\u00fablicos e privados.","_links":{"self":[{"href":"https:\/\/sinicesp.org.br\/index.php\/wp-json\/wp\/v2\/posts\/1662","targetHints":{"allow":["GET"]}}],"collection":[{"href":"https:\/\/sinicesp.org.br\/index.php\/wp-json\/wp\/v2\/posts"}],"about":[{"href":"https:\/\/sinicesp.org.br\/index.php\/wp-json\/wp\/v2\/types\/post"}],"author":[{"embeddable":true,"href":"https:\/\/sinicesp.org.br\/index.php\/wp-json\/wp\/v2\/users\/1"}],"replies":[{"embeddable":true,"href":"https:\/\/sinicesp.org.br\/index.php\/wp-json\/wp\/v2\/comments?post=1662"}],"version-history":[{"count":0,"href":"https:\/\/sinicesp.org.br\/index.php\/wp-json\/wp\/v2\/posts\/1662\/revisions"}],"wp:featuredmedia":[{"embeddable":true,"href":"https:\/\/sinicesp.org.br\/index.php\/wp-json\/wp\/v2\/media\/1663"}],"wp:attachment":[{"href":"https:\/\/sinicesp.org.br\/index.php\/wp-json\/wp\/v2\/media?parent=1662"}],"wp:term":[{"taxonomy":"category","embeddable":true,"href":"https:\/\/sinicesp.org.br\/index.php\/wp-json\/wp\/v2\/categories?post=1662"},{"taxonomy":"post_tag","embeddable":true,"href":"https:\/\/sinicesp.org.br\/index.php\/wp-json\/wp\/v2\/tags?post=1662"}],"curies":[{"name":"wp","href":"https:\/\/api.w.org\/{rel}","templated":true}]}}