{"id":1706,"date":"2020-03-15T09:55:06","date_gmt":"2020-03-15T12:55:06","guid":{"rendered":"http:\/\/sinicesp.org.br\/?p=1706"},"modified":"2021-11-11T09:58:45","modified_gmt":"2021-11-11T12:58:45","slug":"conquista-das-pessoas-com-deficiencia-congresso-nacional-derruba-veto-e-amplia-alcance-do-bpc","status":"publish","type":"post","link":"https:\/\/sinicesp.org.br\/index.php\/2020\/03\/15\/conquista-das-pessoas-com-deficiencia-congresso-nacional-derruba-veto-e-amplia-alcance-do-bpc\/","title":{"rendered":"Conquista das pessoas com defici\u00eancia! Congresso Nacional derruba veto e amplia alcance do BPC"},"content":{"rendered":"\n<section class=\"wp-block-uagb-section uagb-section__wrap uagb-section__background-color uagb-block-46fddd5d\"><div class=\"uagb-section__overlay\"><\/div><div class=\"uagb-section__inner-wrap\">\n<div style=\"height:10px\" aria-hidden=\"true\" class=\"wp-block-spacer\"><\/div>\n\n\n\n<div class=\"wp-block-uagb-advanced-heading uagb-block-4b9a547d\"><h3 class=\"uagb-heading-text\"><strong>Inclus\u00e3o profissional n\u00ba 09\/2020 &#8211; 15\/03\/2020 <\/strong><\/h3><div class=\"uagb-separator-wrap\"><div class=\"uagb-separator\"><\/div><\/div><p class=\"uagb-desc-text\"><\/p><\/div>\n\n\n\n<p><\/p>\n<\/div><\/section>\n\n\n\n<section class=\"wp-block-uagb-section uagb-section__wrap uagb-section__background-color uagb-block-f6857c0d\"><div class=\"uagb-section__overlay\"><\/div><div class=\"uagb-section__inner-wrap\">\n<h2 class=\"has-text-color wp-block-heading\" style=\"color:#0767b1\">Conquista das pessoas com defici\u00eancia! Congresso Nacional derruba veto e amplia alcance do BPC<\/h2>\n\n\n\n<p> <\/p>\n\n\n\n<p>Ap\u00f3s cerca de cinco horas de discuss\u00e3o, o veto do presidente Jair Bolsonaro ao projeto que aumenta o limite da renda familiar para recebimento do Benef\u00edcio de Presta\u00e7\u00e3o Continuada (BPC) foi derrubado. A derrubada do veto come\u00e7ou pelo Senado, com 45 votos contr\u00e1rios, contra 14 favor\u00e1veis. Na C\u00e2mara, o veto foi derrubado com 302 votos a 137. A mat\u00e9ria vai \u00e0 promulga\u00e7\u00e3o. <br><br>O BPC \u00e9 um benef\u00edcio assistencial equivalente a um sal\u00e1rio-m\u00ednimo, pago a pessoas com defici\u00eancia e idosos a partir de 65 anos, com at\u00e9 um quarto de sal\u00e1rio m\u00ednimo de renda familiar per capita. A lei aprovada no Congresso e vetada por Bolsonaro alterava exatamente o teto da renda, ampliando o n\u00famero de pessoas aptas a receberem o benef\u00edcio. Com a derrubada do veto, portanto, o pagamento ser\u00e1 feito a fam\u00edlias com at\u00e9 meio sal\u00e1rio m\u00ednimo de renda per capita. <br><br>Contr\u00e1rios \u00e0 derrubada do veto argumentaram que o Brasil passa por uma crise financeira e que o aumento prejudicaria o or\u00e7amento para outras \u00e1reas. At\u00e9 o combate ao coronav\u00edrus foi citado. \u201cDerrubar esse veto \u00e9 acabar com recurso de emendas impositivas e, inclusive, com recursos para combater o coronav\u00edrus. \u00c9 um discurso fora da realidade\u201d, disse o deputado Osmar Terra. At\u00e9 cerca de um m\u00eas atr\u00e1s, Terra era ministro da Cidadania do governo Bolsonaro e chefiava a pasta respons\u00e1vel pelo pagamento de benef\u00edcios como o BPC e o Bolsa Fam\u00edlia. <br><br>Os parlamentares favor\u00e1veis \u00e0 derrubada do veto consideram injusto o Parlamento querer economizar exatamente na hora de ajudar a popula\u00e7\u00e3o pobre. \u201cN\u00e3o \u00e9 poss\u00edvel que o Congresso seja insens\u00edvel a esse apelo. Quando chega na hora do or\u00e7amento para os mais pobres, os que mais precisam, aqueles que t\u00eam pessoas com defici\u00eancia na fam\u00edlia, a\u00ed o governo quer tirar\u201d, disse L\u00eddice da Mata. <br><br><strong>Fonte<\/strong>: Ag\u00eancia Brasil (Por Marcelo Brand\u00e3o) <br><br><\/p>\n\n\n\n<div class=\"wp-block-image\"><figure class=\"aligncenter size-full\"><img loading=\"lazy\" decoding=\"async\" width=\"600\" height=\"317\" src=\"https:\/\/sinicesp.org.br\/wp-content\/uploads\/2021\/11\/inclusao-2020-09a-interna.jpg\" alt=\"\" class=\"wp-image-1708\" srcset=\"https:\/\/sinicesp.org.br\/wp-content\/uploads\/2021\/11\/inclusao-2020-09a-interna.jpg 600w, https:\/\/sinicesp.org.br\/wp-content\/uploads\/2021\/11\/inclusao-2020-09a-interna-300x159.jpg 300w\" sizes=\"auto, (max-width: 600px) 100vw, 600px\" \/><figcaption>Teto do benef\u00edcio passar\u00e1 a meio sal\u00e1rio m\u00ednimo de renda per capita<\/figcaption><\/figure><\/div>\n\n\n\n<p><\/p>\n\n\n\n<p><\/p>\n\n\n\n<p> <br><br><\/p>\n\n\n\n<p> <\/p>\n\n\n\n<p><\/p>\n\n\n\n<p><br><br><\/p>\n<\/div><\/section>\n\n\n\n<p><\/p>\n","protected":false},"excerpt":{"rendered":"<p>Teto do benef\u00edcio passar\u00e1 a meio sal\u00e1rio m\u00ednimo de renda per capita<\/p>\n","protected":false},"author":2,"featured_media":1707,"comment_status":"closed","ping_status":"closed","sticky":false,"template":"","format":"standard","meta":{"om_disable_all_campaigns":false,"_uag_custom_page_level_css":"","_monsterinsights_skip_tracking":false,"_monsterinsights_sitenote_active":false,"_monsterinsights_sitenote_note":"","_monsterinsights_sitenote_category":0,"site-sidebar-layout":"default","site-content-layout":"default","ast-site-content-layout":"default","site-content-style":"default","site-sidebar-style":"default","ast-global-header-display":"","ast-banner-title-visibility":"","ast-main-header-display":"","ast-hfb-above-header-display":"","ast-hfb-below-header-display":"","ast-hfb-mobile-header-display":"","site-post-title":"disabled","ast-breadcrumbs-content":"disabled","ast-featured-img":"disabled","footer-sml-layout":"","ast-disable-related-posts":"","theme-transparent-header-meta":"default","adv-header-id-meta":"","stick-header-meta":"","header-above-stick-meta":"","header-main-stick-meta":"","header-below-stick-meta":"","astra-migrate-meta-layouts":"default","ast-page-background-enabled":"default","ast-page-background-meta":{"desktop":{"background-color":"","background-image":"","background-repeat":"repeat","background-position":"center center","background-size":"auto","background-attachment":"scroll","background-type":"","background-media":"","overlay-type":"","overlay-color":"","overlay-opacity":"","overlay-gradient":""},"tablet":{"background-color":"","background-image":"","background-repeat":"repeat","background-position":"center center","background-size":"auto","background-attachment":"scroll","background-type":"","background-media":"","overlay-type":"","overlay-color":"","overlay-opacity":"","overlay-gradient":""},"mobile":{"background-color":"","background-image":"","background-repeat":"repeat","background-position":"center center","background-size":"auto","background-attachment":"scroll","background-type":"","background-media":"","overlay-type":"","overlay-color":"","overlay-opacity":"","overlay-gradient":""}},"ast-content-background-meta":{"desktop":{"background-color":"var(--ast-global-color-5)","background-image":"","background-repeat":"repeat","background-position":"center center","background-size":"auto","background-attachment":"scroll","background-type":"","background-media":"","overlay-type":"","overlay-color":"","overlay-opacity":"","overlay-gradient":""},"tablet":{"background-color":"var(--ast-global-color-5)","background-image":"","background-repeat":"repeat","background-position":"center center","background-size":"auto","background-attachment":"scroll","background-type":"","background-media":"","overlay-type":"","overlay-color":"","overlay-opacity":"","overlay-gradient":""},"mobile":{"background-color":"var(--ast-global-color-5)","background-image":"","background-repeat":"repeat","background-position":"center center","background-size":"auto","background-attachment":"scroll","background-type":"","background-media":"","overlay-type":"","overlay-color":"","overlay-opacity":"","overlay-gradient":""}},"footnotes":""},"categories":[12],"tags":[15],"class_list":["post-1706","post","type-post","status-publish","format-standard","has-post-thumbnail","hentry","category-inclusao-profissional","tag-noticia"],"aioseo_notices":[],"gutentor_comment":0,"uagb_featured_image_src":{"full":["https:\/\/sinicesp.org.br\/wp-content\/uploads\/2021\/11\/inclusao-2020-09a-pequena.jpg",250,167,false],"thumbnail":["https:\/\/sinicesp.org.br\/wp-content\/uploads\/2021\/11\/inclusao-2020-09a-pequena-150x150.jpg",150,150,true],"medium":["https:\/\/sinicesp.org.br\/wp-content\/uploads\/2021\/11\/inclusao-2020-09a-pequena.jpg",250,167,false],"medium_large":["https:\/\/sinicesp.org.br\/wp-content\/uploads\/2021\/11\/inclusao-2020-09a-pequena.jpg",250,167,false],"large":["https:\/\/sinicesp.org.br\/wp-content\/uploads\/2021\/11\/inclusao-2020-09a-pequena.jpg",250,167,false],"1536x1536":["https:\/\/sinicesp.org.br\/wp-content\/uploads\/2021\/11\/inclusao-2020-09a-pequena.jpg",250,167,false],"2048x2048":["https:\/\/sinicesp.org.br\/wp-content\/uploads\/2021\/11\/inclusao-2020-09a-pequena.jpg",250,167,false]},"uagb_author_info":{"display_name":"Ana Paula Amancio","author_link":"https:\/\/sinicesp.org.br\/index.php\/author\/paula\/"},"uagb_comment_info":0,"uagb_excerpt":"Teto do benef\u00edcio passar\u00e1 a meio sal\u00e1rio m\u00ednimo de renda per capita","_links":{"self":[{"href":"https:\/\/sinicesp.org.br\/index.php\/wp-json\/wp\/v2\/posts\/1706","targetHints":{"allow":["GET"]}}],"collection":[{"href":"https:\/\/sinicesp.org.br\/index.php\/wp-json\/wp\/v2\/posts"}],"about":[{"href":"https:\/\/sinicesp.org.br\/index.php\/wp-json\/wp\/v2\/types\/post"}],"author":[{"embeddable":true,"href":"https:\/\/sinicesp.org.br\/index.php\/wp-json\/wp\/v2\/users\/2"}],"replies":[{"embeddable":true,"href":"https:\/\/sinicesp.org.br\/index.php\/wp-json\/wp\/v2\/comments?post=1706"}],"version-history":[{"count":0,"href":"https:\/\/sinicesp.org.br\/index.php\/wp-json\/wp\/v2\/posts\/1706\/revisions"}],"wp:featuredmedia":[{"embeddable":true,"href":"https:\/\/sinicesp.org.br\/index.php\/wp-json\/wp\/v2\/media\/1707"}],"wp:attachment":[{"href":"https:\/\/sinicesp.org.br\/index.php\/wp-json\/wp\/v2\/media?parent=1706"}],"wp:term":[{"taxonomy":"category","embeddable":true,"href":"https:\/\/sinicesp.org.br\/index.php\/wp-json\/wp\/v2\/categories?post=1706"},{"taxonomy":"post_tag","embeddable":true,"href":"https:\/\/sinicesp.org.br\/index.php\/wp-json\/wp\/v2\/tags?post=1706"}],"curies":[{"name":"wp","href":"https:\/\/api.w.org\/{rel}","templated":true}]}}