{"id":1714,"date":"2020-03-23T10:16:52","date_gmt":"2020-03-23T13:16:52","guid":{"rendered":"http:\/\/sinicesp.org.br\/?p=1714"},"modified":"2021-11-11T10:17:11","modified_gmt":"2021-11-11T13:17:11","slug":"tcu-derruba-liminar-e-permite-ampliacao-do-bpc","status":"publish","type":"post","link":"https:\/\/sinicesp.org.br\/index.php\/2020\/03\/23\/tcu-derruba-liminar-e-permite-ampliacao-do-bpc\/","title":{"rendered":"TCU derruba liminar e permite amplia\u00e7\u00e3o do BPC"},"content":{"rendered":"\n<section class=\"wp-block-uagb-section uagb-section__wrap uagb-section__background-color uagb-block-a03b1d25\"><div class=\"uagb-section__overlay\"><\/div><div class=\"uagb-section__inner-wrap\">\n<div style=\"height:10px\" aria-hidden=\"true\" class=\"wp-block-spacer\"><\/div>\n\n\n\n<div class=\"wp-block-uagb-advanced-heading uagb-block-46a09c70\"><h3 class=\"uagb-heading-text\"><strong>Inclus\u00e3o profissional n\u00ba 12\/2020 &#8211; 23\/03\/2020 <\/strong><\/h3><div class=\"uagb-separator-wrap\"><div class=\"uagb-separator\"><\/div><\/div><p class=\"uagb-desc-text\"><\/p><\/div>\n\n\n\n<p><\/p>\n<\/div><\/section>\n\n\n\n<section class=\"wp-block-uagb-section uagb-section__wrap uagb-section__background-color uagb-block-a023bc69\"><div class=\"uagb-section__overlay\"><\/div><div class=\"uagb-section__inner-wrap\">\n<h2 class=\"has-text-color wp-block-heading\" style=\"color:#0767b1\">TCU derruba liminar e permite amplia\u00e7\u00e3o do BPC<\/h2>\n\n\n\n<p> <\/p>\n\n\n\n<p>O plen\u00e1rio do Tribunal de Contas da Uni\u00e3o decidiu na tarde do dia 18 de mar\u00e7o suspender, por 15 dias, a liminar do ministro do TCU Bruno Dantas que impedia o aumento do Benef\u00edcio de Presta\u00e7\u00e3o Continuada (BPC). <br><br>A decis\u00e3o do tribunal acontece ap\u00f3s um acordo constru\u00eddo entre oposi\u00e7\u00e3o e governo no Congresso. O TCU pede que em 15 dias o Poder Executivo aponte a fonte das receitas para bancar o aumento do n\u00famero de fam\u00edlias que recebem o benef\u00edcio. <br><br>O Congresso ampliou de 1\/4 de sal\u00e1rio m\u00ednimo, para meio sal\u00e1rio m\u00ednimo o limite da renda familiar per capita para idosos e pessoas com defici\u00eancia terem acesso ao benef\u00edcio, o que traria um impacto anual de R$ 20 bilh\u00f5es. <br><br>Deputados e senadores da oposi\u00e7\u00e3o negociaram acordo com governistas sobre a abrang\u00eancia do Benef\u00edcio de Presta\u00e7\u00e3o Continuada. <br><br>A ideia acordada com a oposi\u00e7\u00e3o \u00e9 que sejam criadas situa\u00e7\u00f5es espec\u00edficas para que as fam\u00edlias com meio sal\u00e1rio m\u00ednimo possam receber o BPC, contendo assim o aumento de pessoas a receberem o benef\u00edcio e diminuindo o impacto previsto inicialmente. A decis\u00e3o da liminar de Dantas derrubada pelo TCU era amparada na Lei de Responsabilidade Fiscal (LRF) e em entendimento do pr\u00f3prio TCU de que o Legislativo tem de apontar de onde sair\u00e1 o dinheiro para bancar o impacto fiscal, de R$ 212 bilh\u00f5es em dez anos. A ideia da oposi\u00e7\u00e3o \u00e9 usar o pedido de calamidade p\u00fablica do governo durante a crise com coronav\u00edrus, que permite ampliar as despesas previstas no or\u00e7amento, para manter pelo menos em parte o aumento do BPC. <br><br>Na ter\u00e7a-feira (17), Dantas recebeu deputados da oposi\u00e7\u00e3o para ouvir sugest\u00f5es de uma solu\u00e7\u00e3o negociada em torno do tema. \u201cTratamos com ele do assunto e ele ficou de buscar um caminho junto com os outros ministros para rediscutir a situa\u00e7\u00e3o e n\u00e3o ferir a LRF. A decreta\u00e7\u00e3o de calamidade p\u00fablica pode abrir espa\u00e7os para isso\u201d, disse o l\u00edder da oposi\u00e7\u00e3o na C\u00e2mara, Andr\u00e9 Figueiredo. <br><br>O ministro do TCU disse ao Congresso em Foco que tem o costume de receber um grande n\u00famero de pessoas em seu gabinete. \u201cEstavam l\u00e1 para expor a a\u00e7\u00e3o deles, eu ouvi naturalmente. O resto s\u00e3o negocia\u00e7\u00f5es pol\u00edticas de que eu n\u00e3o participo\u201d, declarou. <br><br><strong>Fonte:\u00a0<\/strong>Congresso em Foco<\/p>\n\n\n\n<p><\/p>\n<\/div><\/section>\n","protected":false},"excerpt":{"rendered":"<p>Os autistas passam a ter prioridade de atendimento em servi\u00e7os p\u00fablicos e privados.<\/p>\n","protected":false},"author":2,"featured_media":1663,"comment_status":"closed","ping_status":"closed","sticky":false,"template":"","format":"standard","meta":{"om_disable_all_campaigns":false,"_uag_custom_page_level_css":"","_monsterinsights_skip_tracking":false,"_monsterinsights_sitenote_active":false,"_monsterinsights_sitenote_note":"","_monsterinsights_sitenote_category":0,"site-sidebar-layout":"default","site-content-layout":"default","ast-site-content-layout":"default","site-content-style":"default","site-sidebar-style":"default","ast-global-header-display":"","ast-banner-title-visibility":"","ast-main-header-display":"","ast-hfb-above-header-display":"","ast-hfb-below-header-display":"","ast-hfb-mobile-header-display":"","site-post-title":"disabled","ast-breadcrumbs-content":"disabled","ast-featured-img":"disabled","footer-sml-layout":"","ast-disable-related-posts":"","theme-transparent-header-meta":"default","adv-header-id-meta":"","stick-header-meta":"","header-above-stick-meta":"","header-main-stick-meta":"","header-below-stick-meta":"","astra-migrate-meta-layouts":"default","ast-page-background-enabled":"default","ast-page-background-meta":{"desktop":{"background-color":"","background-image":"","background-repeat":"repeat","background-position":"center center","background-size":"auto","background-attachment":"scroll","background-type":"","background-media":"","overlay-type":"","overlay-color":"","overlay-opacity":"","overlay-gradient":""},"tablet":{"background-color":"","background-image":"","background-repeat":"repeat","background-position":"center center","background-size":"auto","background-attachment":"scroll","background-type":"","background-media":"","overlay-type":"","overlay-color":"","overlay-opacity":"","overlay-gradient":""},"mobile":{"background-color":"","background-image":"","background-repeat":"repeat","background-position":"center center","background-size":"auto","background-attachment":"scroll","background-type":"","background-media":"","overlay-type":"","overlay-color":"","overlay-opacity":"","overlay-gradient":""}},"ast-content-background-meta":{"desktop":{"background-color":"var(--ast-global-color-5)","background-image":"","background-repeat":"repeat","background-position":"center center","background-size":"auto","background-attachment":"scroll","background-type":"","background-media":"","overlay-type":"","overlay-color":"","overlay-opacity":"","overlay-gradient":""},"tablet":{"background-color":"var(--ast-global-color-5)","background-image":"","background-repeat":"repeat","background-position":"center center","background-size":"auto","background-attachment":"scroll","background-type":"","background-media":"","overlay-type":"","overlay-color":"","overlay-opacity":"","overlay-gradient":""},"mobile":{"background-color":"var(--ast-global-color-5)","background-image":"","background-repeat":"repeat","background-position":"center center","background-size":"auto","background-attachment":"scroll","background-type":"","background-media":"","overlay-type":"","overlay-color":"","overlay-opacity":"","overlay-gradient":""}},"footnotes":""},"categories":[12],"tags":[15],"class_list":["post-1714","post","type-post","status-publish","format-standard","has-post-thumbnail","hentry","category-inclusao-profissional","tag-noticia"],"aioseo_notices":[],"gutentor_comment":0,"uagb_featured_image_src":{"full":["https:\/\/sinicesp.org.br\/wp-content\/uploads\/2021\/11\/inclusao-2020-01a-pequena.jpg",250,167,false],"thumbnail":["https:\/\/sinicesp.org.br\/wp-content\/uploads\/2021\/11\/inclusao-2020-01a-pequena-150x150.jpg",150,150,true],"medium":["https:\/\/sinicesp.org.br\/wp-content\/uploads\/2021\/11\/inclusao-2020-01a-pequena.jpg",250,167,false],"medium_large":["https:\/\/sinicesp.org.br\/wp-content\/uploads\/2021\/11\/inclusao-2020-01a-pequena.jpg",250,167,false],"large":["https:\/\/sinicesp.org.br\/wp-content\/uploads\/2021\/11\/inclusao-2020-01a-pequena.jpg",250,167,false],"1536x1536":["https:\/\/sinicesp.org.br\/wp-content\/uploads\/2021\/11\/inclusao-2020-01a-pequena.jpg",250,167,false],"2048x2048":["https:\/\/sinicesp.org.br\/wp-content\/uploads\/2021\/11\/inclusao-2020-01a-pequena.jpg",250,167,false]},"uagb_author_info":{"display_name":"Ana Paula Amancio","author_link":"https:\/\/sinicesp.org.br\/index.php\/author\/paula\/"},"uagb_comment_info":0,"uagb_excerpt":"Os autistas passam a ter prioridade de atendimento em servi\u00e7os p\u00fablicos e privados.","_links":{"self":[{"href":"https:\/\/sinicesp.org.br\/index.php\/wp-json\/wp\/v2\/posts\/1714","targetHints":{"allow":["GET"]}}],"collection":[{"href":"https:\/\/sinicesp.org.br\/index.php\/wp-json\/wp\/v2\/posts"}],"about":[{"href":"https:\/\/sinicesp.org.br\/index.php\/wp-json\/wp\/v2\/types\/post"}],"author":[{"embeddable":true,"href":"https:\/\/sinicesp.org.br\/index.php\/wp-json\/wp\/v2\/users\/2"}],"replies":[{"embeddable":true,"href":"https:\/\/sinicesp.org.br\/index.php\/wp-json\/wp\/v2\/comments?post=1714"}],"version-history":[{"count":0,"href":"https:\/\/sinicesp.org.br\/index.php\/wp-json\/wp\/v2\/posts\/1714\/revisions"}],"wp:featuredmedia":[{"embeddable":true,"href":"https:\/\/sinicesp.org.br\/index.php\/wp-json\/wp\/v2\/media\/1663"}],"wp:attachment":[{"href":"https:\/\/sinicesp.org.br\/index.php\/wp-json\/wp\/v2\/media?parent=1714"}],"wp:term":[{"taxonomy":"category","embeddable":true,"href":"https:\/\/sinicesp.org.br\/index.php\/wp-json\/wp\/v2\/categories?post=1714"},{"taxonomy":"post_tag","embeddable":true,"href":"https:\/\/sinicesp.org.br\/index.php\/wp-json\/wp\/v2\/tags?post=1714"}],"curies":[{"name":"wp","href":"https:\/\/api.w.org\/{rel}","templated":true}]}}