{"id":1717,"date":"2020-04-03T14:37:39","date_gmt":"2020-04-03T17:37:39","guid":{"rendered":"http:\/\/sinicesp.org.br\/?p=1717"},"modified":"2021-11-11T15:04:43","modified_gmt":"2021-11-11T18:04:43","slug":"lei-sancionada-amplia-o-conselho-municipal-da-pessoa-com-deficiencia","status":"publish","type":"post","link":"https:\/\/sinicesp.org.br\/index.php\/2020\/04\/03\/lei-sancionada-amplia-o-conselho-municipal-da-pessoa-com-deficiencia\/","title":{"rendered":"Lei sancionada amplia o Conselho Municipal da Pessoa com Defici\u00eancia"},"content":{"rendered":"\n<section class=\"wp-block-uagb-section uagb-section__wrap uagb-section__background-color uagb-block-da3b9c39\"><div class=\"uagb-section__overlay\"><\/div><div class=\"uagb-section__inner-wrap\">\n<div style=\"height:10px\" aria-hidden=\"true\" class=\"wp-block-spacer\"><\/div>\n\n\n\n<div class=\"wp-block-uagb-advanced-heading uagb-block-e694f2cd\"><h3 class=\"uagb-heading-text\"><strong>Inclus\u00e3o profissional n\u00ba 13\/2020 &#8211; 03\/04\/2020 <\/strong><\/h3><div class=\"uagb-separator-wrap\"><div class=\"uagb-separator\"><\/div><\/div><p class=\"uagb-desc-text\"><\/p><\/div>\n\n\n\n<p><\/p>\n<\/div><\/section>\n\n\n\n<section class=\"wp-block-uagb-section uagb-section__wrap uagb-section__background-color uagb-block-6e6c6469\"><div class=\"uagb-section__overlay\"><\/div><div class=\"uagb-section__inner-wrap\">\n<h2 class=\"has-text-color wp-block-heading\" style=\"color:#0767b1\">Lei sancionada amplia o Conselho Municipal da Pessoa com Defici\u00eancia<\/h2>\n\n\n\n<p class=\"has-text-align-left\">No \u00faltimo dia 25, o prefeito de S\u00e3o Paulo, Bruno Covas, sancionou a Lei n\u00ba 17.334\/2020, que reestrutura o Conselho Municipal da Pessoa com Defici\u00eancia (CMPD). A medida foi publicada no Di\u00e1rio Oficial da Cidade de S\u00e3o Paulo e amplia de sete para 18 o n\u00famero de integrantes do \u00f3rg\u00e3o. <br><br>Do total de membros, oito ser\u00e3o pessoas com defici\u00eancia, seis representantes do governo municipal \u2013 incluindo as secretarias e subprefeituras \u2013 e quatro integrantes de entidades sem fins lucrativos que trabalham em prol da inclus\u00e3o e dos direitos das pessoas com defici\u00eancia. <br><br>O secret\u00e1rio municipal da Pessoa com Defici\u00eancia, Cid Torquato, participou das articula\u00e7\u00f5es para essa amplia\u00e7\u00e3o, mudan\u00e7as pleiteadas h\u00e1 mais de 15 anos. \u201c\u00c9 uma conquista e uma grande vit\u00f3ria para todos, j\u00e1 que agora o Conselho ter\u00e1 uma representatividade maior, com mais participa\u00e7\u00e3o da sociedade civil, das entidades e de secretarias municipais que s\u00e3o chaves para a amplia\u00e7\u00e3o das pol\u00edticas p\u00fablicas em prol das pessoas com defici\u00eancia\u201d, afirma Torquato. O secret\u00e1rio observa que o novo formato tem fundamento nas diretrizes estabelecidas pela Lei Brasileira de Inclus\u00e3o (n\u00ba 13.146\/2015), que consolidou a legisla\u00e7\u00e3o brasileira sobre os direitos da pessoa com defici\u00eancia, e permitir\u00e1 ao CMPD atuar com maior agilidade e efici\u00eancia na propositura de a\u00e7\u00f5es e pol\u00edticas p\u00fablicas inclusivas. <br><br>O CMPD tem 30 anos de exist\u00eancia. Foi criado pelo Decreto n\u00ba 28.004\/1989 e, posteriormente, pela Lei n\u00ba 11.315\/1992. O \u00f3rg\u00e3o atua na formula\u00e7\u00e3o e acompanhamento de propostas pertinentes \u00e0s pessoas com defici\u00eancia, contribui com a participa\u00e7\u00e3o efetiva das pessoas com defici\u00eancia na vida da cidade e defende seus interesses por todos os meios legais que se fizerem necess\u00e1rios. Entre as contribui\u00e7\u00f5es do CMPD para a cidade de S\u00e3o Paulo, est\u00e3o a garantia de 5% das vagas nos programas de gera\u00e7\u00e3o de emprego e complementa\u00e7\u00e3o de renda \u00e0s pessoas com defici\u00eancia, a cria\u00e7\u00e3o de F\u00f3runs regionais e caravanas de atendimento especialmente direcionadas ao segmento, junto \u00e0s 32 subprefeituras da cidade, e a garantia de que, nas escolas e creches municipais, crian\u00e7as e jovens com defici\u00eancia tenham sua matr\u00edcula e perman\u00eancia asseguradas. <br><br>Para o secret\u00e1rio, no entanto, a maior contribui\u00e7\u00e3o do CMPD \u00e9 pol\u00edtica, no sentido mais amplo e democr\u00e1tico da palavra. \u201cnascido h\u00e1 tr\u00eas d\u00e9cadas, na esteira da Constitui\u00e7\u00e3o de 1988, a Constitui\u00e7\u00e3o Cidad\u00e3, o Conselho tem ajudado a criar uma cultura de igualdade, inclus\u00e3o e n\u00e3o discrimina\u00e7\u00e3o, respeitando o expresso nos artigos 3\u00ba e 5\u00ba da Carta Magna\u201d, completa Torquato. <br><br><a rel=\"noreferrer noopener\" href=\"https:\/\/www.prefeitura.sp.gov.br\/cidade\/secretarias\/upload\/CMPD%20no%20DO.pdf\" target=\"_blank\"><strong>Clique aqui e confira, na \u00edntegra, a Lei que amplia o<br>Conselho Municipal da Pessoa com Defici\u00eancia.<\/strong><\/a> <\/p>\n\n\n\n<p class=\"has-text-align-left\"><br><strong>Fonte:\u00a0<\/strong>C\u00e2mara Paulista para Inclus\u00e3o da Pessoa com Defici\u00eancia                                                                                                                                                                                                      <\/p>\n\n\n\n<p><\/p>\n<\/div><\/section>\n","protected":false},"excerpt":{"rendered":"<p>Prefeito de S\u00e3o Paulo sancionou a Lei n\u00ba 17.334\/2020 que reestrutura o Conselho Municipal da Pessoa com Defici\u00eancia e amplia de 7 para 18 o n\u00famero de integrantes do \u00f3rg\u00e3o.<\/p>\n","protected":false},"author":2,"featured_media":1718,"comment_status":"closed","ping_status":"closed","sticky":false,"template":"","format":"standard","meta":{"om_disable_all_campaigns":false,"_uag_custom_page_level_css":"","_monsterinsights_skip_tracking":false,"_monsterinsights_sitenote_active":false,"_monsterinsights_sitenote_note":"","_monsterinsights_sitenote_category":0,"site-sidebar-layout":"default","site-content-layout":"default","ast-site-content-layout":"default","site-content-style":"default","site-sidebar-style":"default","ast-global-header-display":"","ast-banner-title-visibility":"","ast-main-header-display":"","ast-hfb-above-header-display":"","ast-hfb-below-header-display":"","ast-hfb-mobile-header-display":"","site-post-title":"disabled","ast-breadcrumbs-content":"disabled","ast-featured-img":"disabled","footer-sml-layout":"","ast-disable-related-posts":"","theme-transparent-header-meta":"default","adv-header-id-meta":"","stick-header-meta":"","header-above-stick-meta":"","header-main-stick-meta":"","header-below-stick-meta":"","astra-migrate-meta-layouts":"default","ast-page-background-enabled":"default","ast-page-background-meta":{"desktop":{"background-color":"","background-image":"","background-repeat":"repeat","background-position":"center center","background-size":"auto","background-attachment":"scroll","background-type":"","background-media":"","overlay-type":"","overlay-color":"","overlay-opacity":"","overlay-gradient":""},"tablet":{"background-color":"","background-image":"","background-repeat":"repeat","background-position":"center center","background-size":"auto","background-attachment":"scroll","background-type":"","background-media":"","overlay-type":"","overlay-color":"","overlay-opacity":"","overlay-gradient":""},"mobile":{"background-color":"","background-image":"","background-repeat":"repeat","background-position":"center center","background-size":"auto","background-attachment":"scroll","background-type":"","background-media":"","overlay-type":"","overlay-color":"","overlay-opacity":"","overlay-gradient":""}},"ast-content-background-meta":{"desktop":{"background-color":"var(--ast-global-color-5)","background-image":"","background-repeat":"repeat","background-position":"center center","background-size":"auto","background-attachment":"scroll","background-type":"","background-media":"","overlay-type":"","overlay-color":"","overlay-opacity":"","overlay-gradient":""},"tablet":{"background-color":"var(--ast-global-color-5)","background-image":"","background-repeat":"repeat","background-position":"center center","background-size":"auto","background-attachment":"scroll","background-type":"","background-media":"","overlay-type":"","overlay-color":"","overlay-opacity":"","overlay-gradient":""},"mobile":{"background-color":"var(--ast-global-color-5)","background-image":"","background-repeat":"repeat","background-position":"center center","background-size":"auto","background-attachment":"scroll","background-type":"","background-media":"","overlay-type":"","overlay-color":"","overlay-opacity":"","overlay-gradient":""}},"footnotes":""},"categories":[12],"tags":[15],"class_list":["post-1717","post","type-post","status-publish","format-standard","has-post-thumbnail","hentry","category-inclusao-profissional","tag-noticia"],"aioseo_notices":[],"gutentor_comment":0,"uagb_featured_image_src":{"full":["https:\/\/sinicesp.org.br\/wp-content\/uploads\/2021\/11\/inclusao-2020-13a-pequena.jpg",250,167,false],"thumbnail":["https:\/\/sinicesp.org.br\/wp-content\/uploads\/2021\/11\/inclusao-2020-13a-pequena-150x150.jpg",150,150,true],"medium":["https:\/\/sinicesp.org.br\/wp-content\/uploads\/2021\/11\/inclusao-2020-13a-pequena.jpg",250,167,false],"medium_large":["https:\/\/sinicesp.org.br\/wp-content\/uploads\/2021\/11\/inclusao-2020-13a-pequena.jpg",250,167,false],"large":["https:\/\/sinicesp.org.br\/wp-content\/uploads\/2021\/11\/inclusao-2020-13a-pequena.jpg",250,167,false],"1536x1536":["https:\/\/sinicesp.org.br\/wp-content\/uploads\/2021\/11\/inclusao-2020-13a-pequena.jpg",250,167,false],"2048x2048":["https:\/\/sinicesp.org.br\/wp-content\/uploads\/2021\/11\/inclusao-2020-13a-pequena.jpg",250,167,false]},"uagb_author_info":{"display_name":"Ana Paula Amancio","author_link":"https:\/\/sinicesp.org.br\/index.php\/author\/paula\/"},"uagb_comment_info":0,"uagb_excerpt":"Prefeito de S\u00e3o Paulo sancionou a Lei n\u00ba 17.334\/2020 que reestrutura o Conselho Municipal da Pessoa com Defici\u00eancia e amplia de 7 para 18 o n\u00famero de integrantes do \u00f3rg\u00e3o.","_links":{"self":[{"href":"https:\/\/sinicesp.org.br\/index.php\/wp-json\/wp\/v2\/posts\/1717","targetHints":{"allow":["GET"]}}],"collection":[{"href":"https:\/\/sinicesp.org.br\/index.php\/wp-json\/wp\/v2\/posts"}],"about":[{"href":"https:\/\/sinicesp.org.br\/index.php\/wp-json\/wp\/v2\/types\/post"}],"author":[{"embeddable":true,"href":"https:\/\/sinicesp.org.br\/index.php\/wp-json\/wp\/v2\/users\/2"}],"replies":[{"embeddable":true,"href":"https:\/\/sinicesp.org.br\/index.php\/wp-json\/wp\/v2\/comments?post=1717"}],"version-history":[{"count":0,"href":"https:\/\/sinicesp.org.br\/index.php\/wp-json\/wp\/v2\/posts\/1717\/revisions"}],"wp:featuredmedia":[{"embeddable":true,"href":"https:\/\/sinicesp.org.br\/index.php\/wp-json\/wp\/v2\/media\/1718"}],"wp:attachment":[{"href":"https:\/\/sinicesp.org.br\/index.php\/wp-json\/wp\/v2\/media?parent=1717"}],"wp:term":[{"taxonomy":"category","embeddable":true,"href":"https:\/\/sinicesp.org.br\/index.php\/wp-json\/wp\/v2\/categories?post=1717"},{"taxonomy":"post_tag","embeddable":true,"href":"https:\/\/sinicesp.org.br\/index.php\/wp-json\/wp\/v2\/tags?post=1717"}],"curies":[{"name":"wp","href":"https:\/\/api.w.org\/{rel}","templated":true}]}}