{"id":1745,"date":"2020-06-08T10:04:53","date_gmt":"2020-06-08T13:04:53","guid":{"rendered":"http:\/\/sinicesp.org.br\/?p=1745"},"modified":"2021-11-17T10:05:31","modified_gmt":"2021-11-17T13:05:31","slug":"assista-ao-webinar-com-ceos-pela-inclusao-das-pessoas-com-deficiencia-no-atual-cenario-do-trabalho","status":"publish","type":"post","link":"https:\/\/sinicesp.org.br\/index.php\/2020\/06\/08\/assista-ao-webinar-com-ceos-pela-inclusao-das-pessoas-com-deficiencia-no-atual-cenario-do-trabalho\/","title":{"rendered":"Assista ao webinar com CEOs pela inclus\u00e3o das pessoas com defici\u00eancia no atual cen\u00e1rio do trabalho"},"content":{"rendered":"\n<section class=\"wp-block-uagb-section uagb-section__wrap uagb-section__background-color uagb-block-fe95685b\"><div class=\"uagb-section__overlay\"><\/div><div class=\"uagb-section__inner-wrap\">\n<div style=\"height:10px\" aria-hidden=\"true\" class=\"wp-block-spacer\"><\/div>\n\n\n\n<div class=\"wp-block-uagb-advanced-heading uagb-block-4349ecde\"><h3 class=\"uagb-heading-text\"><strong>Inclus\u00e3o profissional n\u00ba20\/2020 &#8211; 08\/06\/2020 <\/strong><\/h3><div class=\"uagb-separator-wrap\"><div class=\"uagb-separator\"><\/div><\/div><p class=\"uagb-desc-text\"><\/p><\/div>\n\n\n\n<p><\/p>\n<\/div><\/section>\n\n\n\n<section class=\"wp-block-uagb-section uagb-section__wrap uagb-section__background-color uagb-block-70f236f5\"><div class=\"uagb-section__overlay\"><\/div><div class=\"uagb-section__inner-wrap\">\n<h2 class=\"has-text-color wp-block-heading\" style=\"color:#0767b1\">Assista ao webinar com CEOs pela inclus\u00e3o das pessoas com defici\u00eancia no atual cen\u00e1rio do trabalho <br> <\/h2>\n\n\n\n<p><strong><a rel=\"noreferrer noopener\" href=\"https:\/\/youtu.be\/j1ksPFVmXGk\" target=\"_blank\">Clique aqui e assista<\/a><\/strong> <br><br>Comemorando o 8\u00ba anivers\u00e1rio da REIS (criada em 02 de maio de 2012) o 37\u00ba Encontro da REIS promoveu um painel de presidentes integrantes do Conselho de CEOs das companhias nacionais e multinacionais integrantes do grupo diretor da Rede, no \u00faltimo dia 22 de maio. <br><br>Andr\u00e9ia Dutra, CEO Sodexo On-site; Dimitrius de Oliveira, CEO da Atento; Fabio Maceira, CEO da JLL; Fernando Serec, CEO da Tozzini Freire; Luiz S\u00e9rgio, CEO da EY; e Tania Cosentino, CEO da Microsoft compartilharam suas experi\u00eancias sobre o trabalho das pessoas com defici\u00eancia em tempos de crise junto ao Secret\u00e1rio Municipal da pessoa com defici\u00eancia de S\u00e3o Paulo, Cid Torquato. <br><br>Eliane Raniere, representando o grupo diretor, fez a abertura do encontro, com a seguinte fala: <br><br>Bom dia a todos! Uma alegria participar do 37 Encontro da nossa Rede Empresarial de Inclus\u00e3o Social, carinhosamente conhecido pela sigla REIS. <br><br>\u201cEu sou Eliane Ranieri, pessoa com defici\u00eancia e participante da Rede desde sua forma\u00e7\u00e3o. <br><br>A Rede foi fundada em 02 de maio de 2012 no 26\u00ba F\u00f3rum de Empregabilidade da Serasa Experian, que trouxe como palestrante a Debra Perri, Especialista em Inclus\u00e3o de Pessoas com Defici\u00eancias, na Organiza\u00e7\u00e3o Internacional do Trabalho, em Genebra, Su\u00ed\u00e7a. <br><br>Ao longo destes 8 anos, a Rede vem operando com o prop\u00f3sito de reunir empresas interessadas em promover a inclus\u00e3o de pessoas com defici\u00eancia no mercado de trabalho, gerando produtos e disseminando conhecimento relacionado a inclus\u00e3o. <br><br>O modelo de trabalho \u00e9 colaborativo com o apoio de 14 empresas que fazem parte do Grupo Diretor que coordenam os Grupos de Trabalho com o objetivo de criar um ambiente de neg\u00f3cios mais inclusivo para transformar positivamente a vida das pessoas com defici\u00eancia. <br><br>A partir de 2016, a Rede lan\u00e7ou o Pacto pela Inclus\u00e3o junto com a OIT, implementou a Sistematiza\u00e7\u00e3o de Indicadores de Inclus\u00e3o de Pessoas com Defici\u00eancia, em parceria com Instituto Ethos e com Revista Exame, e criou o N\u00facleo de CEOs REIS, para fortalecer os prop\u00f3sitos e a\u00e7\u00f5es da Rede. Alguns destes CEOs est\u00e3o participando neste Webinar hoje. Muito obrigada. <br><br>Passo a palavra agora para a Ivone.\u201d <br><br>Ivone Santana destacou o encontro hist\u00f3rico que reuniu a alta lideran\u00e7a para falar do Futuro do trabalho e a inclus\u00e3o das pessoas com defici\u00eancia junto ao poder p\u00fablico. Raniere trouxe o hist\u00f3rico da REIS e Santana agradeceu aos palestrantes, assim como aos parceiros K&amp;K LIBRAS e Ktalise, que apoiam a REIS com interpreta\u00e7\u00e3o em Libras e audiodescri\u00e7\u00e3o. Destacou tamb\u00e9m que o tema escolhido se deveu ao cen\u00e1rio sem precedentes que o mundo est\u00e1 vivenciando. \u00c9 o cen\u00e1rio que se configura como o \u2018novo normal\u2019, apontou Ivone. <br><br>\u201cHoje, mais do que nunca, a REIS tem um papel fundamental de seguir trabalhando em intensificar a formula\u00e7\u00e3o de projetos e de ideias junto a Secretaria, para juntos defendermos os direitos das pessoas com defici\u00eancia pois poder\u00e1 haver amea\u00e7as n\u00e3o s\u00f3 econ\u00f4micas, mas sociais em rela\u00e7\u00e3o \u00e0 Lei de Cotas\u201d, disse Secret\u00e1rio Municipal da pessoa com defici\u00eancia, Cid Torquato. Ele destacou uma janela de oportunidades nesse mundo virtual, pois segundo ele, a tecnologia permite igualar as pessoas, e isso ajuda a minimizar o preconceito contra as pessoas com defici\u00eancia, e n\u00f3s temos a tarefa de promover o protagonismo delas. <br><br>A modera\u00e7\u00e3o do webinar esteve a cargo da s\u00f3cia-executiva da TozziniFreire, Maria Elisa Verri, que conduziu a conversa com perguntas dirigidas a cada um dos seis l\u00edderes empresariais, sobre como est\u00e1 se posicionando sua empresa frente ao cen\u00e1rio de isolamento, solicitando suas reflex\u00f5es do trabalho das pessoas com defici\u00eancia durante e p\u00f3s pandemia. Para finalizar, Djalma Scartezini, tamb\u00e9m representando o grupo diretor da REIS, agradeceu a todos os palestrantes, participantes, e ao grupo diretor da REIS que atrav\u00e9s de seus grupos de trabalho fazem poss\u00edvel estes encontros. <br><br><strong>Sobre a REIS<\/strong> <br><br>Com 8 anos de atua\u00e7\u00e3o sistem\u00e1tica, a Rede Empresarial de Inclus\u00e3o Social, conhecida como REIS, \u00e9 um movimento de gestores de empresas nacionais e multinacionais que atuam no Brasil e que re\u00fane mais de 100 empresas. Em sua governan\u00e7a, conta com uma secretaria executiva, Conselho de CEOs e grupo diretor, formado por representantes das empresas Accenture, Atento, Carrefour, EY, IBM, JLL, Microsoft, Natura, RD, Serasa Experian, Sodexo, Telef\u00f4nica Vivo, TozziniFreire Advogados, United Health Group. Conhe\u00e7a mais no site www.redeempresarial.com.br <br><br><strong>Fonte:<\/strong>\u00a0C\u00e2mara Paulista para Inclus\u00e3o da Pessoa com Defici\u00eancia<\/p>\n\n\n\n<p><\/p>\n\n\n\n<p><\/p>\n\n\n\n<p><\/p>\n<\/div><\/section>\n","protected":false},"excerpt":{"rendered":"<p>Comemorando o 8\u00ba anivers\u00e1rio da REIS (criada em 02 de maio de 2012) o 37\u00ba Encontro da REIS promoveu um painel de presidentes integrantes do Conselho de CEOs das companhias nacionais e multinacionais integrantes do grupo diretor da Rede, no \u00faltimo dia 22 de maio.<\/p>\n","protected":false},"author":2,"featured_media":1746,"comment_status":"closed","ping_status":"closed","sticky":false,"template":"","format":"standard","meta":{"om_disable_all_campaigns":false,"_uag_custom_page_level_css":"","_monsterinsights_skip_tracking":false,"_monsterinsights_sitenote_active":false,"_monsterinsights_sitenote_note":"","_monsterinsights_sitenote_category":0,"site-sidebar-layout":"default","site-content-layout":"default","ast-site-content-layout":"default","site-content-style":"default","site-sidebar-style":"default","ast-global-header-display":"","ast-banner-title-visibility":"","ast-main-header-display":"","ast-hfb-above-header-display":"","ast-hfb-below-header-display":"","ast-hfb-mobile-header-display":"","site-post-title":"disabled","ast-breadcrumbs-content":"disabled","ast-featured-img":"disabled","footer-sml-layout":"","ast-disable-related-posts":"","theme-transparent-header-meta":"default","adv-header-id-meta":"","stick-header-meta":"","header-above-stick-meta":"","header-main-stick-meta":"","header-below-stick-meta":"","astra-migrate-meta-layouts":"default","ast-page-background-enabled":"default","ast-page-background-meta":{"desktop":{"background-color":"","background-image":"","background-repeat":"repeat","background-position":"center center","background-size":"auto","background-attachment":"scroll","background-type":"","background-media":"","overlay-type":"","overlay-color":"","overlay-opacity":"","overlay-gradient":""},"tablet":{"background-color":"","background-image":"","background-repeat":"repeat","background-position":"center center","background-size":"auto","background-attachment":"scroll","background-type":"","background-media":"","overlay-type":"","overlay-color":"","overlay-opacity":"","overlay-gradient":""},"mobile":{"background-color":"","background-image":"","background-repeat":"repeat","background-position":"center center","background-size":"auto","background-attachment":"scroll","background-type":"","background-media":"","overlay-type":"","overlay-color":"","overlay-opacity":"","overlay-gradient":""}},"ast-content-background-meta":{"desktop":{"background-color":"var(--ast-global-color-5)","background-image":"","background-repeat":"repeat","background-position":"center center","background-size":"auto","background-attachment":"scroll","background-type":"","background-media":"","overlay-type":"","overlay-color":"","overlay-opacity":"","overlay-gradient":""},"tablet":{"background-color":"var(--ast-global-color-5)","background-image":"","background-repeat":"repeat","background-position":"center center","background-size":"auto","background-attachment":"scroll","background-type":"","background-media":"","overlay-type":"","overlay-color":"","overlay-opacity":"","overlay-gradient":""},"mobile":{"background-color":"var(--ast-global-color-5)","background-image":"","background-repeat":"repeat","background-position":"center center","background-size":"auto","background-attachment":"scroll","background-type":"","background-media":"","overlay-type":"","overlay-color":"","overlay-opacity":"","overlay-gradient":""}},"footnotes":""},"categories":[12],"tags":[15],"class_list":["post-1745","post","type-post","status-publish","format-standard","has-post-thumbnail","hentry","category-inclusao-profissional","tag-noticia"],"aioseo_notices":[],"gutentor_comment":0,"uagb_featured_image_src":{"full":["https:\/\/sinicesp.org.br\/wp-content\/uploads\/2021\/11\/inclusao-2020-20a-pequena.jpg",250,167,false],"thumbnail":["https:\/\/sinicesp.org.br\/wp-content\/uploads\/2021\/11\/inclusao-2020-20a-pequena-150x150.jpg",150,150,true],"medium":["https:\/\/sinicesp.org.br\/wp-content\/uploads\/2021\/11\/inclusao-2020-20a-pequena.jpg",250,167,false],"medium_large":["https:\/\/sinicesp.org.br\/wp-content\/uploads\/2021\/11\/inclusao-2020-20a-pequena.jpg",250,167,false],"large":["https:\/\/sinicesp.org.br\/wp-content\/uploads\/2021\/11\/inclusao-2020-20a-pequena.jpg",250,167,false],"1536x1536":["https:\/\/sinicesp.org.br\/wp-content\/uploads\/2021\/11\/inclusao-2020-20a-pequena.jpg",250,167,false],"2048x2048":["https:\/\/sinicesp.org.br\/wp-content\/uploads\/2021\/11\/inclusao-2020-20a-pequena.jpg",250,167,false]},"uagb_author_info":{"display_name":"Ana Paula Amancio","author_link":"https:\/\/sinicesp.org.br\/index.php\/author\/paula\/"},"uagb_comment_info":0,"uagb_excerpt":"Comemorando o 8\u00ba anivers\u00e1rio da REIS (criada em 02 de maio de 2012) o 37\u00ba Encontro da REIS promoveu um painel de presidentes integrantes do Conselho de CEOs das companhias nacionais e multinacionais integrantes do grupo diretor da Rede, no \u00faltimo dia 22 de maio.","_links":{"self":[{"href":"https:\/\/sinicesp.org.br\/index.php\/wp-json\/wp\/v2\/posts\/1745","targetHints":{"allow":["GET"]}}],"collection":[{"href":"https:\/\/sinicesp.org.br\/index.php\/wp-json\/wp\/v2\/posts"}],"about":[{"href":"https:\/\/sinicesp.org.br\/index.php\/wp-json\/wp\/v2\/types\/post"}],"author":[{"embeddable":true,"href":"https:\/\/sinicesp.org.br\/index.php\/wp-json\/wp\/v2\/users\/2"}],"replies":[{"embeddable":true,"href":"https:\/\/sinicesp.org.br\/index.php\/wp-json\/wp\/v2\/comments?post=1745"}],"version-history":[{"count":0,"href":"https:\/\/sinicesp.org.br\/index.php\/wp-json\/wp\/v2\/posts\/1745\/revisions"}],"wp:featuredmedia":[{"embeddable":true,"href":"https:\/\/sinicesp.org.br\/index.php\/wp-json\/wp\/v2\/media\/1746"}],"wp:attachment":[{"href":"https:\/\/sinicesp.org.br\/index.php\/wp-json\/wp\/v2\/media?parent=1745"}],"wp:term":[{"taxonomy":"category","embeddable":true,"href":"https:\/\/sinicesp.org.br\/index.php\/wp-json\/wp\/v2\/categories?post=1745"},{"taxonomy":"post_tag","embeddable":true,"href":"https:\/\/sinicesp.org.br\/index.php\/wp-json\/wp\/v2\/tags?post=1745"}],"curies":[{"name":"wp","href":"https:\/\/api.w.org\/{rel}","templated":true}]}}