{"id":1754,"date":"2020-06-17T10:27:06","date_gmt":"2020-06-17T13:27:06","guid":{"rendered":"http:\/\/sinicesp.org.br\/?p=1754"},"modified":"2021-11-17T14:28:19","modified_gmt":"2021-11-17T17:28:19","slug":"pesquisa-lei-de-cotas-profissionais-com-deficiencia-e-reabilitados-com-deficiencia","status":"publish","type":"post","link":"https:\/\/sinicesp.org.br\/index.php\/2020\/06\/17\/pesquisa-lei-de-cotas-profissionais-com-deficiencia-e-reabilitados-com-deficiencia\/","title":{"rendered":"Pesquisa Lei de Cotas &#8211; Profissionais com defici\u00eancia e reabilitados com defici\u00eancia"},"content":{"rendered":"\n<section class=\"wp-block-uagb-section uagb-section__wrap uagb-section__background-color uagb-block-9819f5b5\"><div class=\"uagb-section__overlay\"><\/div><div class=\"uagb-section__inner-wrap\">\n<div style=\"height:10px\" aria-hidden=\"true\" class=\"wp-block-spacer\"><\/div>\n\n\n\n<div class=\"wp-block-uagb-advanced-heading uagb-block-e9672230\"><h3 class=\"uagb-heading-text\"><strong>Inclus\u00e3o profissional n\u00ba 21\/2020 &#8211; 17\/06\/2020 <\/strong><\/h3><div class=\"uagb-separator-wrap\"><div class=\"uagb-separator\"><\/div><\/div><p class=\"uagb-desc-text\"><\/p><\/div>\n\n\n\n<p><\/p>\n<\/div><\/section>\n\n\n\n<section class=\"wp-block-uagb-section uagb-section__wrap uagb-section__background-color uagb-block-c4135e1f\"><div class=\"uagb-section__overlay\"><\/div><div class=\"uagb-section__inner-wrap\">\n<h2 class=\"has-text-color wp-block-heading\" style=\"color:#0767b1\"><strong>Identifica\u00e7\u00e3o do perfil dos profissionais com defici\u00eancia ou reabilitados do INSS<\/strong><\/h2>\n\n\n\n<p> <\/p>\n\n\n\n<p><strong>Prezado(a) Gestor(a),<\/strong> <br><br>A Secretaria Municipal da Pessoa com Defici\u00eancia \u2013 SMPED, o Coexistir Sincovaga SP a Rede Empresarial de Inclus\u00e3o Social &#8211; REIS gostariam de contar com sua parceria! <br><br>Precisamos identificar o perfil dos profissionais com defici\u00eancia ou reabilitados do INSS, empregados pela Lei de Cotas! <br><br>Queremos saber como s\u00e3o seus h\u00e1bitos, suas principais demandas e sugest\u00f5es com rela\u00e7\u00e3o aos servi\u00e7os e pol\u00edticas p\u00fablicas municipais na Cidade de S\u00e3o Paulo. <br><br>Este estudo \u00e9 particularmente relevante, durante esta grave crise, para termos subs\u00eddios e poder defender potenciais amea\u00e7as aos direitos das pessoas com defici\u00eancia. <br><br>Por favor, encaminhar esta pesquisa para os funcion\u00e1rios com defici\u00eancia ou reabilitados do INSS de sua empresa:\u00a0<strong><a rel=\"noreferrer noopener\" href=\"https:\/\/forms.gle\/9F8bNZUrkqLdfpRS6\" target=\"_blank\">https:\/\/forms.gle\/9F8bNZUrkqLdfpRS6<\/a><\/strong>. <br><br>Pedir para que respondam as perguntas\u00a0<strong>at\u00e9 26\/junho<\/strong>. As respostas ser\u00e3o tratadas com sigilo absoluto. <br><br>Abaixo, modelo de mensagem a ser enviada aos funcion\u00e1rios com defici\u00eancia. <br><br><strong>Prezado(a) Colaborador(a),<\/strong> <br><br>Por favor, pedimos que acesse o link e responda a pesquisa abaixo at\u00e9 26\/junho:\u00a0<a rel=\"noreferrer noopener\" href=\"https:\/\/forms.gle\/9F8bNZUrkqLdfpRS6\" target=\"_blank\"><strong>https:\/\/forms.gle\/9F8bNZUrkqLdfpRS6<\/strong><\/a>. <br><br>Apoiamos esta iniciativa muito importante da Secretaria Municipal da Pessoa com Defici\u00eancia \u2013 SMPED, Coexistir Sincovaga SP e Rede Empresarial de Inclus\u00e3o Social &#8211; REIS. <br><br>Precisamos conhecer melhor o perfil dos profissionais com defici\u00eancia ou reabilitados do INSS, empregados pela Lei de Cotas! <br><br>Queremos saber como s\u00e3o seus h\u00e1bitos, suas principais demandas e sugest\u00f5es com rela\u00e7\u00e3o aos servi\u00e7os e pol\u00edticas p\u00fablicas municipais na Cidade de S\u00e3o Paulo. <br><br>Este estudo \u00e9 particularmente relevante, durante esta grave crise, para termos subs\u00eddios e poder defender potenciais amea\u00e7as aos direitos das pessoas com defici\u00eancia. <br><br>As respostas ser\u00e3o tratadas com sigilo absoluto. <br><br>Muito obrigado(a)! <br><br>Assinatura do Gestor(a)<\/p>\n<\/div><\/section>\n","protected":false},"excerpt":{"rendered":"<p>Estudo particularmente relevante para termos subs\u00eddios e poder defender potenciais amea\u00e7as aos direitos das pessoas com defici\u00eancia.<\/p>\n","protected":false},"author":2,"featured_media":1755,"comment_status":"closed","ping_status":"closed","sticky":false,"template":"","format":"standard","meta":{"om_disable_all_campaigns":false,"_uag_custom_page_level_css":"","_monsterinsights_skip_tracking":false,"_monsterinsights_sitenote_active":false,"_monsterinsights_sitenote_note":"","_monsterinsights_sitenote_category":0,"site-sidebar-layout":"default","site-content-layout":"default","ast-site-content-layout":"default","site-content-style":"default","site-sidebar-style":"default","ast-global-header-display":"","ast-banner-title-visibility":"","ast-main-header-display":"","ast-hfb-above-header-display":"","ast-hfb-below-header-display":"","ast-hfb-mobile-header-display":"","site-post-title":"disabled","ast-breadcrumbs-content":"disabled","ast-featured-img":"disabled","footer-sml-layout":"","ast-disable-related-posts":"","theme-transparent-header-meta":"default","adv-header-id-meta":"","stick-header-meta":"","header-above-stick-meta":"","header-main-stick-meta":"","header-below-stick-meta":"","astra-migrate-meta-layouts":"default","ast-page-background-enabled":"default","ast-page-background-meta":{"desktop":{"background-color":"","background-image":"","background-repeat":"repeat","background-position":"center center","background-size":"auto","background-attachment":"scroll","background-type":"","background-media":"","overlay-type":"","overlay-color":"","overlay-opacity":"","overlay-gradient":""},"tablet":{"background-color":"","background-image":"","background-repeat":"repeat","background-position":"center center","background-size":"auto","background-attachment":"scroll","background-type":"","background-media":"","overlay-type":"","overlay-color":"","overlay-opacity":"","overlay-gradient":""},"mobile":{"background-color":"","background-image":"","background-repeat":"repeat","background-position":"center center","background-size":"auto","background-attachment":"scroll","background-type":"","background-media":"","overlay-type":"","overlay-color":"","overlay-opacity":"","overlay-gradient":""}},"ast-content-background-meta":{"desktop":{"background-color":"var(--ast-global-color-5)","background-image":"","background-repeat":"repeat","background-position":"center center","background-size":"auto","background-attachment":"scroll","background-type":"","background-media":"","overlay-type":"","overlay-color":"","overlay-opacity":"","overlay-gradient":""},"tablet":{"background-color":"var(--ast-global-color-5)","background-image":"","background-repeat":"repeat","background-position":"center center","background-size":"auto","background-attachment":"scroll","background-type":"","background-media":"","overlay-type":"","overlay-color":"","overlay-opacity":"","overlay-gradient":""},"mobile":{"background-color":"var(--ast-global-color-5)","background-image":"","background-repeat":"repeat","background-position":"center center","background-size":"auto","background-attachment":"scroll","background-type":"","background-media":"","overlay-type":"","overlay-color":"","overlay-opacity":"","overlay-gradient":""}},"footnotes":""},"categories":[12],"tags":[15],"class_list":["post-1754","post","type-post","status-publish","format-standard","has-post-thumbnail","hentry","category-inclusao-profissional","tag-noticia"],"aioseo_notices":[],"gutentor_comment":0,"uagb_featured_image_src":{"full":["https:\/\/sinicesp.org.br\/wp-content\/uploads\/2021\/11\/inclusao-2020-21a-pequena-1.jpg",250,167,false],"thumbnail":["https:\/\/sinicesp.org.br\/wp-content\/uploads\/2021\/11\/inclusao-2020-21a-pequena-1-150x150.jpg",150,150,true],"medium":["https:\/\/sinicesp.org.br\/wp-content\/uploads\/2021\/11\/inclusao-2020-21a-pequena-1.jpg",250,167,false],"medium_large":["https:\/\/sinicesp.org.br\/wp-content\/uploads\/2021\/11\/inclusao-2020-21a-pequena-1.jpg",250,167,false],"large":["https:\/\/sinicesp.org.br\/wp-content\/uploads\/2021\/11\/inclusao-2020-21a-pequena-1.jpg",250,167,false],"1536x1536":["https:\/\/sinicesp.org.br\/wp-content\/uploads\/2021\/11\/inclusao-2020-21a-pequena-1.jpg",250,167,false],"2048x2048":["https:\/\/sinicesp.org.br\/wp-content\/uploads\/2021\/11\/inclusao-2020-21a-pequena-1.jpg",250,167,false]},"uagb_author_info":{"display_name":"Ana Paula Amancio","author_link":"https:\/\/sinicesp.org.br\/index.php\/author\/paula\/"},"uagb_comment_info":0,"uagb_excerpt":"Estudo particularmente relevante para termos subs\u00eddios e poder defender potenciais amea\u00e7as aos direitos das pessoas com defici\u00eancia.","_links":{"self":[{"href":"https:\/\/sinicesp.org.br\/index.php\/wp-json\/wp\/v2\/posts\/1754","targetHints":{"allow":["GET"]}}],"collection":[{"href":"https:\/\/sinicesp.org.br\/index.php\/wp-json\/wp\/v2\/posts"}],"about":[{"href":"https:\/\/sinicesp.org.br\/index.php\/wp-json\/wp\/v2\/types\/post"}],"author":[{"embeddable":true,"href":"https:\/\/sinicesp.org.br\/index.php\/wp-json\/wp\/v2\/users\/2"}],"replies":[{"embeddable":true,"href":"https:\/\/sinicesp.org.br\/index.php\/wp-json\/wp\/v2\/comments?post=1754"}],"version-history":[{"count":0,"href":"https:\/\/sinicesp.org.br\/index.php\/wp-json\/wp\/v2\/posts\/1754\/revisions"}],"wp:featuredmedia":[{"embeddable":true,"href":"https:\/\/sinicesp.org.br\/index.php\/wp-json\/wp\/v2\/media\/1755"}],"wp:attachment":[{"href":"https:\/\/sinicesp.org.br\/index.php\/wp-json\/wp\/v2\/media?parent=1754"}],"wp:term":[{"taxonomy":"category","embeddable":true,"href":"https:\/\/sinicesp.org.br\/index.php\/wp-json\/wp\/v2\/categories?post=1754"},{"taxonomy":"post_tag","embeddable":true,"href":"https:\/\/sinicesp.org.br\/index.php\/wp-json\/wp\/v2\/tags?post=1754"}],"curies":[{"name":"wp","href":"https:\/\/api.w.org\/{rel}","templated":true}]}}