{"id":1780,"date":"2020-06-22T14:51:40","date_gmt":"2020-06-22T17:51:40","guid":{"rendered":"http:\/\/sinicesp.org.br\/?p=1780"},"modified":"2021-11-17T14:57:04","modified_gmt":"2021-11-17T17:57:04","slug":"comecam-as-atividades-de-celebracao-do-29o-aniversario-da-lei-de-cotas","status":"publish","type":"post","link":"https:\/\/sinicesp.org.br\/index.php\/2020\/06\/22\/comecam-as-atividades-de-celebracao-do-29o-aniversario-da-lei-de-cotas\/","title":{"rendered":"Come\u00e7am as atividades de celebra\u00e7\u00e3o do 29\u00ba Anivers\u00e1rio da Lei de Cotas"},"content":{"rendered":"\n<section class=\"wp-block-uagb-section uagb-section__wrap uagb-section__background-color uagb-block-9f6f2f54\"><div class=\"uagb-section__overlay\"><\/div><div class=\"uagb-section__inner-wrap\">\n<div style=\"height:10px\" aria-hidden=\"true\" class=\"wp-block-spacer\"><\/div>\n\n\n\n<div class=\"wp-block-uagb-advanced-heading uagb-block-67387b06\"><h3 class=\"uagb-heading-text\"><strong>Inclus\u00e3o profissional n\u00ba 22\/2020 &#8211; 22\/06\/2020 <\/strong><\/h3><div class=\"uagb-separator-wrap\"><div class=\"uagb-separator\"><\/div><\/div><p class=\"uagb-desc-text\"><\/p><\/div>\n\n\n\n<p><\/p>\n<\/div><\/section>\n\n\n\n<section class=\"wp-block-uagb-section uagb-section__wrap uagb-section__background-color uagb-block-3ef9b3bd\"><div class=\"uagb-section__overlay\"><\/div><div class=\"uagb-section__inner-wrap\">\n<h2 class=\"has-text-color wp-block-heading\" style=\"color:#0767b1\"><strong>Come\u00e7am as atividades de celebra\u00e7\u00e3o do 29\u00ba Anivers\u00e1rio da Lei de Cotas<\/strong> <br><br><\/h2>\n\n\n\n<p>Come\u00e7a nesta segunda-feira, 22 de junho, a primeira a\u00e7\u00e3o de comemora\u00e7\u00e3o do 29\u00ba anivers\u00e1rio da Lei de Cotas, que ser\u00e1 realizada no dia 24 de julho (veja abaixo). <br><br>Assim como em anos anteriores, o anivers\u00e1rio da Lei de Cotas \u00e9 celebrado como um marco da conquista das pessoas com defici\u00eancia do direito \u00e0 autonomia financeira e realiza\u00e7\u00e3o profissional por meio do trabalho formal. Quando aprovado, em 1991, o artigo 92 da Lei 8.231, determinou os percentuais de 2% a 5% nos quadros das empresas com mais de 100 empregados. <br><br>Uma delas come\u00e7ar\u00e1 nesta segunda-feira, dia 22\/06, \u00e0s 9h, onde as pessoas com defici\u00eancia s\u00e3o protagonistas. <br><br>Teremos uma s\u00e9rie de lives di\u00e1rias com pessoas que se destacam em diversas \u00e1reas de atua\u00e7\u00e3o, e que contar\u00e3o um pouco da sua trajet\u00f3ria e dos desafios que ainda enfrentam para ter um mercado de trabalho mais inclusivo. <br><br>Quem conduzir\u00e1 as entrevistas \u00e9 Tuca Munhoz, Assessor T\u00e9cnico da S\u00e3o Paulo Transportes (SPTRANS) para a acessibilidade das pessoas com defici\u00eancia e mobilidade reduzida no Sistema de Transporte Coletivo Municipal, consultor em Pol\u00edticas P\u00fablicas para Pessoas com Defici\u00eancia e ativista em prol dos Direitos Humanos das pessoas com defici\u00eancia. <br><br>Todas as lives ser\u00e3o traduzidas em Libras pelo int\u00e9rprete Euluan Motta, do Nurap Inclus\u00e3o. <br><br>Acompanhe as lives no Facebook da C\u00e2mara Paulista de Inclus\u00e3o, a partir do dia 22\/06!&nbsp;<strong><a rel=\"noreferrer noopener\" href=\"https:\/\/www.facebook.com\/camarainclusao\" target=\"_blank\">https:\/\/www.facebook.com\/camarainclusao<\/a><\/strong><br><\/p>\n\n\n\n<div class=\"wp-block-image\"><figure class=\"aligncenter size-full\"><img loading=\"lazy\" decoding=\"async\" width=\"618\" height=\"618\" src=\"https:\/\/sinicesp.org.br\/wp-content\/uploads\/2021\/11\/inclusao-2020-22a-interna-2.jpg\" alt=\"\" class=\"wp-image-1782\" srcset=\"https:\/\/sinicesp.org.br\/wp-content\/uploads\/2021\/11\/inclusao-2020-22a-interna-2.jpg 618w, https:\/\/sinicesp.org.br\/wp-content\/uploads\/2021\/11\/inclusao-2020-22a-interna-2-300x300.jpg 300w, https:\/\/sinicesp.org.br\/wp-content\/uploads\/2021\/11\/inclusao-2020-22a-interna-2-150x150.jpg 150w\" sizes=\"auto, (max-width: 618px) 100vw, 618px\" \/><\/figure><\/div>\n\n\n\n<p><\/p>\n\n\n\n<p>A imagem cont\u00e9m um fundo branco com 6 fotos dos participantes das lives, com nome e cargo e a data que cada um vai participar das lives. <br><br>Tuca Munhoz \u00e9 um homem branco, de barba branca e usa um bon\u00e9 branco, est\u00e1 sorrindo. Ele \u00e9 Assessor T\u00e9cnico da S\u00e3o Paulo Transportes \u2013 SPTRANS para a acessibilidade das pessoas com defici\u00eancia e mobilidade reduzida no sistema de transporte coletivo municipal; (entrevistador) <br><br>Carlos Ferrari \u00e9 Diretor Internacional de Articula\u00e7\u00f5es Institucionais da Organiza\u00e7\u00e3o Nacional de Cegos do Brasil. Ele \u00e9 um homem branco, de cabelo preto curto. Ele usa uma camiseta preta de manga curta e est\u00e1 sorrindo. Live do dia 22\/06 <br><br>Paula Ferrari \u00e9 Fisioterapeuta. Ela \u00e9 uma mulher branca de cabelos curtos.Ela est\u00e1 sentada no ch\u00e3o e usa uma camisa azul escura \u2013 Live do dia 23\/06 <br><br>Rafael Giguer \u00e9 Auditor Fiscal do Trabalho. um homem branco, de cabelos pretos e compridos. Usa \u00f3culos escuro e uma camisa cinza com um blazer preto. Est\u00e1 com um microfone na m\u00e3o. \u2013 Live do dia 24\/06 <br><br>Sandra Ramalhoso \u00e9 Coordenadora da Pastoral da Pessoa com Defici\u00eancia. Ela \u00e9 uma mulher branca, de cabelos loiros e curtos e est\u00e1 sorrindo. \u2013 Live do dia 25\/06 <br><br>Denise Mesquita \u00e9 Consultora. Ela \u00e9 uma mulher branca, de cabelos e olhos castanhos. A foto \u00e9 um close do seu rosto. Ela est\u00e1 sorrindo. <br><br>No canto superior direito da imagem, est\u00e1 o logo da C\u00e2mara Paulista de Inclus\u00e3o. <br><br>No rodap\u00e9, com fundo azul, est\u00e1 escrito em branco: Live no Facebook \u2013 C\u00e2mara Paulista de Inclus\u00e3o \u2013 de Seg a Sex \u00e0s 9h e o logo do 29\u00ba anivers\u00e1rio da lei de cotas. <br><br><strong>Fonte:<\/strong>&nbsp;C\u00e2mara Paulista para Inclus\u00e3o da Pessoa com Defici\u00eancia<\/p>\n\n\n\n<p><\/p>\n<\/div><\/section>\n","protected":false},"excerpt":{"rendered":"<p>Para evitar riscos de contamina\u00e7\u00e3o do Covid-19, todas as atividades ser\u00e3o feitas com recursos on-line, acess\u00edveis em Libras e audiodescri\u00e7\u00e3o, e permitir\u00e3o que maior n\u00famero de pessoas participem.<\/p>\n","protected":false},"author":2,"featured_media":1781,"comment_status":"closed","ping_status":"closed","sticky":false,"template":"","format":"standard","meta":{"om_disable_all_campaigns":false,"_uag_custom_page_level_css":"","_monsterinsights_skip_tracking":false,"_monsterinsights_sitenote_active":false,"_monsterinsights_sitenote_note":"","_monsterinsights_sitenote_category":0,"site-sidebar-layout":"default","site-content-layout":"default","ast-site-content-layout":"default","site-content-style":"default","site-sidebar-style":"default","ast-global-header-display":"","ast-banner-title-visibility":"","ast-main-header-display":"","ast-hfb-above-header-display":"","ast-hfb-below-header-display":"","ast-hfb-mobile-header-display":"","site-post-title":"disabled","ast-breadcrumbs-content":"disabled","ast-featured-img":"disabled","footer-sml-layout":"","ast-disable-related-posts":"","theme-transparent-header-meta":"default","adv-header-id-meta":"","stick-header-meta":"","header-above-stick-meta":"","header-main-stick-meta":"","header-below-stick-meta":"","astra-migrate-meta-layouts":"default","ast-page-background-enabled":"default","ast-page-background-meta":{"desktop":{"background-color":"","background-image":"","background-repeat":"repeat","background-position":"center center","background-size":"auto","background-attachment":"scroll","background-type":"","background-media":"","overlay-type":"","overlay-color":"","overlay-opacity":"","overlay-gradient":""},"tablet":{"background-color":"","background-image":"","background-repeat":"repeat","background-position":"center center","background-size":"auto","background-attachment":"scroll","background-type":"","background-media":"","overlay-type":"","overlay-color":"","overlay-opacity":"","overlay-gradient":""},"mobile":{"background-color":"","background-image":"","background-repeat":"repeat","background-position":"center center","background-size":"auto","background-attachment":"scroll","background-type":"","background-media":"","overlay-type":"","overlay-color":"","overlay-opacity":"","overlay-gradient":""}},"ast-content-background-meta":{"desktop":{"background-color":"var(--ast-global-color-5)","background-image":"","background-repeat":"repeat","background-position":"center center","background-size":"auto","background-attachment":"scroll","background-type":"","background-media":"","overlay-type":"","overlay-color":"","overlay-opacity":"","overlay-gradient":""},"tablet":{"background-color":"var(--ast-global-color-5)","background-image":"","background-repeat":"repeat","background-position":"center center","background-size":"auto","background-attachment":"scroll","background-type":"","background-media":"","overlay-type":"","overlay-color":"","overlay-opacity":"","overlay-gradient":""},"mobile":{"background-color":"var(--ast-global-color-5)","background-image":"","background-repeat":"repeat","background-position":"center center","background-size":"auto","background-attachment":"scroll","background-type":"","background-media":"","overlay-type":"","overlay-color":"","overlay-opacity":"","overlay-gradient":""}},"footnotes":""},"categories":[12],"tags":[15],"class_list":["post-1780","post","type-post","status-publish","format-standard","has-post-thumbnail","hentry","category-inclusao-profissional","tag-noticia"],"aioseo_notices":[],"gutentor_comment":0,"uagb_featured_image_src":{"full":["https:\/\/sinicesp.org.br\/wp-content\/uploads\/2021\/11\/inclusao-2020-22a-pequena-1.jpg",248,167,false],"thumbnail":["https:\/\/sinicesp.org.br\/wp-content\/uploads\/2021\/11\/inclusao-2020-22a-pequena-1-150x150.jpg",150,150,true],"medium":["https:\/\/sinicesp.org.br\/wp-content\/uploads\/2021\/11\/inclusao-2020-22a-pequena-1.jpg",248,167,false],"medium_large":["https:\/\/sinicesp.org.br\/wp-content\/uploads\/2021\/11\/inclusao-2020-22a-pequena-1.jpg",248,167,false],"large":["https:\/\/sinicesp.org.br\/wp-content\/uploads\/2021\/11\/inclusao-2020-22a-pequena-1.jpg",248,167,false],"1536x1536":["https:\/\/sinicesp.org.br\/wp-content\/uploads\/2021\/11\/inclusao-2020-22a-pequena-1.jpg",248,167,false],"2048x2048":["https:\/\/sinicesp.org.br\/wp-content\/uploads\/2021\/11\/inclusao-2020-22a-pequena-1.jpg",248,167,false]},"uagb_author_info":{"display_name":"Ana Paula Amancio","author_link":"https:\/\/sinicesp.org.br\/index.php\/author\/paula\/"},"uagb_comment_info":0,"uagb_excerpt":"Para evitar riscos de contamina\u00e7\u00e3o do Covid-19, todas as atividades ser\u00e3o feitas com recursos on-line, acess\u00edveis em Libras e audiodescri\u00e7\u00e3o, e permitir\u00e3o que maior n\u00famero de pessoas participem.","_links":{"self":[{"href":"https:\/\/sinicesp.org.br\/index.php\/wp-json\/wp\/v2\/posts\/1780","targetHints":{"allow":["GET"]}}],"collection":[{"href":"https:\/\/sinicesp.org.br\/index.php\/wp-json\/wp\/v2\/posts"}],"about":[{"href":"https:\/\/sinicesp.org.br\/index.php\/wp-json\/wp\/v2\/types\/post"}],"author":[{"embeddable":true,"href":"https:\/\/sinicesp.org.br\/index.php\/wp-json\/wp\/v2\/users\/2"}],"replies":[{"embeddable":true,"href":"https:\/\/sinicesp.org.br\/index.php\/wp-json\/wp\/v2\/comments?post=1780"}],"version-history":[{"count":0,"href":"https:\/\/sinicesp.org.br\/index.php\/wp-json\/wp\/v2\/posts\/1780\/revisions"}],"wp:featuredmedia":[{"embeddable":true,"href":"https:\/\/sinicesp.org.br\/index.php\/wp-json\/wp\/v2\/media\/1781"}],"wp:attachment":[{"href":"https:\/\/sinicesp.org.br\/index.php\/wp-json\/wp\/v2\/media?parent=1780"}],"wp:term":[{"taxonomy":"category","embeddable":true,"href":"https:\/\/sinicesp.org.br\/index.php\/wp-json\/wp\/v2\/categories?post=1780"},{"taxonomy":"post_tag","embeddable":true,"href":"https:\/\/sinicesp.org.br\/index.php\/wp-json\/wp\/v2\/tags?post=1780"}],"curies":[{"name":"wp","href":"https:\/\/api.w.org\/{rel}","templated":true}]}}