{"id":1792,"date":"2020-07-06T15:16:42","date_gmt":"2020-07-06T18:16:42","guid":{"rendered":"http:\/\/sinicesp.org.br\/?p=1792"},"modified":"2021-11-17T15:18:36","modified_gmt":"2021-11-17T18:18:36","slug":"29o-aniversario-da-lei-de-cotas","status":"publish","type":"post","link":"https:\/\/sinicesp.org.br\/index.php\/2020\/07\/06\/29o-aniversario-da-lei-de-cotas\/","title":{"rendered":"29\u00ba anivers\u00e1rio da Lei de Cotas"},"content":{"rendered":"\n<section class=\"wp-block-uagb-section uagb-section__wrap uagb-section__background-color uagb-block-e26779c8\"><div class=\"uagb-section__overlay\"><\/div><div class=\"uagb-section__inner-wrap\">\n<div style=\"height:10px\" aria-hidden=\"true\" class=\"wp-block-spacer\"><\/div>\n\n\n\n<div class=\"wp-block-uagb-advanced-heading uagb-block-e193cfbd\"><h3 class=\"uagb-heading-text\"><strong>Inclus\u00e3o profissional n\u00ba 24\/2020 &#8211; 08\/07\/2020 <\/strong><\/h3><div class=\"uagb-separator-wrap\"><div class=\"uagb-separator\"><\/div><\/div><p class=\"uagb-desc-text\"><\/p><\/div>\n\n\n\n<p><\/p>\n<\/div><\/section>\n\n\n\n<section class=\"wp-block-uagb-section uagb-section__wrap uagb-section__background-color uagb-block-ff57e880\"><div class=\"uagb-section__overlay\"><\/div><div class=\"uagb-section__inner-wrap\">\n<h2 class=\"has-text-align-center has-text-color wp-block-heading\" style=\"color:#0767b1\">29\u00ba anivers\u00e1rio da Lei de Cotas <br><\/h2>\n\n\n\n<div class=\"wp-block-image\"><figure class=\"aligncenter size-full\"><img loading=\"lazy\" decoding=\"async\" width=\"618\" height=\"675\" src=\"https:\/\/sinicesp.org.br\/wp-content\/uploads\/2021\/11\/inclusao-2020-24a-interna-2.jpg\" alt=\"\" class=\"wp-image-1794\" srcset=\"https:\/\/sinicesp.org.br\/wp-content\/uploads\/2021\/11\/inclusao-2020-24a-interna-2.jpg 618w, https:\/\/sinicesp.org.br\/wp-content\/uploads\/2021\/11\/inclusao-2020-24a-interna-2-275x300.jpg 275w\" sizes=\"auto, (max-width: 618px) 100vw, 618px\" \/><\/figure><\/div>\n\n\n\n<p> <\/p>\n\n\n\n<p><strong>Descri\u00e7\u00e3o:&nbsp;<\/strong>convite em fundo azul e com tr\u00eas bal\u00f5es coloridos (azul, vermelho e amarelo) \u00e0 esquerda com os dizeres 29\u00b0 Anivers\u00e1rio da Lei de Cotas e abaixo Trabalho: um direito de todos. Pr\u00f3ximos aos bal\u00f5es h\u00e1 desenhos de serpentinas (como as de Carnaval) coloridas. <br><br>No centro do convite est\u00e3o todas as informa\u00e7\u00f5es do evento em cores que se alternam entre azul, branco e amarelo. <br><br><strong>Data:&nbsp;<\/strong>24\/07 <br><br>Programa\u00e7\u00e3o do Anivers\u00e1rio da Lei de Cotas. O evento ser\u00e1 realizado Via Facebook da C\u00e2mara Paulista de Inclus\u00e3o &#8211;&nbsp;<strong><a rel=\"noreferrer noopener\" href=\"https:\/\/pt-br.facebook.com\/camarainclusao\/\" target=\"_blank\">@camarainclusao<\/a><\/strong> <br><br><strong>Hor\u00e1rio do Webinar:<\/strong>&nbsp;14h \u00e0s 15h &#8211; Trabalho: Um direito de todos. <br><br><strong>Hor\u00e1rio da pr\u00f3xima atra\u00e7\u00e3o:<\/strong>&nbsp;17h \u00e0s 18h &#8211; Live Show de Esquenta Festival Sem Barreiras &#8211; Sara Bentes <br><br><strong>\u00daltimo hor\u00e1rio:<\/strong>&nbsp;19h \u00e0s 20h &#8211; apresenta\u00e7\u00f5es culturais com v\u00e1rias atra\u00e7\u00f5es.<\/p>\n\n\n\n<p><\/p>\n\n\n\n<p><\/p>\n<\/div><\/section>\n","protected":false},"excerpt":{"rendered":"<p>O evento ser\u00e1 realizado Via Facebook da C\u00e2mara Paulista de Inclus\u00e3o &#8211; @camarainclusao<\/p>\n","protected":false},"author":2,"featured_media":1793,"comment_status":"closed","ping_status":"closed","sticky":false,"template":"","format":"standard","meta":{"om_disable_all_campaigns":false,"_uag_custom_page_level_css":"","_monsterinsights_skip_tracking":false,"_monsterinsights_sitenote_active":false,"_monsterinsights_sitenote_note":"","_monsterinsights_sitenote_category":0,"site-sidebar-layout":"default","site-content-layout":"default","ast-site-content-layout":"default","site-content-style":"default","site-sidebar-style":"default","ast-global-header-display":"","ast-banner-title-visibility":"","ast-main-header-display":"","ast-hfb-above-header-display":"","ast-hfb-below-header-display":"","ast-hfb-mobile-header-display":"","site-post-title":"disabled","ast-breadcrumbs-content":"disabled","ast-featured-img":"disabled","footer-sml-layout":"","ast-disable-related-posts":"","theme-transparent-header-meta":"default","adv-header-id-meta":"","stick-header-meta":"","header-above-stick-meta":"","header-main-stick-meta":"","header-below-stick-meta":"","astra-migrate-meta-layouts":"default","ast-page-background-enabled":"default","ast-page-background-meta":{"desktop":{"background-color":"","background-image":"","background-repeat":"repeat","background-position":"center center","background-size":"auto","background-attachment":"scroll","background-type":"","background-media":"","overlay-type":"","overlay-color":"","overlay-opacity":"","overlay-gradient":""},"tablet":{"background-color":"","background-image":"","background-repeat":"repeat","background-position":"center center","background-size":"auto","background-attachment":"scroll","background-type":"","background-media":"","overlay-type":"","overlay-color":"","overlay-opacity":"","overlay-gradient":""},"mobile":{"background-color":"","background-image":"","background-repeat":"repeat","background-position":"center center","background-size":"auto","background-attachment":"scroll","background-type":"","background-media":"","overlay-type":"","overlay-color":"","overlay-opacity":"","overlay-gradient":""}},"ast-content-background-meta":{"desktop":{"background-color":"var(--ast-global-color-5)","background-image":"","background-repeat":"repeat","background-position":"center center","background-size":"auto","background-attachment":"scroll","background-type":"","background-media":"","overlay-type":"","overlay-color":"","overlay-opacity":"","overlay-gradient":""},"tablet":{"background-color":"var(--ast-global-color-5)","background-image":"","background-repeat":"repeat","background-position":"center center","background-size":"auto","background-attachment":"scroll","background-type":"","background-media":"","overlay-type":"","overlay-color":"","overlay-opacity":"","overlay-gradient":""},"mobile":{"background-color":"var(--ast-global-color-5)","background-image":"","background-repeat":"repeat","background-position":"center center","background-size":"auto","background-attachment":"scroll","background-type":"","background-media":"","overlay-type":"","overlay-color":"","overlay-opacity":"","overlay-gradient":""}},"footnotes":""},"categories":[12],"tags":[15],"class_list":["post-1792","post","type-post","status-publish","format-standard","has-post-thumbnail","hentry","category-inclusao-profissional","tag-noticia"],"aioseo_notices":[],"gutentor_comment":0,"uagb_featured_image_src":{"full":["https:\/\/sinicesp.org.br\/wp-content\/uploads\/2021\/11\/inclusao-2020-24a-interna-1.jpg",618,675,false],"thumbnail":["https:\/\/sinicesp.org.br\/wp-content\/uploads\/2021\/11\/inclusao-2020-24a-interna-1-150x150.jpg",150,150,true],"medium":["https:\/\/sinicesp.org.br\/wp-content\/uploads\/2021\/11\/inclusao-2020-24a-interna-1-275x300.jpg",275,300,true],"medium_large":["https:\/\/sinicesp.org.br\/wp-content\/uploads\/2021\/11\/inclusao-2020-24a-interna-1.jpg",618,675,false],"large":["https:\/\/sinicesp.org.br\/wp-content\/uploads\/2021\/11\/inclusao-2020-24a-interna-1.jpg",618,675,false],"1536x1536":["https:\/\/sinicesp.org.br\/wp-content\/uploads\/2021\/11\/inclusao-2020-24a-interna-1.jpg",618,675,false],"2048x2048":["https:\/\/sinicesp.org.br\/wp-content\/uploads\/2021\/11\/inclusao-2020-24a-interna-1.jpg",618,675,false]},"uagb_author_info":{"display_name":"Ana Paula Amancio","author_link":"https:\/\/sinicesp.org.br\/index.php\/author\/paula\/"},"uagb_comment_info":0,"uagb_excerpt":"O evento ser\u00e1 realizado Via Facebook da C\u00e2mara Paulista de Inclus\u00e3o - @camarainclusao","_links":{"self":[{"href":"https:\/\/sinicesp.org.br\/index.php\/wp-json\/wp\/v2\/posts\/1792","targetHints":{"allow":["GET"]}}],"collection":[{"href":"https:\/\/sinicesp.org.br\/index.php\/wp-json\/wp\/v2\/posts"}],"about":[{"href":"https:\/\/sinicesp.org.br\/index.php\/wp-json\/wp\/v2\/types\/post"}],"author":[{"embeddable":true,"href":"https:\/\/sinicesp.org.br\/index.php\/wp-json\/wp\/v2\/users\/2"}],"replies":[{"embeddable":true,"href":"https:\/\/sinicesp.org.br\/index.php\/wp-json\/wp\/v2\/comments?post=1792"}],"version-history":[{"count":0,"href":"https:\/\/sinicesp.org.br\/index.php\/wp-json\/wp\/v2\/posts\/1792\/revisions"}],"wp:featuredmedia":[{"embeddable":true,"href":"https:\/\/sinicesp.org.br\/index.php\/wp-json\/wp\/v2\/media\/1793"}],"wp:attachment":[{"href":"https:\/\/sinicesp.org.br\/index.php\/wp-json\/wp\/v2\/media?parent=1792"}],"wp:term":[{"taxonomy":"category","embeddable":true,"href":"https:\/\/sinicesp.org.br\/index.php\/wp-json\/wp\/v2\/categories?post=1792"},{"taxonomy":"post_tag","embeddable":true,"href":"https:\/\/sinicesp.org.br\/index.php\/wp-json\/wp\/v2\/tags?post=1792"}],"curies":[{"name":"wp","href":"https:\/\/api.w.org\/{rel}","templated":true}]}}