{"id":1910,"date":"2020-11-03T14:42:01","date_gmt":"2020-11-03T17:42:01","guid":{"rendered":"http:\/\/sinicesp.org.br\/?p=1910"},"modified":"2021-11-23T15:06:28","modified_gmt":"2021-11-23T18:06:28","slug":"sinicesp-debate-as-acoes-de-caracterizacao-enquadramento-de-pessoas-com-deficiencia-com-base-no-cumprimento-da-lei-de-cotas-2","status":"publish","type":"post","link":"https:\/\/sinicesp.org.br\/index.php\/2020\/11\/03\/sinicesp-debate-as-acoes-de-caracterizacao-enquadramento-de-pessoas-com-deficiencia-com-base-no-cumprimento-da-lei-de-cotas-2\/","title":{"rendered":"Avalia\u00e7\u00e3o Unificada Pessoas com Defici\u00eancia \u2013 IFBr-M \u00cdndice de Funcionalidade Brasileiro Modificado"},"content":{"rendered":"\n<section class=\"wp-block-uagb-section uagb-section__wrap uagb-section__background-color uagb-block-6744feaf\"><div class=\"uagb-section__overlay\"><\/div><div class=\"uagb-section__inner-wrap\">\n<div style=\"height:10px\" aria-hidden=\"true\" class=\"wp-block-spacer\"><\/div>\n\n\n\n<div class=\"wp-block-uagb-advanced-heading uagb-block-c9e6506d\"><h3 class=\"uagb-heading-text\"><strong>Inclus\u00e3o profissional n\u00ba 00\/2020 &#8211; 03\/11\/2020 <\/strong><\/h3><div class=\"uagb-separator-wrap\"><div class=\"uagb-separator\"><\/div><\/div><p class=\"uagb-desc-text\"><\/p><\/div>\n\n\n\n<p><\/p>\n<\/div><\/section>\n\n\n\n<section class=\"wp-block-uagb-section uagb-section__wrap uagb-section__background-color uagb-block-866239fb\"><div class=\"uagb-section__overlay\"><\/div><div class=\"uagb-section__inner-wrap\">\n<div class=\"wp-block-image\"><figure class=\"aligncenter size-full\"><img loading=\"lazy\" decoding=\"async\" width=\"690\" height=\"690\" src=\"https:\/\/sinicesp.org.br\/wp-content\/uploads\/2021\/11\/inclusao-2020-00a-evento.jpg\" alt=\"\" class=\"wp-image-1912\" srcset=\"https:\/\/sinicesp.org.br\/wp-content\/uploads\/2021\/11\/inclusao-2020-00a-evento.jpg 690w, https:\/\/sinicesp.org.br\/wp-content\/uploads\/2021\/11\/inclusao-2020-00a-evento-300x300.jpg 300w, https:\/\/sinicesp.org.br\/wp-content\/uploads\/2021\/11\/inclusao-2020-00a-evento-150x150.jpg 150w\" sizes=\"auto, (max-width: 690px) 100vw, 690px\" \/><\/figure><\/div>\n\n\n\n<p><br><\/p>\n\n\n\n<p>EQUIVALENTE TEXTUAL <\/p>\n\n\n\n<p><br>Pe\u00e7a com fundo azul claro. Canto superior esquerdo, Logo ABRH- SP e direito Logo Instituto Rumo Inclus\u00e3o. Abaixo banner de divulga\u00e7\u00e3o 8\u00ba F\u00f3rum Inclus\u00e3o da Diversidade \u2013 Vozes da Diversidade destacando imagem de \u00e1rvore com copa composta por splashs de falas em cores diversas: amarela, preta, verde, rosa e azul representando a diversidade e fotos de m\u00e3os dadas (LGBTQI+), senhor de cabelos brancos (etariedade), pessoa de muletas (pessoa com defici\u00eancia), olho de mulher negra com pintura em esferas brancas (ra\u00e7a) \u2013 VOZES DA DIVERSIDADE \u2013 Totalmente digital e acess\u00edvel \u2013 03 a 06 Nov. Texto: ABRH-SP e Instituto Rumo Inclus\u00e3o convidam voc\u00ea para Painel: Avalia\u00e7\u00e3o Unificada Pessoas com Defici\u00eancia \u2013 IFBr-M \u00cdndice de Funcionalidade Brasileiro Modificado Dia 03\/11 \u2013 das 16 \u00e0s 17h30. Fotos: Dra. Izabel Maior (mulher branca, cabelos pretos e curtos, usando \u00f3culo e colar, vestindo blusa azul e blazer preto e sorrindo para a foto), Dr. Jos\u00e9 Carlos do Carmo (Kal) (homem branco, cabelos grisalhos, de \u00f3culos, vestindo camisa cinza e blusa cinza), Dra. Lailah Vilela (mulher branca, cabelos castanhos compridos e sorrindo para a foto). Luiza De Paula (mulher branca, cabelos grisalhos, de \u00f3culos, vestindo blusa estampada em cores e sorrindo para a foto) \u2013 diretora Diversidade e Inclus\u00e3o ABRH \u2013 Regional Campinas e presidente Instituto Rumo Inclus\u00e3o. 8\u00ba F\u00f3rum Inclus\u00e3o da Diversidade \u2013 ABRH \u2013 SP \u2013 Vozes da Diversidade. Inscri\u00e7\u00e3o e Programa\u00e7\u00e3o Completa no link&nbsp;<strong><a rel=\"noreferrer noopener\" href=\"https:\/\/www.eventbrite.com.br\/e\/8o-forum-inclusao-da-diversidade-vozes-da-diversidade-tickets-125507711945\" target=\"_blank\">https:\/\/www.eventbrite.com.br\/e\/8o-forum-inclusao-da-diversidade-vozes-da-diversidade-tickets-125507711945<\/a><\/strong><\/p>\n\n\n\n<p><\/p>\n\n\n\n<p><\/p>\n<\/div><\/section>\n","protected":false},"excerpt":{"rendered":"<p>8\u00ba F\u00f3rum Inclus\u00e3o e Diversidade ABRH-SP \u2013 Painel gratuito com Dra. Izabel Maior, Dr. Jos\u00e9 Carlos do Carmo (Kal) e Dra. Lailah Vilela.<\/p>\n","protected":false},"author":2,"featured_media":1911,"comment_status":"closed","ping_status":"closed","sticky":false,"template":"","format":"standard","meta":{"om_disable_all_campaigns":false,"_uag_custom_page_level_css":"","_monsterinsights_skip_tracking":false,"_monsterinsights_sitenote_active":false,"_monsterinsights_sitenote_note":"","_monsterinsights_sitenote_category":0,"site-sidebar-layout":"default","site-content-layout":"default","ast-site-content-layout":"default","site-content-style":"default","site-sidebar-style":"default","ast-global-header-display":"","ast-banner-title-visibility":"","ast-main-header-display":"","ast-hfb-above-header-display":"","ast-hfb-below-header-display":"","ast-hfb-mobile-header-display":"","site-post-title":"disabled","ast-breadcrumbs-content":"disabled","ast-featured-img":"disabled","footer-sml-layout":"","ast-disable-related-posts":"","theme-transparent-header-meta":"default","adv-header-id-meta":"","stick-header-meta":"","header-above-stick-meta":"","header-main-stick-meta":"","header-below-stick-meta":"","astra-migrate-meta-layouts":"default","ast-page-background-enabled":"default","ast-page-background-meta":{"desktop":{"background-color":"","background-image":"","background-repeat":"repeat","background-position":"center center","background-size":"auto","background-attachment":"scroll","background-type":"","background-media":"","overlay-type":"","overlay-color":"","overlay-opacity":"","overlay-gradient":""},"tablet":{"background-color":"","background-image":"","background-repeat":"repeat","background-position":"center center","background-size":"auto","background-attachment":"scroll","background-type":"","background-media":"","overlay-type":"","overlay-color":"","overlay-opacity":"","overlay-gradient":""},"mobile":{"background-color":"","background-image":"","background-repeat":"repeat","background-position":"center center","background-size":"auto","background-attachment":"scroll","background-type":"","background-media":"","overlay-type":"","overlay-color":"","overlay-opacity":"","overlay-gradient":""}},"ast-content-background-meta":{"desktop":{"background-color":"var(--ast-global-color-5)","background-image":"","background-repeat":"repeat","background-position":"center center","background-size":"auto","background-attachment":"scroll","background-type":"","background-media":"","overlay-type":"","overlay-color":"","overlay-opacity":"","overlay-gradient":""},"tablet":{"background-color":"var(--ast-global-color-5)","background-image":"","background-repeat":"repeat","background-position":"center center","background-size":"auto","background-attachment":"scroll","background-type":"","background-media":"","overlay-type":"","overlay-color":"","overlay-opacity":"","overlay-gradient":""},"mobile":{"background-color":"var(--ast-global-color-5)","background-image":"","background-repeat":"repeat","background-position":"center center","background-size":"auto","background-attachment":"scroll","background-type":"","background-media":"","overlay-type":"","overlay-color":"","overlay-opacity":"","overlay-gradient":""}},"footnotes":""},"categories":[12],"tags":[15],"class_list":["post-1910","post","type-post","status-publish","format-standard","has-post-thumbnail","hentry","category-inclusao-profissional","tag-noticia"],"aioseo_notices":[],"gutentor_comment":0,"uagb_featured_image_src":{"full":["https:\/\/sinicesp.org.br\/wp-content\/uploads\/2021\/11\/inclusao-2020-39a-pequena.jpg",250,167,false],"thumbnail":["https:\/\/sinicesp.org.br\/wp-content\/uploads\/2021\/11\/inclusao-2020-39a-pequena-150x150.jpg",150,150,true],"medium":["https:\/\/sinicesp.org.br\/wp-content\/uploads\/2021\/11\/inclusao-2020-39a-pequena.jpg",250,167,false],"medium_large":["https:\/\/sinicesp.org.br\/wp-content\/uploads\/2021\/11\/inclusao-2020-39a-pequena.jpg",250,167,false],"large":["https:\/\/sinicesp.org.br\/wp-content\/uploads\/2021\/11\/inclusao-2020-39a-pequena.jpg",250,167,false],"1536x1536":["https:\/\/sinicesp.org.br\/wp-content\/uploads\/2021\/11\/inclusao-2020-39a-pequena.jpg",250,167,false],"2048x2048":["https:\/\/sinicesp.org.br\/wp-content\/uploads\/2021\/11\/inclusao-2020-39a-pequena.jpg",250,167,false]},"uagb_author_info":{"display_name":"Ana Paula Amancio","author_link":"https:\/\/sinicesp.org.br\/index.php\/author\/paula\/"},"uagb_comment_info":0,"uagb_excerpt":"8\u00ba F\u00f3rum Inclus\u00e3o e Diversidade ABRH-SP \u2013 Painel gratuito com Dra. Izabel Maior, Dr. Jos\u00e9 Carlos do Carmo (Kal) e Dra. Lailah Vilela.","_links":{"self":[{"href":"https:\/\/sinicesp.org.br\/index.php\/wp-json\/wp\/v2\/posts\/1910","targetHints":{"allow":["GET"]}}],"collection":[{"href":"https:\/\/sinicesp.org.br\/index.php\/wp-json\/wp\/v2\/posts"}],"about":[{"href":"https:\/\/sinicesp.org.br\/index.php\/wp-json\/wp\/v2\/types\/post"}],"author":[{"embeddable":true,"href":"https:\/\/sinicesp.org.br\/index.php\/wp-json\/wp\/v2\/users\/2"}],"replies":[{"embeddable":true,"href":"https:\/\/sinicesp.org.br\/index.php\/wp-json\/wp\/v2\/comments?post=1910"}],"version-history":[{"count":0,"href":"https:\/\/sinicesp.org.br\/index.php\/wp-json\/wp\/v2\/posts\/1910\/revisions"}],"wp:featuredmedia":[{"embeddable":true,"href":"https:\/\/sinicesp.org.br\/index.php\/wp-json\/wp\/v2\/media\/1911"}],"wp:attachment":[{"href":"https:\/\/sinicesp.org.br\/index.php\/wp-json\/wp\/v2\/media?parent=1910"}],"wp:term":[{"taxonomy":"category","embeddable":true,"href":"https:\/\/sinicesp.org.br\/index.php\/wp-json\/wp\/v2\/categories?post=1910"},{"taxonomy":"post_tag","embeddable":true,"href":"https:\/\/sinicesp.org.br\/index.php\/wp-json\/wp\/v2\/tags?post=1910"}],"curies":[{"name":"wp","href":"https:\/\/api.w.org\/{rel}","templated":true}]}}