{"id":1920,"date":"2020-11-18T14:56:17","date_gmt":"2020-11-18T17:56:17","guid":{"rendered":"http:\/\/sinicesp.org.br\/?p=1920"},"modified":"2021-11-23T14:57:18","modified_gmt":"2021-11-23T17:57:18","slug":"sinicesp-e-instituto-rumo-inclusao-discutem-temas-relacionados-com-a-deficiencia-psicossocial-transtorno-mental-e-a-deficiencia-intelectual","status":"publish","type":"post","link":"https:\/\/sinicesp.org.br\/index.php\/2020\/11\/18\/sinicesp-e-instituto-rumo-inclusao-discutem-temas-relacionados-com-a-deficiencia-psicossocial-transtorno-mental-e-a-deficiencia-intelectual\/","title":{"rendered":"SINICESP e Instituto Rumo Inclus\u00e3o discutem temas relacionados com a Defici\u00eancia Psicossocial &#8211; Transtorno Mental e a Defici\u00eancia Intelectual"},"content":{"rendered":"\n<section class=\"wp-block-uagb-section uagb-section__wrap uagb-section__background-color uagb-block-d7cd06aa\"><div class=\"uagb-section__overlay\"><\/div><div class=\"uagb-section__inner-wrap\">\n<div style=\"height:10px\" aria-hidden=\"true\" class=\"wp-block-spacer\"><\/div>\n\n\n\n<div class=\"wp-block-uagb-advanced-heading uagb-block-1e4313ce\"><h3 class=\"uagb-heading-text\"><strong>Inclus\u00e3o profissional n\u00ba 39\/2020 &#8211; 18\/11\/2020 <\/strong><\/h3><div class=\"uagb-separator-wrap\"><div class=\"uagb-separator\"><\/div><\/div><p class=\"uagb-desc-text\"><\/p><\/div>\n\n\n\n<p><\/p>\n<\/div><\/section>\n\n\n\n<section class=\"wp-block-uagb-section uagb-section__wrap uagb-section__background-color uagb-block-9c2cf853\"><div class=\"uagb-section__overlay\"><\/div><div class=\"uagb-section__inner-wrap\">\n<h2 class=\"has-text-color wp-block-heading\" style=\"color:#0767b1\">SINICESP e Instituto Rumo Inclus\u00e3o discutem temas relacionados com a Defici\u00eancia Psicossocial &#8211; Transtorno Mental e a Defici\u00eancia Intelectual<\/h2>\n\n\n\n<p><\/p>\n\n\n\n<p>Foi a terceira edi\u00e7\u00e3o de evento conjunto entre o Sinicesp e o Instituto Rumo Inclus\u00e3o. A representante do Instituto Rumo Inclus\u00e3o, Luiza de Paula, falou sobre a diferen\u00e7a entre defici\u00eancia intelectual e mental e como avali\u00e1-las, detalhando tamb\u00e9m a respeito da defici\u00eancia psicossocial e sobre o Transtorno do Espectro Autista e suas caracter\u00edsticas. <br><br>Outro aspecto abordado por Luiza de Paula foi sobre a metodologia do cadastramento que poder\u00e1 ser desenvolvida pela ind\u00fastria da constru\u00e7\u00e3o pesada, como uma das contrapartidas do Termo de Coopera\u00e7\u00e3o T\u00e9cnica que est\u00e1 sendo negociado com a Superintend\u00eancia Regional do Trabalho e Emprego do Estado de S\u00e3o Paulo. Esse termo, quando concretizado, vai determinar metas parciais para contrata\u00e7\u00e3o de pessoas com defici\u00eancia. <br><br>A reuni\u00e3o virtual teve 27 participantes, muitos deles representantes de empresas do setor da constru\u00e7\u00e3o pesada, que solicitaram esclarecimentos de d\u00favidas sobre a metodologia e etapas do projeto. A coordenadora do Grupo de Inclus\u00e3o do SINICESP, advogada Caroline Meloni M. N. Cliber, informou sobre as \u00faltimas provid\u00eancias para a instala\u00e7\u00e3o do Termo de Coopera\u00e7\u00e3o T\u00e9cnica, bem como as condi\u00e7\u00f5es e expectativas do SINICESP. <br><br>O Sindicato convocar\u00e1, em breve, uma reuni\u00e3o apenas com as empresas que tem interesse em aderir ao Termo de Coopera\u00e7\u00e3o T\u00e9cnica, que prev\u00ea metas parciais de contrata\u00e7\u00e3o de pessoas com defici\u00eancia (metas parciais para cumprimento da Lei de Cotas). <br><br>A Universidade Livre para a Efici\u00eancia Humana &#8211; Unilehu, que \u00e9 uma organiza\u00e7\u00e3o do terceiro setor e atua em todo territ\u00f3rio nacional, realizando a\u00e7\u00f5es sociais em prol de pessoas e grupos que se encontram em situa\u00e7\u00e3o de vulnerabilidade social, tamb\u00e9m participou do evento. A vice-presidente da universidade, Ivy Karla Abbade, falou brevemente sobre o trabalho e se colocou \u00e0 disposi\u00e7\u00e3o para futuras parcerias com o SINICESP. O evento foi realizado de forma online e contou com int\u00e9rpretes de libras da Unilehu <br><br><a href=\"https:\/\/sinicesp.org.br\/boletins\/2020\/sinimail\/apresentacao-evento-3.pdf\"><strong>Clique aqui para ter acesso \u00e0 apresenta\u00e7\u00e3o do Instituto Rumo Inclus\u00e3o<\/strong><\/a> <br><br><\/p>\n<\/div><\/section>\n","protected":false},"excerpt":{"rendered":"<p>A representante do Instituto Rumo Inclus\u00e3o, Luiza de Paula, falou sobre a diferen\u00e7a entre defici\u00eancia intelectual e mental e como avali\u00e1-las, detalhando tamb\u00e9m a respeito da defici\u00eancia psicossocial e sobre o Transtorno do Espectro Autista e suas caracter\u00edsticas.<\/p>\n","protected":false},"author":2,"featured_media":1921,"comment_status":"closed","ping_status":"closed","sticky":false,"template":"","format":"standard","meta":{"om_disable_all_campaigns":false,"_uag_custom_page_level_css":"","_monsterinsights_skip_tracking":false,"_monsterinsights_sitenote_active":false,"_monsterinsights_sitenote_note":"","_monsterinsights_sitenote_category":0,"site-sidebar-layout":"default","site-content-layout":"default","ast-site-content-layout":"default","site-content-style":"default","site-sidebar-style":"default","ast-global-header-display":"","ast-banner-title-visibility":"","ast-main-header-display":"","ast-hfb-above-header-display":"","ast-hfb-below-header-display":"","ast-hfb-mobile-header-display":"","site-post-title":"disabled","ast-breadcrumbs-content":"disabled","ast-featured-img":"disabled","footer-sml-layout":"","ast-disable-related-posts":"","theme-transparent-header-meta":"default","adv-header-id-meta":"","stick-header-meta":"","header-above-stick-meta":"","header-main-stick-meta":"","header-below-stick-meta":"","astra-migrate-meta-layouts":"default","ast-page-background-enabled":"default","ast-page-background-meta":{"desktop":{"background-color":"","background-image":"","background-repeat":"repeat","background-position":"center center","background-size":"auto","background-attachment":"scroll","background-type":"","background-media":"","overlay-type":"","overlay-color":"","overlay-opacity":"","overlay-gradient":""},"tablet":{"background-color":"","background-image":"","background-repeat":"repeat","background-position":"center center","background-size":"auto","background-attachment":"scroll","background-type":"","background-media":"","overlay-type":"","overlay-color":"","overlay-opacity":"","overlay-gradient":""},"mobile":{"background-color":"","background-image":"","background-repeat":"repeat","background-position":"center center","background-size":"auto","background-attachment":"scroll","background-type":"","background-media":"","overlay-type":"","overlay-color":"","overlay-opacity":"","overlay-gradient":""}},"ast-content-background-meta":{"desktop":{"background-color":"var(--ast-global-color-5)","background-image":"","background-repeat":"repeat","background-position":"center center","background-size":"auto","background-attachment":"scroll","background-type":"","background-media":"","overlay-type":"","overlay-color":"","overlay-opacity":"","overlay-gradient":""},"tablet":{"background-color":"var(--ast-global-color-5)","background-image":"","background-repeat":"repeat","background-position":"center center","background-size":"auto","background-attachment":"scroll","background-type":"","background-media":"","overlay-type":"","overlay-color":"","overlay-opacity":"","overlay-gradient":""},"mobile":{"background-color":"var(--ast-global-color-5)","background-image":"","background-repeat":"repeat","background-position":"center center","background-size":"auto","background-attachment":"scroll","background-type":"","background-media":"","overlay-type":"","overlay-color":"","overlay-opacity":"","overlay-gradient":""}},"footnotes":""},"categories":[12],"tags":[15],"class_list":["post-1920","post","type-post","status-publish","format-standard","has-post-thumbnail","hentry","category-inclusao-profissional","tag-noticia"],"aioseo_notices":[],"gutentor_comment":0,"uagb_featured_image_src":{"full":["https:\/\/sinicesp.org.br\/wp-content\/uploads\/2021\/11\/inclusao-2020-39a-pequena-1.jpg",250,167,false],"thumbnail":["https:\/\/sinicesp.org.br\/wp-content\/uploads\/2021\/11\/inclusao-2020-39a-pequena-1-150x150.jpg",150,150,true],"medium":["https:\/\/sinicesp.org.br\/wp-content\/uploads\/2021\/11\/inclusao-2020-39a-pequena-1.jpg",250,167,false],"medium_large":["https:\/\/sinicesp.org.br\/wp-content\/uploads\/2021\/11\/inclusao-2020-39a-pequena-1.jpg",250,167,false],"large":["https:\/\/sinicesp.org.br\/wp-content\/uploads\/2021\/11\/inclusao-2020-39a-pequena-1.jpg",250,167,false],"1536x1536":["https:\/\/sinicesp.org.br\/wp-content\/uploads\/2021\/11\/inclusao-2020-39a-pequena-1.jpg",250,167,false],"2048x2048":["https:\/\/sinicesp.org.br\/wp-content\/uploads\/2021\/11\/inclusao-2020-39a-pequena-1.jpg",250,167,false]},"uagb_author_info":{"display_name":"Ana Paula Amancio","author_link":"https:\/\/sinicesp.org.br\/index.php\/author\/paula\/"},"uagb_comment_info":0,"uagb_excerpt":"A representante do Instituto Rumo Inclus\u00e3o, Luiza de Paula, falou sobre a diferen\u00e7a entre defici\u00eancia intelectual e mental e como avali\u00e1-las, detalhando tamb\u00e9m a respeito da defici\u00eancia psicossocial e sobre o Transtorno do Espectro Autista e suas caracter\u00edsticas.","_links":{"self":[{"href":"https:\/\/sinicesp.org.br\/index.php\/wp-json\/wp\/v2\/posts\/1920","targetHints":{"allow":["GET"]}}],"collection":[{"href":"https:\/\/sinicesp.org.br\/index.php\/wp-json\/wp\/v2\/posts"}],"about":[{"href":"https:\/\/sinicesp.org.br\/index.php\/wp-json\/wp\/v2\/types\/post"}],"author":[{"embeddable":true,"href":"https:\/\/sinicesp.org.br\/index.php\/wp-json\/wp\/v2\/users\/2"}],"replies":[{"embeddable":true,"href":"https:\/\/sinicesp.org.br\/index.php\/wp-json\/wp\/v2\/comments?post=1920"}],"version-history":[{"count":0,"href":"https:\/\/sinicesp.org.br\/index.php\/wp-json\/wp\/v2\/posts\/1920\/revisions"}],"wp:featuredmedia":[{"embeddable":true,"href":"https:\/\/sinicesp.org.br\/index.php\/wp-json\/wp\/v2\/media\/1921"}],"wp:attachment":[{"href":"https:\/\/sinicesp.org.br\/index.php\/wp-json\/wp\/v2\/media?parent=1920"}],"wp:term":[{"taxonomy":"category","embeddable":true,"href":"https:\/\/sinicesp.org.br\/index.php\/wp-json\/wp\/v2\/categories?post=1920"},{"taxonomy":"post_tag","embeddable":true,"href":"https:\/\/sinicesp.org.br\/index.php\/wp-json\/wp\/v2\/tags?post=1920"}],"curies":[{"name":"wp","href":"https:\/\/api.w.org\/{rel}","templated":true}]}}