{"id":1937,"date":"2021-11-23T17:10:20","date_gmt":"2021-11-23T20:10:20","guid":{"rendered":"http:\/\/sinicesp.org.br\/?p=1937"},"modified":"2022-02-25T14:57:46","modified_gmt":"2022-02-25T17:57:46","slug":"14o-congresso-brasileiro-da-construcao","status":"publish","type":"post","link":"https:\/\/sinicesp.org.br\/index.php\/2021\/11\/23\/14o-congresso-brasileiro-da-construcao\/","title":{"rendered":"14\u00ba CONGRESSO BRASILEIRO DA CONSTRU\u00c7\u00c3O"},"content":{"rendered":"\n<section class=\"wp-block-uagb-section uagb-section__wrap uagb-section__background-color uagb-block-466a8e1f\"><div class=\"uagb-section__overlay\"><\/div><div class=\"uagb-section__inner-wrap\">\n<div style=\"height:10px\" aria-hidden=\"true\" class=\"wp-block-spacer\"><\/div>\n\n\n\n<div class=\"wp-block-uagb-advanced-heading uagb-block-12a1ef03\"><h3 class=\"uagb-heading-text\"><br><strong>Sinimail n\u00ba 32\/2021 &#8211; 23\/11\/2021 <\/strong><\/h3><div class=\"uagb-separator-wrap\"><div class=\"uagb-separator\"><\/div><\/div><p class=\"uagb-desc-text\"><\/p><\/div>\n\n\n\n<p><\/p>\n<\/div><\/section>\n\n\n\n<section class=\"wp-block-uagb-section uagb-section__wrap uagb-section__background-color uagb-block-4e221bc7\"><div class=\"uagb-section__overlay\"><\/div><div class=\"uagb-section__inner-wrap\">\n<h2 class=\"has-text-color wp-block-heading\" id=\"14\u00ba-congresso-brasileiro-da-construcao\" style=\"color:#0767b1\">14\u00ba CONGRESSO BRASILEIRO DA CONSTRU\u00c7\u00c3O <\/h2>\n\n\n\n<p><\/p>\n\n\n\n<p><\/p>\n\n\n\n<p>O 14\u00ba CONSTRUBUSINESS \u2013 CONGRESSO BRASILEIRO DA CONSTRU\u00c7\u00c3O ser\u00e1 realizado no pr\u00f3ximo dia 29 de novembro, das 09h00 \u00e0s 13h00. O tema deste ano ser\u00e1 \u201c A CADEIA PRODUTIVA DA CONSTRU\u00c7\u00c3O ACELERANDO A RETOMADA BRASILEIRA P\u00d3S-PANDEMIA\u201d. <br><br>Os participantes poder\u00e3o acompanhar de forma presencial e online. O evento vai discutir os principais desafios e a\u00e7\u00f5es para a recupera\u00e7\u00e3o econ\u00f4mica do Brasil ap\u00f3s a pandemia, abordando temas como infraestrutura econ\u00f4mica, desenvolvimento urbano, seguran\u00e7a jur\u00eddica e investimentos. <br><br>A abertura do encontro contar\u00e1 com a presen\u00e7a dos ministros da Infraestrutura, Tarc\u00edsio de Freitas, e do Desenvolvimento Regional, Rog\u00e9rio Marinho. Informa\u00e7\u00f5es e inscri\u00e7\u00f5es em:&nbsp;<strong><a rel=\"noreferrer noopener\" href=\"https:\/\/www.fiesp.com.br\/agenda\/14o-congresso-brasileiro-da-construcao-a-industria-da-construcao-acelerando-a-retomada-brasileira-pos-pandemia\/#new_tab\" target=\"_blank\">https:\/\/www.fiesp.com.br\/agenda\/14o-congresso-brasileiro-da-construcao-a-industria-da-construcao-acelerando-a-retomada-brasileira-pos-pandemia\/#new_tab<\/a><\/strong> <br><br><strong>Programa\u00e7\u00e3o:<\/strong> <br><br><strong>Cerim\u00f4nia de abertura<\/strong> <br><br>\u2022&nbsp;<strong>Paulo Skaf<\/strong>, Presidente da Fiesp e do CIESP;<br>\u2022&nbsp;<strong>Jos\u00e9 Carlos de Oliveira Lima<\/strong>, Presidente do Consic\/Fiesp;<br>\u2022&nbsp;<strong>Jos\u00e9 Romeu Ferraz Neto<\/strong>, Diretor titular do Deconcic\/Fiesp;<br>\u2022&nbsp;<strong>Tarc\u00edsio Gomes de Freitas<\/strong>, Ministro de Estado da Infraestrutura;<br>\u2022&nbsp;<strong>Rog\u00e9rio Marinho<\/strong>, Ministro de Estado do Desenvolvimento Regional;<br>\u2022&nbsp;<strong>Jair Luis Mahl<\/strong>, Vice-presidente de Habita\u00e7\u00e3o da Caixa Econ\u00f4mica Federal. <br><br><strong>Painel de debate 1 \u2013 A import\u00e2ncia da seguran\u00e7a jur\u00eddica e regulat\u00f3ria no ambiente de neg\u00f3cios<\/strong> <br><br>\u2022&nbsp;<strong>Bruno Westin Prado Soares Leal<\/strong>, Secret\u00e1rio especial adjunto da Secretaria do Programa de Parcerias de Investimentos do Minist\u00e9rio da Economia;<br>\u2022&nbsp;<strong>Ana Arraes<\/strong>, Presidente do Tribunal de Contas da Uni\u00e3o (TCU);<br>\u2022&nbsp;<strong>Victor Hugo Froner Bicca<\/strong>, Diretor-geral da Ag\u00eancia Nacional de Minera\u00e7\u00e3o (ANM);<br>\u2022&nbsp;<strong>Luiz Augusto Santos Lima<\/strong>, Subprocurador-geral da Rep\u00fablica do Minist\u00e9rio P\u00fablico Federal;<br>\u2022&nbsp;<strong>Radam\u00e9s Casseb<\/strong>, CEO da Aegea. Moderadora: Juliana Rosa, jornalista. <br><br><strong>Painel de debate 2 \u2013 Fontes de financiamento para garantir os investimentos necess\u00e1rios<\/strong> <br><br>\u2022&nbsp;<strong>Alfredo Eduardo dos Santos<\/strong>, Secret\u00e1rio nacional de Habita\u00e7\u00e3o do Minist\u00e9rio do Desenvolvimento Regional;<br>\u2022&nbsp;<strong>Jair Luis Mahl<\/strong>, Vice-presidente de Habita\u00e7\u00e3o da Caixa Econ\u00f4mica Federal;<br>\u2022&nbsp;<strong>Rodrigo Uchoa Luna<\/strong>, Vice-presidente de Habita\u00e7\u00e3o Econ\u00f4mica do Secovi-SP e presidente do Conselho de Administra\u00e7\u00e3o da Plano&amp;Plano;<br>\u2022&nbsp;<strong>Miltom d\u2019Avila<\/strong>, Superintendente comercial do Segmento Imobili\u00e1rio do Ita\u00fa BBA. <br><br>Moderadora:&nbsp;<strong>Juliana Rosa<\/strong>, jornalista. <br><br><strong>Lan\u00e7amento do Novo Guia da Edifica\u00e7\u00e3o Segura<\/strong> <br><br>Expositor:&nbsp;<strong>Carlos Trombini<\/strong>, Diretor do Deconcic\/Fiesp e coordenador do GT Seguran\u00e7a e Sistemas Prediais. <br><br><strong>Lan\u00e7amento da Norma ABNT sobre monitoramento de pesagem em movimento<\/strong><br>Participantes da solenidade: <br><br>\u2022&nbsp;<strong>Deputado Federal J\u00falio Lopes<\/strong>, Vice-presidente da C\u00e2mara Tem\u00e1tica do BIM na Frenlogi;<br>\u2022&nbsp;<strong>Mario William Esper<\/strong>, Presidente do Conselho Deliberativo da Associa\u00e7\u00e3o Brasileira de Normas T\u00e9cnicas (ABNT). <br><br><strong>Solu\u00e7\u00f5es adequadas para conflitos na \u00e1rea de infraestrutura \u2013 conhecendo o Dispute Board e a Arbitragem<\/strong> <br><br>Expositor:&nbsp;<strong>Ellen Gracie Northfleet<\/strong>, Ministra aposentada e ex-presidente do Supremo Tribunal Federal, atual vice-presidente da C\u00e2mara de Concilia\u00e7\u00e3o, Media\u00e7\u00e3o e Arbitragem CIESP\/Fiesp. <br><br><strong>Encerramento<\/strong><\/p>\n\n\n\n<p> <br><br><br><\/p>\n\n\n\n<p><\/p>\n\n\n\n<p><\/p>\n\n\n\n<p><\/p>\n\n\n\n<p><\/p>\n\n\n\n<p><\/p>\n\n\n\n<p><br><br><br><br><\/p>\n\n\n\n<p><br><\/p>\n<\/div><\/section>\n","protected":false},"excerpt":{"rendered":"<p>O 14\u00ba CONSTRUBUSINESS \u2013 CONGRESSO BRASILEIRO DA CONSTRU\u00c7\u00c3O ser\u00e1 realizado no pr\u00f3ximo dia 29 de novembro, das 09h00 \u00e0s 13h00. O tema deste ano ser\u00e1 \u201cA CADEIA PRODUTIVA DA CONSTRU\u00c7\u00c3O ACELERANDO A RETOMADA BRASILEIRA P\u00d3S-PANDEMIA\u201d.<\/p>\n","protected":false},"author":2,"featured_media":1938,"comment_status":"closed","ping_status":"closed","sticky":false,"template":"","format":"standard","meta":{"om_disable_all_campaigns":false,"_uag_custom_page_level_css":"","_monsterinsights_skip_tracking":false,"_monsterinsights_sitenote_active":false,"_monsterinsights_sitenote_note":"","_monsterinsights_sitenote_category":0,"site-sidebar-layout":"default","site-content-layout":"default","ast-site-content-layout":"default","site-content-style":"default","site-sidebar-style":"default","ast-global-header-display":"","ast-banner-title-visibility":"","ast-main-header-display":"","ast-hfb-above-header-display":"","ast-hfb-below-header-display":"","ast-hfb-mobile-header-display":"","site-post-title":"disabled","ast-breadcrumbs-content":"disabled","ast-featured-img":"disabled","footer-sml-layout":"","ast-disable-related-posts":"","theme-transparent-header-meta":"default","adv-header-id-meta":"","stick-header-meta":"","header-above-stick-meta":"","header-main-stick-meta":"","header-below-stick-meta":"","astra-migrate-meta-layouts":"default","ast-page-background-enabled":"default","ast-page-background-meta":{"desktop":{"background-color":"","background-image":"","background-repeat":"repeat","background-position":"center center","background-size":"auto","background-attachment":"scroll","background-type":"","background-media":"","overlay-type":"","overlay-color":"","overlay-opacity":"","overlay-gradient":""},"tablet":{"background-color":"","background-image":"","background-repeat":"repeat","background-position":"center center","background-size":"auto","background-attachment":"scroll","background-type":"","background-media":"","overlay-type":"","overlay-color":"","overlay-opacity":"","overlay-gradient":""},"mobile":{"background-color":"","background-image":"","background-repeat":"repeat","background-position":"center center","background-size":"auto","background-attachment":"scroll","background-type":"","background-media":"","overlay-type":"","overlay-color":"","overlay-opacity":"","overlay-gradient":""}},"ast-content-background-meta":{"desktop":{"background-color":"var(--ast-global-color-5)","background-image":"","background-repeat":"repeat","background-position":"center center","background-size":"auto","background-attachment":"scroll","background-type":"","background-media":"","overlay-type":"","overlay-color":"","overlay-opacity":"","overlay-gradient":""},"tablet":{"background-color":"var(--ast-global-color-5)","background-image":"","background-repeat":"repeat","background-position":"center center","background-size":"auto","background-attachment":"scroll","background-type":"","background-media":"","overlay-type":"","overlay-color":"","overlay-opacity":"","overlay-gradient":""},"mobile":{"background-color":"var(--ast-global-color-5)","background-image":"","background-repeat":"repeat","background-position":"center center","background-size":"auto","background-attachment":"scroll","background-type":"","background-media":"","overlay-type":"","overlay-color":"","overlay-opacity":"","overlay-gradient":""}},"footnotes":""},"categories":[3],"tags":[124],"class_list":["post-1937","post","type-post","status-publish","format-standard","has-post-thumbnail","hentry","category-sinimail","tag-sinimail-no-32-2021-23-11-2021"],"aioseo_notices":[],"gutentor_comment":0,"uagb_featured_image_src":{"full":["https:\/\/sinicesp.org.br\/wp-content\/uploads\/2021\/11\/sinimail-2021-32-pequena.jpg",250,167,false],"thumbnail":["https:\/\/sinicesp.org.br\/wp-content\/uploads\/2021\/11\/sinimail-2021-32-pequena-150x150.jpg",150,150,true],"medium":["https:\/\/sinicesp.org.br\/wp-content\/uploads\/2021\/11\/sinimail-2021-32-pequena.jpg",250,167,false],"medium_large":["https:\/\/sinicesp.org.br\/wp-content\/uploads\/2021\/11\/sinimail-2021-32-pequena.jpg",250,167,false],"large":["https:\/\/sinicesp.org.br\/wp-content\/uploads\/2021\/11\/sinimail-2021-32-pequena.jpg",250,167,false],"1536x1536":["https:\/\/sinicesp.org.br\/wp-content\/uploads\/2021\/11\/sinimail-2021-32-pequena.jpg",250,167,false],"2048x2048":["https:\/\/sinicesp.org.br\/wp-content\/uploads\/2021\/11\/sinimail-2021-32-pequena.jpg",250,167,false]},"uagb_author_info":{"display_name":"Ana Paula Amancio","author_link":"https:\/\/sinicesp.org.br\/index.php\/author\/paula\/"},"uagb_comment_info":0,"uagb_excerpt":"O 14\u00ba CONSTRUBUSINESS \u2013 CONGRESSO BRASILEIRO DA CONSTRU\u00c7\u00c3O ser\u00e1 realizado no pr\u00f3ximo dia 29 de novembro, das 09h00 \u00e0s 13h00. O tema deste ano ser\u00e1 \u201cA CADEIA PRODUTIVA DA CONSTRU\u00c7\u00c3O ACELERANDO A RETOMADA BRASILEIRA P\u00d3S-PANDEMIA\u201d.","_links":{"self":[{"href":"https:\/\/sinicesp.org.br\/index.php\/wp-json\/wp\/v2\/posts\/1937","targetHints":{"allow":["GET"]}}],"collection":[{"href":"https:\/\/sinicesp.org.br\/index.php\/wp-json\/wp\/v2\/posts"}],"about":[{"href":"https:\/\/sinicesp.org.br\/index.php\/wp-json\/wp\/v2\/types\/post"}],"author":[{"embeddable":true,"href":"https:\/\/sinicesp.org.br\/index.php\/wp-json\/wp\/v2\/users\/2"}],"replies":[{"embeddable":true,"href":"https:\/\/sinicesp.org.br\/index.php\/wp-json\/wp\/v2\/comments?post=1937"}],"version-history":[{"count":0,"href":"https:\/\/sinicesp.org.br\/index.php\/wp-json\/wp\/v2\/posts\/1937\/revisions"}],"wp:featuredmedia":[{"embeddable":true,"href":"https:\/\/sinicesp.org.br\/index.php\/wp-json\/wp\/v2\/media\/1938"}],"wp:attachment":[{"href":"https:\/\/sinicesp.org.br\/index.php\/wp-json\/wp\/v2\/media?parent=1937"}],"wp:term":[{"taxonomy":"category","embeddable":true,"href":"https:\/\/sinicesp.org.br\/index.php\/wp-json\/wp\/v2\/categories?post=1937"},{"taxonomy":"post_tag","embeddable":true,"href":"https:\/\/sinicesp.org.br\/index.php\/wp-json\/wp\/v2\/tags?post=1937"}],"curies":[{"name":"wp","href":"https:\/\/api.w.org\/{rel}","templated":true}]}}