{"id":1994,"date":"2021-11-24T14:48:58","date_gmt":"2021-11-24T17:48:58","guid":{"rendered":"http:\/\/sinicesp.org.br\/?p=1994"},"modified":"2021-11-24T14:49:32","modified_gmt":"2021-11-24T17:49:32","slug":"pgr-opina-pelo-nao-conhecimento-de-reclamacoes-que-questionam-correcao-monetaria-de-debitos-trabalhistas","status":"publish","type":"post","link":"https:\/\/sinicesp.org.br\/index.php\/2021\/11\/24\/pgr-opina-pelo-nao-conhecimento-de-reclamacoes-que-questionam-correcao-monetaria-de-debitos-trabalhistas\/","title":{"rendered":"PGR opina pelo n\u00e3o conhecimento de reclama\u00e7\u00f5es que questionam corre\u00e7\u00e3o monet\u00e1ria de d\u00e9bitos trabalhistas"},"content":{"rendered":"\n<p><\/p>\n\n\n\n<section class=\"wp-block-uagb-section uagb-section__wrap uagb-section__background-color uagb-block-f4676f45\"><div class=\"uagb-section__overlay\"><\/div><div class=\"uagb-section__inner-wrap\">\n<div style=\"height:10px\" aria-hidden=\"true\" class=\"wp-block-spacer\"><\/div>\n\n\n\n<div class=\"wp-block-uagb-advanced-heading uagb-block-3425b892\"><h3 class=\"uagb-heading-text\"><strong>Boletim Jur\u00eddico n\u00ba 11\/2021 &#8211; 24\/11\/2021 <\/strong><\/h3><div class=\"uagb-separator-wrap\"><div class=\"uagb-separator\"><\/div><\/div><p class=\"uagb-desc-text\"><\/p><\/div>\n\n\n\n<p><\/p>\n<\/div><\/section>\n\n\n\n<section class=\"wp-block-uagb-section uagb-section__wrap uagb-section__background-color uagb-block-1dc9afe8\"><div class=\"uagb-section__overlay\"><\/div><div class=\"uagb-section__inner-wrap\">\n<h2 class=\"has-text-color wp-block-heading\" style=\"color:#0767b1\"><a href=\"javascript:abrir('http:\/\/www.sinicesp.org.br\/materias\/2021\/bj09a.htm')\">PGR opina pelo n\u00e3o conhecimento de reclama\u00e7\u00f5es que questionam corre\u00e7\u00e3o monet\u00e1ria de d\u00e9bitos trabalhistas<\/a><\/h2>\n\n\n\n<p><\/p>\n\n\n\n<p><\/p>\n\n\n\n<p>O procurador-geral da Rep\u00fablica, Augusto Aras, enviou ao Supremo Tribunal Federa (STF) pareceres pelo n\u00e3o conhecimento de duas reclama\u00e7\u00f5es que questionam decis\u00f5es da Justi\u00e7a do Trabalho determinando a acumula\u00e7\u00e3o de taxas com juros para corre\u00e7\u00e3o de d\u00e9bitos trabalhistas. Para o PGR, as a\u00e7\u00f5es n\u00e3o devem ser conhecidas, j\u00e1 que a reclama\u00e7\u00e3o n\u00e3o pode ser utilizada para substituir recursos ordin\u00e1rios, sob pena de supress\u00e3o de inst\u00e2ncias e viola\u00e7\u00e3o ao devido processo legal. No entanto, se decidir analisar os dois casos, o Supremo deve considerar os pedidos procedentes. Isso porque n\u00e3o \u00e9 poss\u00edvel corrigir d\u00e9bitos trabalhistas por meio da acumula\u00e7\u00e3o de Taxa Selic com juros mensais, nem utilizar outro \u00edndice que n\u00e3o a Selic ap\u00f3s o ajuizamento da a\u00e7\u00e3o, conforme decis\u00e3o do pr\u00f3prio Supremo. <br><br>As reclama\u00e7\u00f5es foram ajuizadas por duas empresas. Em um dos casos, questiona-se a determina\u00e7\u00e3o da Justi\u00e7a do Trabalho de Ribeir\u00e3o Preto (SP) de aplicar a Selic mais juros de 1% ao m\u00eas para corre\u00e7\u00e3o dos d\u00e9bitos (Reclama\u00e7\u00e3o 49.317\/SP). No outro caso, a decis\u00e3o alvo da reclama\u00e7\u00e3o foi proferida pela Justi\u00e7a do Trabalho de S\u00e3o Paulo, que determinou a atualiza\u00e7\u00e3o monet\u00e1ria pela TR e, em seguida, pelo IPCA-E, acrescida de juros simples de 1% ao m\u00eas (Reclama\u00e7\u00e3o 48.046\/SP). <br><br>A alega\u00e7\u00e3o das empresas \u00e9 que, ao acumular a Selic e outras taxas com juros, a Justi\u00e7a do Trabalho teria desrespeitado as decis\u00f5es do STF nas a\u00e7\u00f5es declarat\u00f3rias de constitucionalidade 58\/DF e 59\/DF e nas a\u00e7\u00f5es diretas de inconstitucionalidade 5.867\/DF e 6.021\/DF, que discutiram a constitucionalidade dos \u00edndices de corre\u00e7\u00e3o dos dep\u00f3sitos recursais e d\u00e9bitos trabalhistas. Nesses julgamentos, o Supremo definiu que devem ser aplicados \u00e0s a\u00e7\u00f5es trabalhistas os mesmos \u00edndices de corre\u00e7\u00e3o usados nas condena\u00e7\u00f5es c\u00edveis em geral. Al\u00e9m disso, ficou estabelecida a incid\u00eancia do \u00cdndice Nacional de Pre\u00e7os ao Consumidor Amplo Especial (IPCA-E) na fase pr\u00e9-judicial, e da Taxa Selic a partir do ajuizamento da a\u00e7\u00e3o. <br><br><strong>N\u00e3o conhecimento<\/strong>\u00a0\u2013 No parecer, Aras explica que as reclama\u00e7\u00f5es foram ajuizadas perante o Supremo antes do esgotamento dos recursos adequados, pulando etapas do rito processual. \u201cO julgamento da causa diretamente pela Suprema Corte, no \u00e2mbito estreito da reclama\u00e7\u00e3o constitucional, teria por efeito, neste e na maioria dos casos, a supress\u00e3o de inst\u00e2ncias e a ofensa aos princ\u00edpios do juiz natural, do contradit\u00f3rio e da ampla defesa e, por consequ\u00eancia, do devido processo legal\u201d, explica o PGR. Por isso, as reclama\u00e7\u00f5es n\u00e3o devem ser conhecidas. <br><br>No entanto, se decidir analisar os dois casos, o Supremo deve considerar as reclama\u00e7\u00f5es procedentes. O PGR explica que o pr\u00f3prio STF j\u00e1 definiu como deve ser feita a corre\u00e7\u00e3o de d\u00e9bitos trabalhistas e afastou, de forma expressa, a possibilidade de acumula\u00e7\u00e3o das taxas com juros. Assim, ao acumular a Selic com juros e ao utilizar outros \u00edndices para corre\u00e7\u00e3o, as duas decis\u00f5es desrespeitam esse entendimento e, por isso, devem ser anuladas. <br><br><strong>\u00cdntegras das manifesta\u00e7\u00f5es<\/strong> <br><br>Reclama\u00e7\u00e3o 49.317\/SP<br>Reclama\u00e7\u00e3o 48.046\/SP <br><br><strong>Fonte:\u00a0<\/strong>PGR<\/p>\n\n\n\n<p><\/p>\n\n\n\n<p><\/p>\n\n\n\n<p><\/p>\n<\/div><\/section>\n","protected":false},"excerpt":{"rendered":"<p>Segundo o procurador-geral da Rep\u00fablica, reclama\u00e7\u00f5es s\u00e3o utilizadas para substituir os recursos adequados, o que afronta o devido processo legal.<\/p>\n","protected":false},"author":2,"featured_media":1995,"comment_status":"closed","ping_status":"closed","sticky":false,"template":"","format":"standard","meta":{"om_disable_all_campaigns":false,"_uag_custom_page_level_css":"","_monsterinsights_skip_tracking":false,"_monsterinsights_sitenote_active":false,"_monsterinsights_sitenote_note":"","_monsterinsights_sitenote_category":0,"site-sidebar-layout":"default","site-content-layout":"default","ast-site-content-layout":"default","site-content-style":"default","site-sidebar-style":"default","ast-global-header-display":"","ast-banner-title-visibility":"","ast-main-header-display":"","ast-hfb-above-header-display":"","ast-hfb-below-header-display":"","ast-hfb-mobile-header-display":"","site-post-title":"disabled","ast-breadcrumbs-content":"disabled","ast-featured-img":"","footer-sml-layout":"","ast-disable-related-posts":"","theme-transparent-header-meta":"default","adv-header-id-meta":"","stick-header-meta":"","header-above-stick-meta":"","header-main-stick-meta":"","header-below-stick-meta":"","astra-migrate-meta-layouts":"default","ast-page-background-enabled":"default","ast-page-background-meta":{"desktop":{"background-color":"","background-image":"","background-repeat":"repeat","background-position":"center center","background-size":"auto","background-attachment":"scroll","background-type":"","background-media":"","overlay-type":"","overlay-color":"","overlay-opacity":"","overlay-gradient":""},"tablet":{"background-color":"","background-image":"","background-repeat":"repeat","background-position":"center center","background-size":"auto","background-attachment":"scroll","background-type":"","background-media":"","overlay-type":"","overlay-color":"","overlay-opacity":"","overlay-gradient":""},"mobile":{"background-color":"","background-image":"","background-repeat":"repeat","background-position":"center center","background-size":"auto","background-attachment":"scroll","background-type":"","background-media":"","overlay-type":"","overlay-color":"","overlay-opacity":"","overlay-gradient":""}},"ast-content-background-meta":{"desktop":{"background-color":"var(--ast-global-color-5)","background-image":"","background-repeat":"repeat","background-position":"center center","background-size":"auto","background-attachment":"scroll","background-type":"","background-media":"","overlay-type":"","overlay-color":"","overlay-opacity":"","overlay-gradient":""},"tablet":{"background-color":"var(--ast-global-color-5)","background-image":"","background-repeat":"repeat","background-position":"center center","background-size":"auto","background-attachment":"scroll","background-type":"","background-media":"","overlay-type":"","overlay-color":"","overlay-opacity":"","overlay-gradient":""},"mobile":{"background-color":"var(--ast-global-color-5)","background-image":"","background-repeat":"repeat","background-position":"center center","background-size":"auto","background-attachment":"scroll","background-type":"","background-media":"","overlay-type":"","overlay-color":"","overlay-opacity":"","overlay-gradient":""}},"footnotes":""},"categories":[4],"tags":[114],"class_list":["post-1994","post","type-post","status-publish","format-standard","has-post-thumbnail","hentry","category-boletim-juridico","tag-boletim-juridico-no-11-2021-24-11-2021"],"aioseo_notices":[],"gutentor_comment":0,"uagb_featured_image_src":{"full":["https:\/\/sinicesp.org.br\/wp-content\/uploads\/2021\/11\/boletim-juridico-2021-11c-pequena.jpg",250,167,false],"thumbnail":["https:\/\/sinicesp.org.br\/wp-content\/uploads\/2021\/11\/boletim-juridico-2021-11c-pequena-150x150.jpg",150,150,true],"medium":["https:\/\/sinicesp.org.br\/wp-content\/uploads\/2021\/11\/boletim-juridico-2021-11c-pequena.jpg",250,167,false],"medium_large":["https:\/\/sinicesp.org.br\/wp-content\/uploads\/2021\/11\/boletim-juridico-2021-11c-pequena.jpg",250,167,false],"large":["https:\/\/sinicesp.org.br\/wp-content\/uploads\/2021\/11\/boletim-juridico-2021-11c-pequena.jpg",250,167,false],"1536x1536":["https:\/\/sinicesp.org.br\/wp-content\/uploads\/2021\/11\/boletim-juridico-2021-11c-pequena.jpg",250,167,false],"2048x2048":["https:\/\/sinicesp.org.br\/wp-content\/uploads\/2021\/11\/boletim-juridico-2021-11c-pequena.jpg",250,167,false]},"uagb_author_info":{"display_name":"Ana Paula Amancio","author_link":"https:\/\/sinicesp.org.br\/index.php\/author\/paula\/"},"uagb_comment_info":0,"uagb_excerpt":"Segundo o procurador-geral da Rep\u00fablica, reclama\u00e7\u00f5es s\u00e3o utilizadas para substituir os recursos adequados, o que afronta o devido processo legal.","_links":{"self":[{"href":"https:\/\/sinicesp.org.br\/index.php\/wp-json\/wp\/v2\/posts\/1994","targetHints":{"allow":["GET"]}}],"collection":[{"href":"https:\/\/sinicesp.org.br\/index.php\/wp-json\/wp\/v2\/posts"}],"about":[{"href":"https:\/\/sinicesp.org.br\/index.php\/wp-json\/wp\/v2\/types\/post"}],"author":[{"embeddable":true,"href":"https:\/\/sinicesp.org.br\/index.php\/wp-json\/wp\/v2\/users\/2"}],"replies":[{"embeddable":true,"href":"https:\/\/sinicesp.org.br\/index.php\/wp-json\/wp\/v2\/comments?post=1994"}],"version-history":[{"count":0,"href":"https:\/\/sinicesp.org.br\/index.php\/wp-json\/wp\/v2\/posts\/1994\/revisions"}],"wp:featuredmedia":[{"embeddable":true,"href":"https:\/\/sinicesp.org.br\/index.php\/wp-json\/wp\/v2\/media\/1995"}],"wp:attachment":[{"href":"https:\/\/sinicesp.org.br\/index.php\/wp-json\/wp\/v2\/media?parent=1994"}],"wp:term":[{"taxonomy":"category","embeddable":true,"href":"https:\/\/sinicesp.org.br\/index.php\/wp-json\/wp\/v2\/categories?post=1994"},{"taxonomy":"post_tag","embeddable":true,"href":"https:\/\/sinicesp.org.br\/index.php\/wp-json\/wp\/v2\/tags?post=1994"}],"curies":[{"name":"wp","href":"https:\/\/api.w.org\/{rel}","templated":true}]}}