{"id":2000,"date":"2021-11-24T14:57:52","date_gmt":"2021-11-24T17:57:52","guid":{"rendered":"http:\/\/sinicesp.org.br\/?p=2000"},"modified":"2021-11-24T14:57:54","modified_gmt":"2021-11-24T17:57:54","slug":"governo-revisa-e-consolida-portarias-instrucoes-normativas-e-decretos-com-regras-trabalhistas","status":"publish","type":"post","link":"https:\/\/sinicesp.org.br\/index.php\/2021\/11\/24\/governo-revisa-e-consolida-portarias-instrucoes-normativas-e-decretos-com-regras-trabalhistas\/","title":{"rendered":"Governo revisa e consolida portarias, instru\u00e7\u00f5es normativas e decretos com regras trabalhistas"},"content":{"rendered":"\n<p><\/p>\n\n\n\n<section class=\"wp-block-uagb-section uagb-section__wrap uagb-section__background-color uagb-block-275146c6\"><div class=\"uagb-section__overlay\"><\/div><div class=\"uagb-section__inner-wrap\">\n<div style=\"height:10px\" aria-hidden=\"true\" class=\"wp-block-spacer\"><\/div>\n\n\n\n<div class=\"wp-block-uagb-advanced-heading uagb-block-c9796133\"><h3 class=\"uagb-heading-text\"><strong>Boletim Jur\u00eddico n\u00ba 11\/2021 &#8211; 24\/11\/2021 <\/strong><\/h3><div class=\"uagb-separator-wrap\"><div class=\"uagb-separator\"><\/div><\/div><p class=\"uagb-desc-text\"><\/p><\/div>\n\n\n\n<p><\/p>\n<\/div><\/section>\n\n\n\n<section class=\"wp-block-uagb-section uagb-section__wrap uagb-section__background-color uagb-block-4859c33e\"><div class=\"uagb-section__overlay\"><\/div><div class=\"uagb-section__inner-wrap\">\n<h2 class=\"has-text-color wp-block-heading\" style=\"color:#0767b1\"><a href=\"javascript:abrir('http:\/\/www.sinicesp.org.br\/materias\/2021\/bj09a.htm')\">Governo revisa e consolida portarias, instru\u00e7\u00f5es normativas e decretos com regras trabalhistas<\/a><\/h2>\n\n\n\n<p><\/p>\n\n\n\n<p><\/p>\n\n\n\n<p><\/p>\n\n\n\n<p><\/p>\n\n\n\n<p>O governo federal anunciou, no dia 10 de novembro, que consolidou, em 15 normas, o conte\u00fado ainda v\u00e1lido de mais de mil decretos, portarias e instru\u00e7\u00f5es normativas trabalhistas. De acordo com o Minist\u00e9rio do Trabalho, a simplifica\u00e7\u00e3o \u00e9 resultado da primeira revis\u00e3o completa desses textos.<br><br><\/p>\n\n\n\n<p>O objetivo do trabalho, diz a pasta, foi desburocratizar e simplificar a chamada &#8220;legisla\u00e7\u00e3o trabalhista infralegal&#8221; \u2013 ou seja, os textos usados para regulamentar leis trabalhistas. <br><br>De acordo com o governo, as normas revisadas tratam de assuntos como: <br><br>\u00b7 carteira de trabalho;<br>\u00b7 aprendizagem profissional;<br>\u00b7 gratifica\u00e7\u00e3o natalina;<br>\u00b7 programa de alimenta\u00e7\u00e3o;<br>\u00b7 programa de alimenta\u00e7\u00e3o do trabalhador;<br>\u00b7 registro eletr\u00f4nico de ponto;<br>\u00b7 registro sindical e profissional;<br>\u00b7 quest\u00f5es ligadas \u00e0 fiscaliza\u00e7\u00e3o. <br><br>Segundo o secret\u00e1rio-executivo do Minist\u00e9rio do Trabalho e Previd\u00eancia, Bruno Dalcolmo, os 15 atos resultantes da revis\u00e3o servir\u00e3o de refer\u00eancia para aplicar toda a legisla\u00e7\u00e3o trabalhista. <br><br>&#8220;Para indicar alguns exemplos desse marco hist\u00f3rico, se antes o registro eletr\u00f4nico de ponto estava ancorado l\u00e1 nos anos 80, e obrigava cada empresa a ter uma caixinha \u2013 todos n\u00f3s j\u00e1 vimos, nas entradas das empresas, gerando filas e atrasos \u2013 agora n\u00f3s damos as boas-vindas ao registro por meio de programa\u00e7\u00e3o digital, por meio de reconhecimento facial, usando os pr\u00f3prios celulares das pessoas, com georreferenciamento, dando seguran\u00e7a jur\u00eddica tanto pra trabalhadores quanto empregadores&#8221;, declarou. <br><br><a rel=\"noreferrer noopener\" href=\"https:\/\/www.in.gov.br\/en\/web\/dou\/-\/decreto-n-10.854-de-10-de-novembro-de-2021-359085615\" target=\"_blank\"><strong>Clique aqui<\/strong><\/a>\u00a0e acesse o decreto. <br><br><strong>Fonte:<\/strong>\u00a0G1.com<\/p>\n\n\n\n<p><\/p>\n\n\n\n<p><\/p>\n\n\n\n<p><\/p>\n\n\n\n<p><\/p>\n\n\n\n<p><\/p>\n<\/div><\/section>\n","protected":false},"excerpt":{"rendered":"<p>Para o Minist\u00e9rio do Trabalho parte dos textos j\u00e1 se encontrava obsoleta.<\/p>\n","protected":false},"author":2,"featured_media":2001,"comment_status":"closed","ping_status":"closed","sticky":false,"template":"","format":"standard","meta":{"om_disable_all_campaigns":false,"_uag_custom_page_level_css":"","_monsterinsights_skip_tracking":false,"_monsterinsights_sitenote_active":false,"_monsterinsights_sitenote_note":"","_monsterinsights_sitenote_category":0,"site-sidebar-layout":"default","site-content-layout":"default","ast-site-content-layout":"default","site-content-style":"default","site-sidebar-style":"default","ast-global-header-display":"","ast-banner-title-visibility":"","ast-main-header-display":"","ast-hfb-above-header-display":"","ast-hfb-below-header-display":"","ast-hfb-mobile-header-display":"","site-post-title":"disabled","ast-breadcrumbs-content":"disabled","ast-featured-img":"","footer-sml-layout":"","ast-disable-related-posts":"","theme-transparent-header-meta":"default","adv-header-id-meta":"","stick-header-meta":"","header-above-stick-meta":"","header-main-stick-meta":"","header-below-stick-meta":"","astra-migrate-meta-layouts":"default","ast-page-background-enabled":"default","ast-page-background-meta":{"desktop":{"background-color":"","background-image":"","background-repeat":"repeat","background-position":"center center","background-size":"auto","background-attachment":"scroll","background-type":"","background-media":"","overlay-type":"","overlay-color":"","overlay-opacity":"","overlay-gradient":""},"tablet":{"background-color":"","background-image":"","background-repeat":"repeat","background-position":"center center","background-size":"auto","background-attachment":"scroll","background-type":"","background-media":"","overlay-type":"","overlay-color":"","overlay-opacity":"","overlay-gradient":""},"mobile":{"background-color":"","background-image":"","background-repeat":"repeat","background-position":"center center","background-size":"auto","background-attachment":"scroll","background-type":"","background-media":"","overlay-type":"","overlay-color":"","overlay-opacity":"","overlay-gradient":""}},"ast-content-background-meta":{"desktop":{"background-color":"var(--ast-global-color-5)","background-image":"","background-repeat":"repeat","background-position":"center center","background-size":"auto","background-attachment":"scroll","background-type":"","background-media":"","overlay-type":"","overlay-color":"","overlay-opacity":"","overlay-gradient":""},"tablet":{"background-color":"var(--ast-global-color-5)","background-image":"","background-repeat":"repeat","background-position":"center center","background-size":"auto","background-attachment":"scroll","background-type":"","background-media":"","overlay-type":"","overlay-color":"","overlay-opacity":"","overlay-gradient":""},"mobile":{"background-color":"var(--ast-global-color-5)","background-image":"","background-repeat":"repeat","background-position":"center center","background-size":"auto","background-attachment":"scroll","background-type":"","background-media":"","overlay-type":"","overlay-color":"","overlay-opacity":"","overlay-gradient":""}},"footnotes":""},"categories":[4],"tags":[114],"class_list":["post-2000","post","type-post","status-publish","format-standard","has-post-thumbnail","hentry","category-boletim-juridico","tag-boletim-juridico-no-11-2021-24-11-2021"],"aioseo_notices":[],"gutentor_comment":0,"uagb_featured_image_src":{"full":["https:\/\/sinicesp.org.br\/wp-content\/uploads\/2021\/11\/boletim-juridico-2021-11a-pequena.jpg",250,167,false],"thumbnail":["https:\/\/sinicesp.org.br\/wp-content\/uploads\/2021\/11\/boletim-juridico-2021-11a-pequena-150x150.jpg",150,150,true],"medium":["https:\/\/sinicesp.org.br\/wp-content\/uploads\/2021\/11\/boletim-juridico-2021-11a-pequena.jpg",250,167,false],"medium_large":["https:\/\/sinicesp.org.br\/wp-content\/uploads\/2021\/11\/boletim-juridico-2021-11a-pequena.jpg",250,167,false],"large":["https:\/\/sinicesp.org.br\/wp-content\/uploads\/2021\/11\/boletim-juridico-2021-11a-pequena.jpg",250,167,false],"1536x1536":["https:\/\/sinicesp.org.br\/wp-content\/uploads\/2021\/11\/boletim-juridico-2021-11a-pequena.jpg",250,167,false],"2048x2048":["https:\/\/sinicesp.org.br\/wp-content\/uploads\/2021\/11\/boletim-juridico-2021-11a-pequena.jpg",250,167,false]},"uagb_author_info":{"display_name":"Ana Paula Amancio","author_link":"https:\/\/sinicesp.org.br\/index.php\/author\/paula\/"},"uagb_comment_info":0,"uagb_excerpt":"Para o Minist\u00e9rio do Trabalho parte dos textos j\u00e1 se encontrava obsoleta.","_links":{"self":[{"href":"https:\/\/sinicesp.org.br\/index.php\/wp-json\/wp\/v2\/posts\/2000","targetHints":{"allow":["GET"]}}],"collection":[{"href":"https:\/\/sinicesp.org.br\/index.php\/wp-json\/wp\/v2\/posts"}],"about":[{"href":"https:\/\/sinicesp.org.br\/index.php\/wp-json\/wp\/v2\/types\/post"}],"author":[{"embeddable":true,"href":"https:\/\/sinicesp.org.br\/index.php\/wp-json\/wp\/v2\/users\/2"}],"replies":[{"embeddable":true,"href":"https:\/\/sinicesp.org.br\/index.php\/wp-json\/wp\/v2\/comments?post=2000"}],"version-history":[{"count":0,"href":"https:\/\/sinicesp.org.br\/index.php\/wp-json\/wp\/v2\/posts\/2000\/revisions"}],"wp:featuredmedia":[{"embeddable":true,"href":"https:\/\/sinicesp.org.br\/index.php\/wp-json\/wp\/v2\/media\/2001"}],"wp:attachment":[{"href":"https:\/\/sinicesp.org.br\/index.php\/wp-json\/wp\/v2\/media?parent=2000"}],"wp:term":[{"taxonomy":"category","embeddable":true,"href":"https:\/\/sinicesp.org.br\/index.php\/wp-json\/wp\/v2\/categories?post=2000"},{"taxonomy":"post_tag","embeddable":true,"href":"https:\/\/sinicesp.org.br\/index.php\/wp-json\/wp\/v2\/tags?post=2000"}],"curies":[{"name":"wp","href":"https:\/\/api.w.org\/{rel}","templated":true}]}}