{"id":2114,"date":"2021-09-02T09:58:16","date_gmt":"2021-09-02T12:58:16","guid":{"rendered":"https:\/\/sinicesp.org.br\/?p=2114"},"modified":"2021-12-01T10:01:58","modified_gmt":"2021-12-01T13:01:58","slug":"o-menino-que-ate-aprenderia-a-ler","status":"publish","type":"post","link":"https:\/\/sinicesp.org.br\/index.php\/2021\/09\/02\/o-menino-que-ate-aprenderia-a-ler\/","title":{"rendered":"O menino que at\u00e9 aprenderia a ler"},"content":{"rendered":"\n<section class=\"wp-block-uagb-section uagb-section__wrap uagb-section__background-color uagb-block-d50c4778\"><div class=\"uagb-section__overlay\"><\/div><div class=\"uagb-section__inner-wrap\">\n<div style=\"height:10px\" aria-hidden=\"true\" class=\"wp-block-spacer\"><\/div>\n\n\n\n<div class=\"wp-block-uagb-advanced-heading uagb-block-6e6ef240\"><h3 class=\"uagb-heading-text\"><strong>Inclus\u00e3o profissional n\u00ba 15\/2021 &#8211; 02\/09\/2021 <\/strong><\/h3><div class=\"uagb-separator-wrap\"><div class=\"uagb-separator\"><\/div><\/div><p class=\"uagb-desc-text\"><\/p><\/div>\n\n\n\n<p><\/p>\n<\/div><\/section>\n\n\n\n<section class=\"wp-block-uagb-section uagb-section__wrap uagb-section__background-color uagb-block-90214394\"><div class=\"uagb-section__overlay\"><\/div><div class=\"uagb-section__inner-wrap\">\n<h2 class=\"has-text-color wp-block-heading\" style=\"color:#0767b1\">O menino que at\u00e9 aprenderia a ler <\/h2>\n\n\n\n<p><\/p>\n\n\n\n<p><\/p>\n\n\n\n<p><\/p>\n\n\n\n<p><\/p>\n\n\n\n<p><\/p>\n\n\n\n<p> <\/p>\n\n\n\n<p><\/p>\n\n\n\n<p><\/p>\n\n\n\n<p>Dezembro de 1998. Nascia o nosso primeiro filho, o Samuel. Logo de cara dois sustos: a s\u00edndrome de Down e uma cardiopatia que precisava ser corrigida por cirurgia. \u00c9 \u00f3bvio que ficamos sem ch\u00e3o. Al\u00e9m de pais de primeira viagem, n\u00e3o sab\u00edamos nada a respeito de nenhuma das duas situa\u00e7\u00f5es. Fomos aprender. <br><br>Lembro de duas frases que me marcaram. Uma do geneticista do hospital que disse que eu n\u00e3o deveria entrar em p\u00e2nico, pois \u201cessas crian\u00e7as\u201d at\u00e9 aprendem a ler. A outra de um pai de um menino de 9 anos que disse que o Samuel seria aquilo que n\u00f3s invest\u00edssemos nele, e fez quest\u00e3o de ressaltar que n\u00e3o era dinheiro, mas estimula\u00e7\u00e3o, aten\u00e7\u00e3o e nossa cren\u00e7a de que ele n\u00e3o tinha limites. <br><br>O tempo, os contatos e algumas visitas a escolas especiais nos aproximaram da educa\u00e7\u00e3o inclusiva. N\u00e3o era uma op\u00e7\u00e3o, era o \u00fanico caminho vi\u00e1vel. E mergulhamos sem medo naquilo que ainda era mais uma luta do que uma realidade. <br><br>E assim se passaram 22 anos, e o menino que \u201cat\u00e9 iria aprender a ler\u201d hoje se graduou em Pedagogia, para ensinar outras crian\u00e7as tamb\u00e9m a ler e escrever. <br><br>N\u00e3o foi supera\u00e7\u00e3o, n\u00e3o foi hero\u00edsmo, n\u00e3o foi milagre. <br><br>Foi a convic\u00e7\u00e3o de que as pessoas s\u00f3 se desenvolvem no relacionamento com pessoas de todos os tipos. <br><br>Foi a cabe\u00e7a-dura do pai que nunca deixou ele participar de atividades segregadas. Foi a recusa em lhe dar privil\u00e9gios e tratamento diferentes do que se daria a qualquer outro filho. <br><br>Ele teve algum privil\u00e9gio? Certamente, e ele sabe disso. Privil\u00e9gio de nascer em uma casa em que a educa\u00e7\u00e3o era objetivo essencial. Privil\u00e9gio de ter uma irm\u00e3 que nunca deu moleza. Privil\u00e9gio de contar com excelentes professores no caminho. Privil\u00e9gio de concluir um curso superior que ainda \u00e9 apenas um sonho para muitos brasileiros. E at\u00e9 o privil\u00e9gio de ter enfrentado o preconceito da primeira faculdade onde entrou e aprender muito com isso. <br><br>N\u00e3o vou me arriscar a listar todas as pessoas que contribu\u00edram na constru\u00e7\u00e3o desse caminho, seria um risco deixar muitos de fora (mas cada um deles sabem quem s\u00e3o), mas apenas mencionar duas pessoas cujos ensinamentos foram essenciais nesse processo: o Prof. Miguel Lopez Melero da Universidade de M\u00e1laga, e a Profa. Maria Teresa Mantoan da Unicamp, a quem eu chamo carinhosamente de meu guru e a minha gurua. <br><br>Agora come\u00e7amos uma nova fase, a da busca de trabalho. As regras do jogo, por\u00e9m, n\u00e3o v\u00e3o mudar. Todos com todos. Sem segrega\u00e7\u00e3o. Sem tratamento \u201cespecial\u201d, e a expectativa de algum dia n\u00e3o precisar mais falar sobre inclus\u00e3o. <br><br><strong>Fonte: <\/strong>F\u00e1bio Adiron \u2013 \u201cXiita\u201d da Inclus\u00e3o <br><br><\/p>\n\n\n\n<p><\/p>\n\n\n\n<div class=\"wp-block-image\"><figure class=\"aligncenter size-full\"><img loading=\"lazy\" decoding=\"async\" width=\"240\" height=\"320\" src=\"https:\/\/sinicesp.org.br\/wp-content\/uploads\/2021\/12\/inclusao-2021-15a-interna.jpg\" alt=\"\" class=\"wp-image-2116\" srcset=\"https:\/\/sinicesp.org.br\/wp-content\/uploads\/2021\/12\/inclusao-2021-15a-interna.jpg 240w, https:\/\/sinicesp.org.br\/wp-content\/uploads\/2021\/12\/inclusao-2021-15a-interna-225x300.jpg 225w\" sizes=\"auto, (max-width: 240px) 100vw, 240px\" \/><figcaption><strong>Descri\u00e7\u00e3o da imagem: Samuel, um jovem magro e barbudo, vestido com a beca e o capelo de formando.<\/strong><\/figcaption><\/figure><\/div>\n\n\n\n<p><\/p>\n\n\n\n<p> <br><br><\/p>\n\n\n\n<p><br><br> <br> <br><br><\/p>\n<\/div><\/section>\n","protected":false},"excerpt":{"rendered":"<p>Samuel j\u00e1 participou de diversos eventos do SINICESP, inclusive como mestre de cerimonias. <\/p>\n","protected":false},"author":2,"featured_media":2115,"comment_status":"closed","ping_status":"closed","sticky":false,"template":"","format":"standard","meta":{"om_disable_all_campaigns":false,"_uag_custom_page_level_css":"","_monsterinsights_skip_tracking":false,"_monsterinsights_sitenote_active":false,"_monsterinsights_sitenote_note":"","_monsterinsights_sitenote_category":0,"site-sidebar-layout":"default","site-content-layout":"default","ast-site-content-layout":"default","site-content-style":"default","site-sidebar-style":"default","ast-global-header-display":"","ast-banner-title-visibility":"","ast-main-header-display":"","ast-hfb-above-header-display":"","ast-hfb-below-header-display":"","ast-hfb-mobile-header-display":"","site-post-title":"disabled","ast-breadcrumbs-content":"disabled","ast-featured-img":"disabled","footer-sml-layout":"","ast-disable-related-posts":"","theme-transparent-header-meta":"default","adv-header-id-meta":"","stick-header-meta":"","header-above-stick-meta":"","header-main-stick-meta":"","header-below-stick-meta":"","astra-migrate-meta-layouts":"default","ast-page-background-enabled":"default","ast-page-background-meta":{"desktop":{"background-color":"","background-image":"","background-repeat":"repeat","background-position":"center center","background-size":"auto","background-attachment":"scroll","background-type":"","background-media":"","overlay-type":"","overlay-color":"","overlay-opacity":"","overlay-gradient":""},"tablet":{"background-color":"","background-image":"","background-repeat":"repeat","background-position":"center center","background-size":"auto","background-attachment":"scroll","background-type":"","background-media":"","overlay-type":"","overlay-color":"","overlay-opacity":"","overlay-gradient":""},"mobile":{"background-color":"","background-image":"","background-repeat":"repeat","background-position":"center center","background-size":"auto","background-attachment":"scroll","background-type":"","background-media":"","overlay-type":"","overlay-color":"","overlay-opacity":"","overlay-gradient":""}},"ast-content-background-meta":{"desktop":{"background-color":"var(--ast-global-color-5)","background-image":"","background-repeat":"repeat","background-position":"center center","background-size":"auto","background-attachment":"scroll","background-type":"","background-media":"","overlay-type":"","overlay-color":"","overlay-opacity":"","overlay-gradient":""},"tablet":{"background-color":"var(--ast-global-color-5)","background-image":"","background-repeat":"repeat","background-position":"center center","background-size":"auto","background-attachment":"scroll","background-type":"","background-media":"","overlay-type":"","overlay-color":"","overlay-opacity":"","overlay-gradient":""},"mobile":{"background-color":"var(--ast-global-color-5)","background-image":"","background-repeat":"repeat","background-position":"center center","background-size":"auto","background-attachment":"scroll","background-type":"","background-media":"","overlay-type":"","overlay-color":"","overlay-opacity":"","overlay-gradient":""}},"footnotes":""},"categories":[12],"tags":[15],"class_list":["post-2114","post","type-post","status-publish","format-standard","has-post-thumbnail","hentry","category-inclusao-profissional","tag-noticia"],"aioseo_notices":[],"gutentor_comment":0,"uagb_featured_image_src":{"full":["https:\/\/sinicesp.org.br\/wp-content\/uploads\/2021\/12\/inclusao-2021-15a-pequena.jpg",250,167,false],"thumbnail":["https:\/\/sinicesp.org.br\/wp-content\/uploads\/2021\/12\/inclusao-2021-15a-pequena-150x150.jpg",150,150,true],"medium":["https:\/\/sinicesp.org.br\/wp-content\/uploads\/2021\/12\/inclusao-2021-15a-pequena.jpg",250,167,false],"medium_large":["https:\/\/sinicesp.org.br\/wp-content\/uploads\/2021\/12\/inclusao-2021-15a-pequena.jpg",250,167,false],"large":["https:\/\/sinicesp.org.br\/wp-content\/uploads\/2021\/12\/inclusao-2021-15a-pequena.jpg",250,167,false],"1536x1536":["https:\/\/sinicesp.org.br\/wp-content\/uploads\/2021\/12\/inclusao-2021-15a-pequena.jpg",250,167,false],"2048x2048":["https:\/\/sinicesp.org.br\/wp-content\/uploads\/2021\/12\/inclusao-2021-15a-pequena.jpg",250,167,false]},"uagb_author_info":{"display_name":"Ana Paula Amancio","author_link":"https:\/\/sinicesp.org.br\/index.php\/author\/paula\/"},"uagb_comment_info":0,"uagb_excerpt":"Samuel j\u00e1 participou de diversos eventos do SINICESP, inclusive como mestre de cerimonias.","_links":{"self":[{"href":"https:\/\/sinicesp.org.br\/index.php\/wp-json\/wp\/v2\/posts\/2114","targetHints":{"allow":["GET"]}}],"collection":[{"href":"https:\/\/sinicesp.org.br\/index.php\/wp-json\/wp\/v2\/posts"}],"about":[{"href":"https:\/\/sinicesp.org.br\/index.php\/wp-json\/wp\/v2\/types\/post"}],"author":[{"embeddable":true,"href":"https:\/\/sinicesp.org.br\/index.php\/wp-json\/wp\/v2\/users\/2"}],"replies":[{"embeddable":true,"href":"https:\/\/sinicesp.org.br\/index.php\/wp-json\/wp\/v2\/comments?post=2114"}],"version-history":[{"count":0,"href":"https:\/\/sinicesp.org.br\/index.php\/wp-json\/wp\/v2\/posts\/2114\/revisions"}],"wp:featuredmedia":[{"embeddable":true,"href":"https:\/\/sinicesp.org.br\/index.php\/wp-json\/wp\/v2\/media\/2115"}],"wp:attachment":[{"href":"https:\/\/sinicesp.org.br\/index.php\/wp-json\/wp\/v2\/media?parent=2114"}],"wp:term":[{"taxonomy":"category","embeddable":true,"href":"https:\/\/sinicesp.org.br\/index.php\/wp-json\/wp\/v2\/categories?post=2114"},{"taxonomy":"post_tag","embeddable":true,"href":"https:\/\/sinicesp.org.br\/index.php\/wp-json\/wp\/v2\/tags?post=2114"}],"curies":[{"name":"wp","href":"https:\/\/api.w.org\/{rel}","templated":true}]}}