{"id":2268,"date":"2021-12-22T10:00:00","date_gmt":"2021-12-22T13:00:00","guid":{"rendered":"https:\/\/sinicesp.org.br\/?p=2268"},"modified":"2022-01-11T15:40:28","modified_gmt":"2022-01-11T18:40:28","slug":"primeira-secao-aprova-duas-novas-sumulas","status":"publish","type":"post","link":"https:\/\/sinicesp.org.br\/index.php\/2021\/12\/22\/primeira-secao-aprova-duas-novas-sumulas\/","title":{"rendered":"Primeira Se\u00e7\u00e3o aprova duas novas s\u00famulas"},"content":{"rendered":"\n<p><\/p>\n\n\n\n<section class=\"wp-block-uagb-section uagb-section__wrap uagb-section__background-color uagb-block-3132a44a\"><div class=\"uagb-section__overlay\"><\/div><div class=\"uagb-section__inner-wrap\">\n<div style=\"height:10px\" aria-hidden=\"true\" class=\"wp-block-spacer\"><\/div>\n\n\n\n<div class=\"wp-block-uagb-advanced-heading uagb-block-3ce996a9\"><h3 class=\"uagb-heading-text\"><br><strong>Boletim Jur\u00eddico n\u00ba 12\/2021 &#8211; 22\/12\/2021 <\/strong><\/h3><div class=\"uagb-separator-wrap\"><div class=\"uagb-separator\"><\/div><\/div><p class=\"uagb-desc-text\"><\/p><\/div>\n\n\n\n<p><\/p>\n<\/div><\/section>\n\n\n\n<section class=\"wp-block-uagb-section uagb-section__wrap uagb-section__background-color uagb-block-4b3a14dc\"><div class=\"uagb-section__overlay\"><\/div><div class=\"uagb-section__inner-wrap\">\n<h2 class=\"has-text-color wp-block-heading\" style=\"color:#0767b1\"><a href=\"javascript:abrir('http:\/\/www.sinicesp.org.br\/materias\/2021\/bj09a.htm')\">Primeira Se\u00e7\u00e3o aprova duas novas s\u00famulas<\/a><\/h2>\n\n\n\n<p><\/p>\n\n\n\n<p>A Primeira Se\u00e7\u00e3o do Superior de Justi\u00e7a (STJ), especializada em direito p\u00fablico, aprovou nessa quinta-feira (2) dois novos enunciados sumulares. <br><br>As s\u00famulas s\u00e3o o resumo de entendimentos consolidados nos julgamentos e servem para a orienta\u00e7\u00e3o da comunidade jur\u00eddica a respeito da jurisprud\u00eancia do tribunal. <br><br>Os enunciados ser\u00e3o publicados no\u00a0<em>Di\u00e1rio da Justi\u00e7a Eletr\u00f4nico<\/em>, por tr\u00eas vezes, em datas pr\u00f3ximas, nos termos do\u00a0<a rel=\"noreferrer noopener\" href=\"http:\/\/www.stj.jus.br\/publicacaoinstitucional\/index.php\/Regimento\/article\/view\/500\/3369\" target=\"_blank\"><strong>artigo 123<\/strong><\/a>\u00a0do Regimento Interno do STJ. <br><br>Confira as novas s\u00famulas: <br><br><strong>S\u00famula 652 \u2013<\/strong>\u00a0A responsabilidade civil\u00a0da administra\u00e7\u00e3o p\u00fablica\u00a0por danos ao meio ambiente, decorrente de sua omiss\u00e3o no dever de fiscaliza\u00e7\u00e3o, \u00e9 de car\u00e1ter solid\u00e1rio, mas de execu\u00e7\u00e3o subsidi\u00e1ria. <br><br><strong>S\u00famula 653 \u2013<\/strong>\u00a0O pedido de parcelamento fiscal, ainda que indeferido, interrompe o prazo prescricional, pois caracteriza confiss\u00e3o extrajudicial do d\u00e9bito. <br><br><strong>Fonte:<\/strong> Not\u00edcias TST <br><br><br><\/p>\n\n\n\n<div class=\"wp-block-image\"><figure class=\"aligncenter size-full\"><a href=\"javaScript:window.print()\"><img loading=\"lazy\" decoding=\"async\" width=\"60\" height=\"53\" src=\"https:\/\/sinicesp.org.br\/wp-content\/uploads\/2022\/01\/impressora.png\" alt=\"\" class=\"wp-image-2334\"\/><\/a><\/figure><\/div>\n<\/div><\/section>\n","protected":false},"excerpt":{"rendered":"<p>Se\u00e7\u00e3o especializada em direito p\u00fablico do Superior de Justi\u00e7a (STJ) aprova as S\u00famulas 652 e 653 que, na ordem, se referem \u00e0 responsabilidade da Administra\u00e7\u00e3o por danos ao meio ambiente e ao prazo prescricional em parcelamento fiscal.<\/p>\n","protected":false},"author":2,"featured_media":2269,"comment_status":"closed","ping_status":"closed","sticky":false,"template":"","format":"standard","meta":{"om_disable_all_campaigns":false,"_uag_custom_page_level_css":"","_monsterinsights_skip_tracking":false,"_monsterinsights_sitenote_active":false,"_monsterinsights_sitenote_note":"","_monsterinsights_sitenote_category":0,"site-sidebar-layout":"default","site-content-layout":"default","ast-site-content-layout":"default","site-content-style":"default","site-sidebar-style":"default","ast-global-header-display":"","ast-banner-title-visibility":"","ast-main-header-display":"","ast-hfb-above-header-display":"","ast-hfb-below-header-display":"","ast-hfb-mobile-header-display":"","site-post-title":"disabled","ast-breadcrumbs-content":"disabled","ast-featured-img":"","footer-sml-layout":"","ast-disable-related-posts":"","theme-transparent-header-meta":"default","adv-header-id-meta":"","stick-header-meta":"","header-above-stick-meta":"","header-main-stick-meta":"","header-below-stick-meta":"","astra-migrate-meta-layouts":"default","ast-page-background-enabled":"default","ast-page-background-meta":{"desktop":{"background-color":"","background-image":"","background-repeat":"repeat","background-position":"center center","background-size":"auto","background-attachment":"scroll","background-type":"","background-media":"","overlay-type":"","overlay-color":"","overlay-opacity":"","overlay-gradient":""},"tablet":{"background-color":"","background-image":"","background-repeat":"repeat","background-position":"center center","background-size":"auto","background-attachment":"scroll","background-type":"","background-media":"","overlay-type":"","overlay-color":"","overlay-opacity":"","overlay-gradient":""},"mobile":{"background-color":"","background-image":"","background-repeat":"repeat","background-position":"center center","background-size":"auto","background-attachment":"scroll","background-type":"","background-media":"","overlay-type":"","overlay-color":"","overlay-opacity":"","overlay-gradient":""}},"ast-content-background-meta":{"desktop":{"background-color":"var(--ast-global-color-5)","background-image":"","background-repeat":"repeat","background-position":"center center","background-size":"auto","background-attachment":"scroll","background-type":"","background-media":"","overlay-type":"","overlay-color":"","overlay-opacity":"","overlay-gradient":""},"tablet":{"background-color":"var(--ast-global-color-5)","background-image":"","background-repeat":"repeat","background-position":"center center","background-size":"auto","background-attachment":"scroll","background-type":"","background-media":"","overlay-type":"","overlay-color":"","overlay-opacity":"","overlay-gradient":""},"mobile":{"background-color":"var(--ast-global-color-5)","background-image":"","background-repeat":"repeat","background-position":"center center","background-size":"auto","background-attachment":"scroll","background-type":"","background-media":"","overlay-type":"","overlay-color":"","overlay-opacity":"","overlay-gradient":""}},"footnotes":""},"categories":[4],"tags":[134],"class_list":["post-2268","post","type-post","status-publish","format-standard","has-post-thumbnail","hentry","category-boletim-juridico","tag-boletim-juridico-no-12-2021-22-12-2021"],"aioseo_notices":[],"gutentor_comment":0,"uagb_featured_image_src":{"full":["https:\/\/sinicesp.org.br\/wp-content\/uploads\/2021\/12\/boletim-juridico-2021-12d-pequena.jpg",250,167,false],"thumbnail":["https:\/\/sinicesp.org.br\/wp-content\/uploads\/2021\/12\/boletim-juridico-2021-12d-pequena-150x150.jpg",150,150,true],"medium":["https:\/\/sinicesp.org.br\/wp-content\/uploads\/2021\/12\/boletim-juridico-2021-12d-pequena.jpg",250,167,false],"medium_large":["https:\/\/sinicesp.org.br\/wp-content\/uploads\/2021\/12\/boletim-juridico-2021-12d-pequena.jpg",250,167,false],"large":["https:\/\/sinicesp.org.br\/wp-content\/uploads\/2021\/12\/boletim-juridico-2021-12d-pequena.jpg",250,167,false],"1536x1536":["https:\/\/sinicesp.org.br\/wp-content\/uploads\/2021\/12\/boletim-juridico-2021-12d-pequena.jpg",250,167,false],"2048x2048":["https:\/\/sinicesp.org.br\/wp-content\/uploads\/2021\/12\/boletim-juridico-2021-12d-pequena.jpg",250,167,false]},"uagb_author_info":{"display_name":"Ana Paula Amancio","author_link":"https:\/\/sinicesp.org.br\/index.php\/author\/paula\/"},"uagb_comment_info":0,"uagb_excerpt":"Se\u00e7\u00e3o especializada em direito p\u00fablico do Superior de Justi\u00e7a (STJ) aprova as S\u00famulas 652 e 653 que, na ordem, se referem \u00e0 responsabilidade da Administra\u00e7\u00e3o por danos ao meio ambiente e ao prazo prescricional em parcelamento fiscal.","_links":{"self":[{"href":"https:\/\/sinicesp.org.br\/index.php\/wp-json\/wp\/v2\/posts\/2268","targetHints":{"allow":["GET"]}}],"collection":[{"href":"https:\/\/sinicesp.org.br\/index.php\/wp-json\/wp\/v2\/posts"}],"about":[{"href":"https:\/\/sinicesp.org.br\/index.php\/wp-json\/wp\/v2\/types\/post"}],"author":[{"embeddable":true,"href":"https:\/\/sinicesp.org.br\/index.php\/wp-json\/wp\/v2\/users\/2"}],"replies":[{"embeddable":true,"href":"https:\/\/sinicesp.org.br\/index.php\/wp-json\/wp\/v2\/comments?post=2268"}],"version-history":[{"count":0,"href":"https:\/\/sinicesp.org.br\/index.php\/wp-json\/wp\/v2\/posts\/2268\/revisions"}],"wp:featuredmedia":[{"embeddable":true,"href":"https:\/\/sinicesp.org.br\/index.php\/wp-json\/wp\/v2\/media\/2269"}],"wp:attachment":[{"href":"https:\/\/sinicesp.org.br\/index.php\/wp-json\/wp\/v2\/media?parent=2268"}],"wp:term":[{"taxonomy":"category","embeddable":true,"href":"https:\/\/sinicesp.org.br\/index.php\/wp-json\/wp\/v2\/categories?post=2268"},{"taxonomy":"post_tag","embeddable":true,"href":"https:\/\/sinicesp.org.br\/index.php\/wp-json\/wp\/v2\/tags?post=2268"}],"curies":[{"name":"wp","href":"https:\/\/api.w.org\/{rel}","templated":true}]}}