{"id":2470,"date":"2022-02-04T16:18:56","date_gmt":"2022-02-04T19:18:56","guid":{"rendered":"https:\/\/sinicesp.org.br\/?p=2470"},"modified":"2023-08-23T13:06:33","modified_gmt":"2023-08-23T16:06:33","slug":"governo-paulista-anuncia-novos-investimentos-para-estradas-vicinais","status":"publish","type":"post","link":"https:\/\/sinicesp.org.br\/index.php\/2022\/02\/04\/governo-paulista-anuncia-novos-investimentos-para-estradas-vicinais\/","title":{"rendered":"Governo paulista anuncia novos investimentos para estradas vicinais"},"content":{"rendered":"\n<section class=\"wp-block-uagb-section uagb-section__wrap uagb-section__background-undefined alignfull uagb-block-10f0b1a2\"><div class=\"uagb-section__overlay\"><\/div><div class=\"uagb-section__inner-wrap\"><\/div><\/section>\n\n\n\n<section class=\"wp-block-uagb-section uagb-section__wrap uagb-section__background-color uagb-block-4f719723\"><div class=\"uagb-section__overlay\"><\/div><div class=\"uagb-section__inner-wrap\">\n<div style=\"height:10px\" aria-hidden=\"true\" class=\"wp-block-spacer\"><\/div>\n\n\n\n<div class=\"wp-block-uagb-advanced-heading uagb-block-8cd10b09\"><h3 class=\"uagb-heading-text\"><br><strong>\u00daltimas Not\u00edcias n\u00ba 03\/2022 &#8211; 04\/02\/2022 <\/strong><\/h3><div class=\"uagb-separator\"><\/div><\/div>\n\n\n\n<p><\/p>\n<\/div><\/section>\n\n\n\n<section class=\"wp-block-uagb-section uagb-section__wrap uagb-section__background-color uagb-block-51a12bfc\"><div class=\"uagb-section__overlay\"><\/div><div class=\"uagb-section__inner-wrap\">\n<h2 class=\"wp-block-heading has-text-align-left has-text-color\" style=\"color:#0767b1\">Governo paulista anuncia novos investimentos para estradas vicinais<\/h2>\n\n\n\n<p><\/p>\n\n\n\n<p> <\/p>\n\n\n\n<p>O Governo do Estado de S\u00e3o Paulo anunciou mais R$ 788 milh\u00f5es para a pr\u00f3xima fase do programa Novas Estradas Vicinais. Essa etapa, que j\u00e1 \u00e9 a oitava, vai beneficiar 80 vias, por meio do DER, com um total de 822 quil\u00f4metros de extens\u00e3o. <br><br>Os recursos ser\u00e3o destinados \u00e0 pavimenta\u00e7\u00e3o das estradas, recupera\u00e7\u00e3o funcional e moderniza\u00e7\u00e3o das vias municipais. \u201cEste programa de estradas soma 641 obras, em 6 mil quil\u00f4metros de vicinais, que v\u00e3o gerar mais de 40 mil empregos entre vagas diretas e indiretas. Essas obras t\u00eam um impacto enorme na popula\u00e7\u00e3o e na economia de todas as regi\u00f5es neste momento de retomada, al\u00e9m de proporcionar melhores condi\u00e7\u00f5es para o escoamento da produ\u00e7\u00e3o agroindustrial dos munic\u00edpios&#8221;, afirmou o vice-governador, Rodrigo Garcia. <br><br>\u201cN\u00e3o h\u00e1 nenhuma regi\u00e3o do Estado em que n\u00f3s n\u00e3o tenhamos obras programadas, sendo que a maior parte delas j\u00e1 est\u00e1 iniciada. Vamos entreg\u00e1-las com a maior agilidade poss\u00edvel e faremos isso com o aux\u00edlio direto dos munic\u00edpios, que nos ajudam na fiscaliza\u00e7\u00e3o\u201d, ressaltou o secret\u00e1rio de Log\u00edstica e Transportes, Jo\u00e3o Octaviano Machado Neto. <br><br>Com essa nova etapa, o programa coordenado pelo DER soma investimentos de R$ 6,9 bilh\u00f5es, o que corresponde a 626 obras em aproximadamente 6 mil kms de estradas, gerando mais de 40 mil empregos, entre vagas diretas e indiretas. <br><br>Essenciais para o escoamento da produ\u00e7\u00e3o agr\u00edcola, as estradas vicinais movimentam as economias regionais. Elas tamb\u00e9m permitem o deslocamento da popula\u00e7\u00e3o de cidades menores a grandes centros urbanos, garantindo acesso a servi\u00e7os mais amplos de sa\u00fade e educa\u00e7\u00e3o oferecidos em polos regionais. <br><br>&#8220;Essa nova etapa do programa d\u00e1 continuidade ao enorme trabalho que est\u00e1 sendo realizado nas rodovias de todo estado de S\u00e3o Paulo. S\u00e3o centenas de obras de infraestrutura em andamento, que geram emprego, criam renda e beneficiam toda a popula\u00e7\u00e3o&#8221;, afirmou o superintendente do DER,&nbsp; Edson Caram.<br><br><strong>Fonte<\/strong>: Governo do Estado de S\u00e3o Paulo <br><br><br><\/p>\n\n\n\n<p><\/p>\n\n\n\n<figure class=\"wp-block-image aligncenter size-full\"><a href=\"javaScript:window.print()\"><img loading=\"lazy\" decoding=\"async\" width=\"60\" height=\"53\" src=\"https:\/\/sinicesp.org.br\/wp-content\/uploads\/2022\/01\/impressora.png\" alt=\"\" class=\"wp-image-2334\"\/><\/a><\/figure>\n<\/div><\/section>\n","protected":false},"excerpt":{"rendered":"<p>O Governo do Estado de S\u00e3o Paulo anunciou mais R$ 788 milh\u00f5es para a pr\u00f3xima fase do programa Novas Estradas Vicinais. Essa etapa, que j\u00e1 \u00e9 a oitava, vai beneficiar 80 vias, por meio do DER, com um total de 822 quil\u00f4metros de extens\u00e3o. <\/p>\n","protected":false},"author":2,"featured_media":2478,"comment_status":"closed","ping_status":"closed","sticky":false,"template":"","format":"standard","meta":{"om_disable_all_campaigns":false,"_uag_custom_page_level_css":"","_monsterinsights_skip_tracking":false,"_monsterinsights_sitenote_active":false,"_monsterinsights_sitenote_note":"","_monsterinsights_sitenote_category":0,"site-sidebar-layout":"default","site-content-layout":"plain-container","ast-site-content-layout":"normal-width-container","site-content-style":"unboxed","site-sidebar-style":"unboxed","ast-global-header-display":"","ast-banner-title-visibility":"","ast-main-header-display":"","ast-hfb-above-header-display":"","ast-hfb-below-header-display":"","ast-hfb-mobile-header-display":"","site-post-title":"disabled","ast-breadcrumbs-content":"","ast-featured-img":"disabled","footer-sml-layout":"","ast-disable-related-posts":"","theme-transparent-header-meta":"default","adv-header-id-meta":"","stick-header-meta":"","header-above-stick-meta":"","header-main-stick-meta":"","header-below-stick-meta":"","astra-migrate-meta-layouts":"set","ast-page-background-enabled":"default","ast-page-background-meta":{"desktop":{"background-color":"","background-image":"","background-repeat":"repeat","background-position":"center center","background-size":"auto","background-attachment":"scroll","background-type":"","background-media":"","overlay-type":"","overlay-color":"","overlay-opacity":"","overlay-gradient":""},"tablet":{"background-color":"","background-image":"","background-repeat":"repeat","background-position":"center center","background-size":"auto","background-attachment":"scroll","background-type":"","background-media":"","overlay-type":"","overlay-color":"","overlay-opacity":"","overlay-gradient":""},"mobile":{"background-color":"","background-image":"","background-repeat":"repeat","background-position":"center center","background-size":"auto","background-attachment":"scroll","background-type":"","background-media":"","overlay-type":"","overlay-color":"","overlay-opacity":"","overlay-gradient":""}},"ast-content-background-meta":{"desktop":{"background-color":"var(--ast-global-color-5)","background-image":"","background-repeat":"repeat","background-position":"center center","background-size":"auto","background-attachment":"scroll","background-type":"","background-media":"","overlay-type":"","overlay-color":"","overlay-opacity":"","overlay-gradient":""},"tablet":{"background-color":"var(--ast-global-color-5)","background-image":"","background-repeat":"repeat","background-position":"center center","background-size":"auto","background-attachment":"scroll","background-type":"","background-media":"","overlay-type":"","overlay-color":"","overlay-opacity":"","overlay-gradient":""},"mobile":{"background-color":"var(--ast-global-color-5)","background-image":"","background-repeat":"repeat","background-position":"center center","background-size":"auto","background-attachment":"scroll","background-type":"","background-media":"","overlay-type":"","overlay-color":"","overlay-opacity":"","overlay-gradient":""}},"footnotes":""},"categories":[6],"tags":[148],"class_list":["post-2470","post","type-post","status-publish","format-standard","has-post-thumbnail","hentry","category-ultimas-noticias","tag-ultimas-noticias-no-03-2022-04-02-2022"],"aioseo_notices":[],"gutentor_comment":0,"uagb_featured_image_src":{"full":["https:\/\/sinicesp.org.br\/wp-content\/uploads\/2022\/02\/ultimas-2022-03-pequena-2.jpg",250,167,false],"thumbnail":["https:\/\/sinicesp.org.br\/wp-content\/uploads\/2022\/02\/ultimas-2022-03-pequena-2-150x150.jpg",150,150,true],"medium":["https:\/\/sinicesp.org.br\/wp-content\/uploads\/2022\/02\/ultimas-2022-03-pequena-2.jpg",250,167,false],"medium_large":["https:\/\/sinicesp.org.br\/wp-content\/uploads\/2022\/02\/ultimas-2022-03-pequena-2.jpg",250,167,false],"large":["https:\/\/sinicesp.org.br\/wp-content\/uploads\/2022\/02\/ultimas-2022-03-pequena-2.jpg",250,167,false],"1536x1536":["https:\/\/sinicesp.org.br\/wp-content\/uploads\/2022\/02\/ultimas-2022-03-pequena-2.jpg",250,167,false],"2048x2048":["https:\/\/sinicesp.org.br\/wp-content\/uploads\/2022\/02\/ultimas-2022-03-pequena-2.jpg",250,167,false]},"uagb_author_info":{"display_name":"Ana Paula Amancio","author_link":"https:\/\/sinicesp.org.br\/index.php\/author\/paula\/"},"uagb_comment_info":0,"uagb_excerpt":"O Governo do Estado de S\u00e3o Paulo anunciou mais R$ 788 milh\u00f5es para a pr\u00f3xima fase do programa Novas Estradas Vicinais. Essa etapa, que j\u00e1 \u00e9 a oitava, vai beneficiar 80 vias, por meio do DER, com um total de 822 quil\u00f4metros de extens\u00e3o.","_links":{"self":[{"href":"https:\/\/sinicesp.org.br\/index.php\/wp-json\/wp\/v2\/posts\/2470","targetHints":{"allow":["GET"]}}],"collection":[{"href":"https:\/\/sinicesp.org.br\/index.php\/wp-json\/wp\/v2\/posts"}],"about":[{"href":"https:\/\/sinicesp.org.br\/index.php\/wp-json\/wp\/v2\/types\/post"}],"author":[{"embeddable":true,"href":"https:\/\/sinicesp.org.br\/index.php\/wp-json\/wp\/v2\/users\/2"}],"replies":[{"embeddable":true,"href":"https:\/\/sinicesp.org.br\/index.php\/wp-json\/wp\/v2\/comments?post=2470"}],"version-history":[{"count":0,"href":"https:\/\/sinicesp.org.br\/index.php\/wp-json\/wp\/v2\/posts\/2470\/revisions"}],"wp:featuredmedia":[{"embeddable":true,"href":"https:\/\/sinicesp.org.br\/index.php\/wp-json\/wp\/v2\/media\/2478"}],"wp:attachment":[{"href":"https:\/\/sinicesp.org.br\/index.php\/wp-json\/wp\/v2\/media?parent=2470"}],"wp:term":[{"taxonomy":"category","embeddable":true,"href":"https:\/\/sinicesp.org.br\/index.php\/wp-json\/wp\/v2\/categories?post=2470"},{"taxonomy":"post_tag","embeddable":true,"href":"https:\/\/sinicesp.org.br\/index.php\/wp-json\/wp\/v2\/tags?post=2470"}],"curies":[{"name":"wp","href":"https:\/\/api.w.org\/{rel}","templated":true}]}}