{"id":2543,"date":"2022-02-23T09:09:06","date_gmt":"2022-02-23T12:09:06","guid":{"rendered":"https:\/\/sinicesp.org.br\/?p=2543"},"modified":"2022-02-23T09:09:07","modified_gmt":"2022-02-23T12:09:07","slug":"entidades-sindicais-pedem-nulidade-de-portaria-que-reduz-afastamento-de-trabalhadores-com-covid-19","status":"publish","type":"post","link":"https:\/\/sinicesp.org.br\/index.php\/2022\/02\/23\/entidades-sindicais-pedem-nulidade-de-portaria-que-reduz-afastamento-de-trabalhadores-com-covid-19\/","title":{"rendered":"Entidades sindicais pedem nulidade de portaria que reduz afastamento de trabalhadores com covid-19"},"content":{"rendered":"\n<p><\/p>\n\n\n\n<section class=\"wp-block-uagb-section uagb-section__wrap uagb-section__background-color uagb-block-3c50ef94\"><div class=\"uagb-section__overlay\"><\/div><div class=\"uagb-section__inner-wrap\">\n<div style=\"height:10px\" aria-hidden=\"true\" class=\"wp-block-spacer\"><\/div>\n\n\n\n<div class=\"wp-block-uagb-advanced-heading uagb-block-6fef30fe\"><h3 class=\"uagb-heading-text\"><br><strong>Boletim Jur\u00eddico n\u00ba 02\/2022 &#8211; 23\/02\/2022 <\/strong><\/h3><div class=\"uagb-separator-wrap\"><div class=\"uagb-separator\"><\/div><\/div><p class=\"uagb-desc-text\"><\/p><\/div>\n\n\n\n<p><\/p>\n<\/div><\/section>\n\n\n\n<section class=\"wp-block-uagb-section uagb-section__wrap uagb-section__background-color uagb-block-f02ade40\"><div class=\"uagb-section__overlay\"><\/div><div class=\"uagb-section__inner-wrap\">\n<h2 class=\"has-text-color wp-block-heading\" id=\"entidades-sindicais-pedem-nulidade-de-portaria-que-reduz-afastamento-de-trabalhadores-com-covid-19\" style=\"color:#0767b1\"><a href=\"javascript:abrir('http:\/\/www.sinicesp.org.br\/materias\/2021\/bj09a.htm')\">Entidades sindicais pedem nulidade de portaria que reduz afastamento de trabalhadores com covid-19<\/a><\/h2>\n\n\n\n<p><\/p>\n\n\n\n<p>Centrais sindicais e confedera\u00e7\u00f5es nacionais de diversas categorias profissionais acionaram o Supremo Tribunal Federal (STF) contra portaria do Minist\u00e9rio do Trabalho e Previd\u00eancia e do Minist\u00e9rio da Sa\u00fade que reduziu de 14 para 10 dias o per\u00edodo de afastamento de trabalhadores que contra\u00edram covid-19 das atividades presenciais. A Argui\u00e7\u00e3o de Descumprimento de Preceito Fundamental (945) foi distribu\u00edda ao ministro Nunes Marques. <br><br><strong>Redu\u00e7\u00e3o do isolamento<br><\/strong><br>Ainda de acordo com a Portaria Interministerial MTP\/MS 14\/2022, o per\u00edodo de isolamento poder\u00e1 ser reduzido para sete dias, caso o trabalhador confirmado ou suspeito para a covid-19 n\u00e3o apresente febre por 24 horas ou sintomas respirat\u00f3rios. A orienta\u00e7\u00e3o tamb\u00e9m reduz de 14 para 10 dias o isolamento de trabalhadores que tenham tido contato com pessoas diagnosticadas com a doen\u00e7a e para sete dias, se apresentarem resultado negativo de teste realizado a partir do quinto dia ap\u00f3s o contato. <br><br><strong>Desprote\u00e7\u00e3o<\/strong><br><br>As entidades sindicais alegam que as novas previs\u00f5es violam os preceitos fundamentais relacionados ao direito social \u00e0 sa\u00fade e \u00e0 vida, pois desprotegem a pessoa trabalhadora em compara\u00e7\u00e3o com a Portaria Conjunta 20\/2020, que, originalmente, estabeleceu medidas visando \u00e0 preven\u00e7\u00e3o, ao controle e \u00e0 mitiga\u00e7\u00e3o dos riscos de transmiss\u00e3o da covid-19 nos ambientes de trabalho. A mudan\u00e7a, segundo alegam, foi feita sem nenhum embasamento cient\u00edfico e contraria a recomenda\u00e7\u00e3o da Organiza\u00e7\u00e3o Mundial da Sa\u00fade (OMS) e da Funda\u00e7\u00e3o Oswaldo Cruz (Fiocruz). <br><br>Outro argumento \u00e9 o de que, al\u00e9m de colocar o trabalhador em risco diante de uma cepa altamente transmiss\u00edvel, a portaria interministerial legitima a coer\u00e7\u00e3o e o ass\u00e9dio moral. As entidades apontam relatos de empregados que tiveram descontos indevidos na folha de pagamento e outras retalia\u00e7\u00f5es. <br><br>Al\u00e9m de pedido de liminar para a suspens\u00e3o imediata dos efeitos da portaria, as entidades solicitam a declara\u00e7\u00e3o de nulidade das novas disposi\u00e7\u00f5es e o restabelecimento da parte revogada da Portaria Conjunta 20\/2020 referente \u00e0 mat\u00e9ria questionada.<br><br><strong>Fonte: <\/strong>STF<\/p>\n\n\n\n<div style=\"height:70px\" aria-hidden=\"true\" class=\"wp-block-spacer\"><\/div>\n\n\n\n<div class=\"wp-block-image\"><figure class=\"aligncenter size-full\"><a href=\"javaScript:window.print()\"><img loading=\"lazy\" decoding=\"async\" width=\"60\" height=\"53\" src=\"https:\/\/sinicesp.org.br\/wp-content\/uploads\/2022\/01\/impressora.png\" alt=\"\" class=\"wp-image-2334\"\/><\/a><\/figure><\/div>\n<\/div><\/section>\n","protected":false},"excerpt":{"rendered":"<p>Centrais sindicais e confedera\u00e7\u00f5es nacionais de diversas categorias profissionais acionaram o Supremo Tribunal Federal (STF) contra portaria do Minist\u00e9rio do Trabalho e Previd\u00eancia e do Minist\u00e9rio da Sa\u00fade que reduziu de 14 para 10 dias o per\u00edodo de afastamento de trabalhadores que contra\u00edram covid-19 das atividades presenciais.<\/p>\n","protected":false},"author":1,"featured_media":2544,"comment_status":"closed","ping_status":"closed","sticky":false,"template":"","format":"standard","meta":{"om_disable_all_campaigns":false,"_uag_custom_page_level_css":"","_monsterinsights_skip_tracking":false,"_monsterinsights_sitenote_active":false,"_monsterinsights_sitenote_note":"","_monsterinsights_sitenote_category":0,"site-sidebar-layout":"default","site-content-layout":"default","ast-site-content-layout":"default","site-content-style":"default","site-sidebar-style":"default","ast-global-header-display":"","ast-banner-title-visibility":"","ast-main-header-display":"","ast-hfb-above-header-display":"","ast-hfb-below-header-display":"","ast-hfb-mobile-header-display":"","site-post-title":"disabled","ast-breadcrumbs-content":"disabled","ast-featured-img":"","footer-sml-layout":"","ast-disable-related-posts":"","theme-transparent-header-meta":"default","adv-header-id-meta":"","stick-header-meta":"","header-above-stick-meta":"","header-main-stick-meta":"","header-below-stick-meta":"","astra-migrate-meta-layouts":"default","ast-page-background-enabled":"default","ast-page-background-meta":{"desktop":{"background-color":"","background-image":"","background-repeat":"repeat","background-position":"center center","background-size":"auto","background-attachment":"scroll","background-type":"","background-media":"","overlay-type":"","overlay-color":"","overlay-opacity":"","overlay-gradient":""},"tablet":{"background-color":"","background-image":"","background-repeat":"repeat","background-position":"center center","background-size":"auto","background-attachment":"scroll","background-type":"","background-media":"","overlay-type":"","overlay-color":"","overlay-opacity":"","overlay-gradient":""},"mobile":{"background-color":"","background-image":"","background-repeat":"repeat","background-position":"center center","background-size":"auto","background-attachment":"scroll","background-type":"","background-media":"","overlay-type":"","overlay-color":"","overlay-opacity":"","overlay-gradient":""}},"ast-content-background-meta":{"desktop":{"background-color":"var(--ast-global-color-5)","background-image":"","background-repeat":"repeat","background-position":"center center","background-size":"auto","background-attachment":"scroll","background-type":"","background-media":"","overlay-type":"","overlay-color":"","overlay-opacity":"","overlay-gradient":""},"tablet":{"background-color":"var(--ast-global-color-5)","background-image":"","background-repeat":"repeat","background-position":"center center","background-size":"auto","background-attachment":"scroll","background-type":"","background-media":"","overlay-type":"","overlay-color":"","overlay-opacity":"","overlay-gradient":""},"mobile":{"background-color":"var(--ast-global-color-5)","background-image":"","background-repeat":"repeat","background-position":"center center","background-size":"auto","background-attachment":"scroll","background-type":"","background-media":"","overlay-type":"","overlay-color":"","overlay-opacity":"","overlay-gradient":""}},"footnotes":""},"categories":[4],"tags":[154],"class_list":["post-2543","post","type-post","status-publish","format-standard","has-post-thumbnail","hentry","category-boletim-juridico","tag-boletim-juridico-no-02-2022-23-02-2022"],"aioseo_notices":[],"gutentor_comment":0,"uagb_featured_image_src":{"full":["https:\/\/sinicesp.org.br\/wp-content\/uploads\/2022\/02\/boletim-juridico-2022-02a-pequena.jpg",250,167,false],"thumbnail":["https:\/\/sinicesp.org.br\/wp-content\/uploads\/2022\/02\/boletim-juridico-2022-02a-pequena-150x150.jpg",150,150,true],"medium":["https:\/\/sinicesp.org.br\/wp-content\/uploads\/2022\/02\/boletim-juridico-2022-02a-pequena.jpg",250,167,false],"medium_large":["https:\/\/sinicesp.org.br\/wp-content\/uploads\/2022\/02\/boletim-juridico-2022-02a-pequena.jpg",250,167,false],"large":["https:\/\/sinicesp.org.br\/wp-content\/uploads\/2022\/02\/boletim-juridico-2022-02a-pequena.jpg",250,167,false],"1536x1536":["https:\/\/sinicesp.org.br\/wp-content\/uploads\/2022\/02\/boletim-juridico-2022-02a-pequena.jpg",250,167,false],"2048x2048":["https:\/\/sinicesp.org.br\/wp-content\/uploads\/2022\/02\/boletim-juridico-2022-02a-pequena.jpg",250,167,false]},"uagb_author_info":{"display_name":"Rodrigo","author_link":"https:\/\/sinicesp.org.br\/index.php\/author\/sinicesp\/"},"uagb_comment_info":0,"uagb_excerpt":"Centrais sindicais e confedera\u00e7\u00f5es nacionais de diversas categorias profissionais acionaram o Supremo Tribunal Federal (STF) contra portaria do Minist\u00e9rio do Trabalho e Previd\u00eancia e do Minist\u00e9rio da Sa\u00fade que reduziu de 14 para 10 dias o per\u00edodo de afastamento de trabalhadores que contra\u00edram covid-19 das atividades presenciais.","_links":{"self":[{"href":"https:\/\/sinicesp.org.br\/index.php\/wp-json\/wp\/v2\/posts\/2543","targetHints":{"allow":["GET"]}}],"collection":[{"href":"https:\/\/sinicesp.org.br\/index.php\/wp-json\/wp\/v2\/posts"}],"about":[{"href":"https:\/\/sinicesp.org.br\/index.php\/wp-json\/wp\/v2\/types\/post"}],"author":[{"embeddable":true,"href":"https:\/\/sinicesp.org.br\/index.php\/wp-json\/wp\/v2\/users\/1"}],"replies":[{"embeddable":true,"href":"https:\/\/sinicesp.org.br\/index.php\/wp-json\/wp\/v2\/comments?post=2543"}],"version-history":[{"count":0,"href":"https:\/\/sinicesp.org.br\/index.php\/wp-json\/wp\/v2\/posts\/2543\/revisions"}],"wp:featuredmedia":[{"embeddable":true,"href":"https:\/\/sinicesp.org.br\/index.php\/wp-json\/wp\/v2\/media\/2544"}],"wp:attachment":[{"href":"https:\/\/sinicesp.org.br\/index.php\/wp-json\/wp\/v2\/media?parent=2543"}],"wp:term":[{"taxonomy":"category","embeddable":true,"href":"https:\/\/sinicesp.org.br\/index.php\/wp-json\/wp\/v2\/categories?post=2543"},{"taxonomy":"post_tag","embeddable":true,"href":"https:\/\/sinicesp.org.br\/index.php\/wp-json\/wp\/v2\/tags?post=2543"}],"curies":[{"name":"wp","href":"https:\/\/api.w.org\/{rel}","templated":true}]}}