{"id":2551,"date":"2022-02-23T12:06:03","date_gmt":"2022-02-23T15:06:03","guid":{"rendered":"https:\/\/sinicesp.org.br\/?p=2551"},"modified":"2023-08-23T13:05:07","modified_gmt":"2023-08-23T16:05:07","slug":"desembargador-sergio-pinto-martins-e-indicado-para-o-tribunal-superior-do-trabalho","status":"publish","type":"post","link":"https:\/\/sinicesp.org.br\/index.php\/2022\/02\/23\/desembargador-sergio-pinto-martins-e-indicado-para-o-tribunal-superior-do-trabalho\/","title":{"rendered":"Desembargador Sergio Pinto Martins \u00e9 indicado para o Tribunal Superior do Trabalho"},"content":{"rendered":"\n<section class=\"wp-block-uagb-section uagb-section__wrap uagb-section__background-undefined alignfull uagb-block-5cef37e5\"><div class=\"uagb-section__overlay\"><\/div><div class=\"uagb-section__inner-wrap\"><\/div><\/section>\n\n\n\n<section class=\"wp-block-uagb-section uagb-section__wrap uagb-section__background-color uagb-block-ba35a427\"><div class=\"uagb-section__overlay\"><\/div><div class=\"uagb-section__inner-wrap\">\n<div style=\"height:10px\" aria-hidden=\"true\" class=\"wp-block-spacer\"><\/div>\n\n\n\n<div class=\"wp-block-uagb-advanced-heading uagb-block-eaf8cb5c\"><h3 class=\"uagb-heading-text\"><br><strong>\u00daltimas Not\u00edcias n\u00ba 06\/2022 &#8211; 23\/02\/2022 <\/strong><\/h3><div class=\"uagb-separator\"><\/div><\/div>\n\n\n\n<p><\/p>\n<\/div><\/section>\n\n\n\n<section class=\"wp-block-uagb-section uagb-section__wrap uagb-section__background-color uagb-block-f081cd3d\"><div class=\"uagb-section__overlay\"><\/div><div class=\"uagb-section__inner-wrap\">\n<h2 class=\"wp-block-heading has-text-align-left has-text-color\" id=\"desembargador-sergio-pinto-martins-e-indicado-para-o-tribunal-superior-do-trabalho\" style=\"color:#0767b1\">Desembargador Sergio Pinto Martins \u00e9 indicado para o Tribunal Superior do Trabalho<\/h2>\n\n\n\n<p><\/p>\n\n\n\n<p> <\/p>\n\n\n\n<p>O desembargador do Tribunal Regional do Trabalho da 2\u00aa Regi\u00e3o Sergio Pinto Martins \u00e9 o escolhido para ocupar o cargo de ministro do Tribunal Superior do Trabalho (TST). O despacho da Presid\u00eancia da Rep\u00fablica com a indica\u00e7\u00e3o foi publicado no Di\u00e1rio Oficial da Uni\u00e3o. Para assumir o cargo, ele ainda ter\u00e1 que passar por sabatina no Senado Federal em data a ser definida. O magistrado era um dos integrantes de lista tr\u00edplice do TST para vaga destinada \u00e0 magistratura ap\u00f3s elei\u00e7\u00e3o pelo Pleno do \u00f3rg\u00e3o. O posto foi anteriormente ocupado pelo ministro Alberto Bresciani, que se aposentou em dezembro de 2021. <br><br>No TRT-2, o desembargador Sergio Pinto Martins tomou posse como juiz em 1990 e, em 1994, foi promovido, por merecimento, ao cargo de juiz titular. Em 2007, foi promovido, tamb\u00e9m por merecimento, a desembargador. Foi diretor da Escola Judicial da 2a Regi\u00e3o e, desde outubro de 2020, exerce o cargo de corregedor regional. <br><br>O novo Ministro do TST \u00e9 &nbsp;bacharel em Direito e Administra\u00e7\u00e3o de Empresas pela Universidade Presbiteriana Mackenzie e em Ci\u00eancias Cont\u00e1beis pela Funda\u00e7\u00e3o Escola de Com\u00e9rcio \u00c1lvares Penteado. \u00c9 mestre em Direito Tribut\u00e1rio, doutor e livre-docente em Direito do Trabalho pela Faculdade de Direito da USP. Especialista em Direito Empresarial pela Universidade Mackenzie e em Direito do Trabalho pela USP e professor titular de Direito do Trabalho da Faculdade de Direito da USP.<br><br><\/p>\n\n\n\n<figure class=\"wp-block-image aligncenter size-full\"><img loading=\"lazy\" decoding=\"async\" width=\"563\" height=\"358\" src=\"https:\/\/sinicesp.org.br\/wp-content\/uploads\/2022\/02\/ultimas-2022-06-interna.jpg\" alt=\"\" class=\"wp-image-2552\" srcset=\"https:\/\/sinicesp.org.br\/wp-content\/uploads\/2022\/02\/ultimas-2022-06-interna.jpg 563w, https:\/\/sinicesp.org.br\/wp-content\/uploads\/2022\/02\/ultimas-2022-06-interna-300x191.jpg 300w\" sizes=\"auto, (max-width: 563px) 100vw, 563px\" \/><\/figure>\n\n\n\n<div style=\"height:70px\" aria-hidden=\"true\" class=\"wp-block-spacer\"><\/div>\n\n\n\n<figure class=\"wp-block-image aligncenter size-full\"><a href=\"javaScript:window.print()\"><img loading=\"lazy\" decoding=\"async\" width=\"60\" height=\"53\" src=\"https:\/\/sinicesp.org.br\/wp-content\/uploads\/2022\/01\/impressora.png\" alt=\"\" class=\"wp-image-2334\"\/><\/a><\/figure>\n<\/div><\/section>\n","protected":false},"excerpt":{"rendered":"<p>O desembargador do Tribunal Regional do Trabalho da 2\u00aa Regi\u00e3o Sergio Pinto Martins \u00e9 o escolhido para ocupar o cargo de ministro do Tribunal Superior do Trabalho (TST). O despacho da Presid\u00eancia da Rep\u00fablica com a indica\u00e7\u00e3o foi publicado no Di\u00e1rio Oficial da Uni\u00e3o. Para assumir o cargo, ele ainda ter\u00e1 que passar por sabatina no Senado Federal em data a ser definida.<\/p>\n","protected":false},"author":1,"featured_media":2554,"comment_status":"closed","ping_status":"closed","sticky":false,"template":"","format":"standard","meta":{"om_disable_all_campaigns":false,"_uag_custom_page_level_css":"","_monsterinsights_skip_tracking":false,"_monsterinsights_sitenote_active":false,"_monsterinsights_sitenote_note":"","_monsterinsights_sitenote_category":0,"site-sidebar-layout":"default","site-content-layout":"plain-container","ast-site-content-layout":"normal-width-container","site-content-style":"unboxed","site-sidebar-style":"unboxed","ast-global-header-display":"","ast-banner-title-visibility":"","ast-main-header-display":"","ast-hfb-above-header-display":"","ast-hfb-below-header-display":"","ast-hfb-mobile-header-display":"","site-post-title":"disabled","ast-breadcrumbs-content":"","ast-featured-img":"disabled","footer-sml-layout":"","ast-disable-related-posts":"","theme-transparent-header-meta":"default","adv-header-id-meta":"","stick-header-meta":"","header-above-stick-meta":"","header-main-stick-meta":"","header-below-stick-meta":"","astra-migrate-meta-layouts":"set","ast-page-background-enabled":"default","ast-page-background-meta":{"desktop":{"background-color":"","background-image":"","background-repeat":"repeat","background-position":"center center","background-size":"auto","background-attachment":"scroll","background-type":"","background-media":"","overlay-type":"","overlay-color":"","overlay-opacity":"","overlay-gradient":""},"tablet":{"background-color":"","background-image":"","background-repeat":"repeat","background-position":"center center","background-size":"auto","background-attachment":"scroll","background-type":"","background-media":"","overlay-type":"","overlay-color":"","overlay-opacity":"","overlay-gradient":""},"mobile":{"background-color":"","background-image":"","background-repeat":"repeat","background-position":"center center","background-size":"auto","background-attachment":"scroll","background-type":"","background-media":"","overlay-type":"","overlay-color":"","overlay-opacity":"","overlay-gradient":""}},"ast-content-background-meta":{"desktop":{"background-color":"var(--ast-global-color-5)","background-image":"","background-repeat":"repeat","background-position":"center center","background-size":"auto","background-attachment":"scroll","background-type":"","background-media":"","overlay-type":"","overlay-color":"","overlay-opacity":"","overlay-gradient":""},"tablet":{"background-color":"var(--ast-global-color-5)","background-image":"","background-repeat":"repeat","background-position":"center center","background-size":"auto","background-attachment":"scroll","background-type":"","background-media":"","overlay-type":"","overlay-color":"","overlay-opacity":"","overlay-gradient":""},"mobile":{"background-color":"var(--ast-global-color-5)","background-image":"","background-repeat":"repeat","background-position":"center center","background-size":"auto","background-attachment":"scroll","background-type":"","background-media":"","overlay-type":"","overlay-color":"","overlay-opacity":"","overlay-gradient":""}},"footnotes":""},"categories":[6],"tags":[155],"class_list":["post-2551","post","type-post","status-publish","format-standard","has-post-thumbnail","hentry","category-ultimas-noticias","tag-ultimas-noticias-no-06-2022-23-02-2022"],"aioseo_notices":[],"gutentor_comment":0,"uagb_featured_image_src":{"full":["https:\/\/sinicesp.org.br\/wp-content\/uploads\/2022\/02\/ultimas-2022-06-pequena-1.jpg",250,167,false],"thumbnail":["https:\/\/sinicesp.org.br\/wp-content\/uploads\/2022\/02\/ultimas-2022-06-pequena-1-150x150.jpg",150,150,true],"medium":["https:\/\/sinicesp.org.br\/wp-content\/uploads\/2022\/02\/ultimas-2022-06-pequena-1.jpg",250,167,false],"medium_large":["https:\/\/sinicesp.org.br\/wp-content\/uploads\/2022\/02\/ultimas-2022-06-pequena-1.jpg",250,167,false],"large":["https:\/\/sinicesp.org.br\/wp-content\/uploads\/2022\/02\/ultimas-2022-06-pequena-1.jpg",250,167,false],"1536x1536":["https:\/\/sinicesp.org.br\/wp-content\/uploads\/2022\/02\/ultimas-2022-06-pequena-1.jpg",250,167,false],"2048x2048":["https:\/\/sinicesp.org.br\/wp-content\/uploads\/2022\/02\/ultimas-2022-06-pequena-1.jpg",250,167,false]},"uagb_author_info":{"display_name":"Rodrigo","author_link":"https:\/\/sinicesp.org.br\/index.php\/author\/sinicesp\/"},"uagb_comment_info":0,"uagb_excerpt":"O desembargador do Tribunal Regional do Trabalho da 2\u00aa Regi\u00e3o Sergio Pinto Martins \u00e9 o escolhido para ocupar o cargo de ministro do Tribunal Superior do Trabalho (TST). O despacho da Presid\u00eancia da Rep\u00fablica com a indica\u00e7\u00e3o foi publicado no Di\u00e1rio Oficial da Uni\u00e3o. Para assumir o cargo, ele ainda ter\u00e1 que passar por sabatina&hellip;","_links":{"self":[{"href":"https:\/\/sinicesp.org.br\/index.php\/wp-json\/wp\/v2\/posts\/2551","targetHints":{"allow":["GET"]}}],"collection":[{"href":"https:\/\/sinicesp.org.br\/index.php\/wp-json\/wp\/v2\/posts"}],"about":[{"href":"https:\/\/sinicesp.org.br\/index.php\/wp-json\/wp\/v2\/types\/post"}],"author":[{"embeddable":true,"href":"https:\/\/sinicesp.org.br\/index.php\/wp-json\/wp\/v2\/users\/1"}],"replies":[{"embeddable":true,"href":"https:\/\/sinicesp.org.br\/index.php\/wp-json\/wp\/v2\/comments?post=2551"}],"version-history":[{"count":0,"href":"https:\/\/sinicesp.org.br\/index.php\/wp-json\/wp\/v2\/posts\/2551\/revisions"}],"wp:featuredmedia":[{"embeddable":true,"href":"https:\/\/sinicesp.org.br\/index.php\/wp-json\/wp\/v2\/media\/2554"}],"wp:attachment":[{"href":"https:\/\/sinicesp.org.br\/index.php\/wp-json\/wp\/v2\/media?parent=2551"}],"wp:term":[{"taxonomy":"category","embeddable":true,"href":"https:\/\/sinicesp.org.br\/index.php\/wp-json\/wp\/v2\/categories?post=2551"},{"taxonomy":"post_tag","embeddable":true,"href":"https:\/\/sinicesp.org.br\/index.php\/wp-json\/wp\/v2\/tags?post=2551"}],"curies":[{"name":"wp","href":"https:\/\/api.w.org\/{rel}","templated":true}]}}