{"id":2922,"date":"2022-06-24T09:03:20","date_gmt":"2022-06-24T12:03:20","guid":{"rendered":"https:\/\/sinicesp.org.br\/?p=2922"},"modified":"2022-06-27T13:24:41","modified_gmt":"2022-06-27T16:24:41","slug":"stf-decide-que-cotas-para-pessoas-com-deficiencia-e-para-aprendizes-nao-podem-ser-negociadas","status":"publish","type":"post","link":"https:\/\/sinicesp.org.br\/index.php\/2022\/06\/24\/stf-decide-que-cotas-para-pessoas-com-deficiencia-e-para-aprendizes-nao-podem-ser-negociadas\/","title":{"rendered":"STF decide que cotas para pessoas com defici\u00eancia e para aprendizes n\u00e3o podem ser negociadas"},"content":{"rendered":"\n<section class=\"wp-block-uagb-section uagb-section__wrap uagb-section__background-color uagb-block-a249f040\"><div class=\"uagb-section__overlay\"><\/div><div class=\"uagb-section__inner-wrap\">\n<div style=\"height:10px\" aria-hidden=\"true\" class=\"wp-block-spacer\"><\/div>\n\n\n\n<div class=\"wp-block-uagb-advanced-heading uagb-block-48dba448\"><h3 class=\"uagb-heading-text\"><br><strong>Inclus\u00e3o profissional n\u00ba 03\/2022 &#8211; 24\/06\/2022 <\/strong><\/h3><div class=\"uagb-separator-wrap\"><div class=\"uagb-separator\"><\/div><\/div><p class=\"uagb-desc-text\"><\/p><\/div>\n\n\n\n<p><\/p>\n<\/div><\/section>\n\n\n\n<section class=\"wp-block-uagb-section uagb-section__wrap uagb-section__background-color uagb-block-15599cc1\"><div class=\"uagb-section__overlay\"><\/div><div class=\"uagb-section__inner-wrap\">\n<h2 class=\"has-text-color wp-block-heading\" style=\"color:#0767b1\"><strong>STF decide que cotas para pessoas com defici\u00eancia e para aprendizes n\u00e3o podem ser negociadas <\/strong><\/h2>\n\n\n\n<p>O Supremo Tribunal Federal (STF) decidiu, na sess\u00e3o de quinta-feira, dia 2 de junho, que \u201cS\u00e3o constitucionais os acordos e as conven\u00e7\u00f5es coletivas que, ao considerarem a adequa\u00e7\u00e3o setorial negociada, pactuam limita\u00e7\u00f5es ou afastamentos de direitos trabalhistas, independentemente da explicita\u00e7\u00e3o especificada de vantagens compensat\u00f3rias, desde que respeitados os direitos absolutamente indispon\u00edveis\u201d (Tema 1046). <br><br>O Tema 1046, julgado na sess\u00e3o, est\u00e1 relacionado \u00e0 discuss\u00e3o se o negociado entre patr\u00f5es e sindicatos pode se sobrepor \u00e0 legisla\u00e7\u00e3o trabalhista. <br><br>Ao julgar o recurso extraordin\u00e1rio paradigma (ARE) 1121633, o ministro relator Gilmar Mendes destacou, em seu voto, que a negocia\u00e7\u00e3o coletiva, prevista na Constitui\u00e7\u00e3o, n\u00e3o abrange pol\u00edticas p\u00fablicas de inclus\u00e3o de pessoas com defici\u00eancia, adolescentes e jovens no mercado de trabalho, que s\u00e3o definidas em legisla\u00e7\u00e3o espec\u00edfica. <br><br>O MPT j\u00e1 havia defendido tese equivalente em orienta\u00e7\u00e3o da Conalis, da Coordinf\u00e2ncia e da Coordigualdade, pois compreende que a\u00e7\u00f5es afirmativas de cotas sociais atendem a interesse transindividual de toda a sociedade, raz\u00e3o pela qual s\u00e3o indispon\u00edveis, n\u00e3o podendo ser objeto de negocia\u00e7\u00e3o coletiva ou norma coletiva para flexibilizar, reduzir ou suprimir seu conte\u00fado. <br><br>Assista no YouTube: TEMA 1046 do STF \u2013 Sess\u00e3o de Julgamento do Pleno 01\/06\/2022&nbsp;<a href=\"https:\/\/youtu.be\/zq8tJo5Ez80\" target=\"_blank\" rel=\"noreferrer noopener\">https:\/\/youtu.be\/zq8tJo5Ez80<\/a>  <br><br><strong>Fonte: <\/strong>STF<\/p>\n\n\n\n<div style=\"height:70px\" aria-hidden=\"true\" class=\"wp-block-spacer\"><\/div>\n\n\n\n<div id=\"section-gc42517\" class=\"wp-block-gutentor-e6 section-gc42517 gutentor-element gutentor-element-image text-align-center-desktop\"><div class=\"gutentor-element-image-box\"><a class=\"gutentor-element-image-link\" href=\"window.print()\"><div class=\"gutentor-image-thumb\"><img decoding=\"async\" class=\"normal-image\" src=\"https:\/\/sinicesp.org.br\/wp-content\/uploads\/2022\/01\/impressora.png\" \/><\/div><\/a><\/div><\/div>\n<\/div><\/section>\n","protected":false},"excerpt":{"rendered":"<p>O Tema est\u00e1 relacionado \u00e0 discuss\u00e3o se o negociado entre patr\u00f5es e sindicatos pode se sobrepor \u00e0 legisla\u00e7\u00e3o trabalhista. <\/p>\n","protected":false},"author":1,"featured_media":2923,"comment_status":"closed","ping_status":"closed","sticky":false,"template":"","format":"standard","meta":{"om_disable_all_campaigns":false,"_uag_custom_page_level_css":"","_monsterinsights_skip_tracking":false,"_monsterinsights_sitenote_active":false,"_monsterinsights_sitenote_note":"","_monsterinsights_sitenote_category":0,"site-sidebar-layout":"default","site-content-layout":"default","ast-site-content-layout":"default","site-content-style":"default","site-sidebar-style":"default","ast-global-header-display":"","ast-banner-title-visibility":"","ast-main-header-display":"","ast-hfb-above-header-display":"","ast-hfb-below-header-display":"","ast-hfb-mobile-header-display":"","site-post-title":"disabled","ast-breadcrumbs-content":"disabled","ast-featured-img":"disabled","footer-sml-layout":"","ast-disable-related-posts":"","theme-transparent-header-meta":"default","adv-header-id-meta":"","stick-header-meta":"","header-above-stick-meta":"","header-main-stick-meta":"","header-below-stick-meta":"","astra-migrate-meta-layouts":"default","ast-page-background-enabled":"default","ast-page-background-meta":{"desktop":{"background-color":"","background-image":"","background-repeat":"repeat","background-position":"center center","background-size":"auto","background-attachment":"scroll","background-type":"","background-media":"","overlay-type":"","overlay-color":"","overlay-opacity":"","overlay-gradient":""},"tablet":{"background-color":"","background-image":"","background-repeat":"repeat","background-position":"center center","background-size":"auto","background-attachment":"scroll","background-type":"","background-media":"","overlay-type":"","overlay-color":"","overlay-opacity":"","overlay-gradient":""},"mobile":{"background-color":"","background-image":"","background-repeat":"repeat","background-position":"center center","background-size":"auto","background-attachment":"scroll","background-type":"","background-media":"","overlay-type":"","overlay-color":"","overlay-opacity":"","overlay-gradient":""}},"ast-content-background-meta":{"desktop":{"background-color":"var(--ast-global-color-5)","background-image":"","background-repeat":"repeat","background-position":"center center","background-size":"auto","background-attachment":"scroll","background-type":"","background-media":"","overlay-type":"","overlay-color":"","overlay-opacity":"","overlay-gradient":""},"tablet":{"background-color":"var(--ast-global-color-5)","background-image":"","background-repeat":"repeat","background-position":"center center","background-size":"auto","background-attachment":"scroll","background-type":"","background-media":"","overlay-type":"","overlay-color":"","overlay-opacity":"","overlay-gradient":""},"mobile":{"background-color":"var(--ast-global-color-5)","background-image":"","background-repeat":"repeat","background-position":"center center","background-size":"auto","background-attachment":"scroll","background-type":"","background-media":"","overlay-type":"","overlay-color":"","overlay-opacity":"","overlay-gradient":""}},"footnotes":""},"categories":[12],"tags":[15],"class_list":["post-2922","post","type-post","status-publish","format-standard","has-post-thumbnail","hentry","category-inclusao-profissional","tag-noticia"],"aioseo_notices":[],"gutentor_comment":0,"uagb_featured_image_src":{"full":["https:\/\/sinicesp.org.br\/wp-content\/uploads\/2022\/06\/inclusao-2022-03-cota.jpg",250,167,false],"thumbnail":["https:\/\/sinicesp.org.br\/wp-content\/uploads\/2022\/06\/inclusao-2022-03-cota-150x150.jpg",150,150,true],"medium":["https:\/\/sinicesp.org.br\/wp-content\/uploads\/2022\/06\/inclusao-2022-03-cota.jpg",250,167,false],"medium_large":["https:\/\/sinicesp.org.br\/wp-content\/uploads\/2022\/06\/inclusao-2022-03-cota.jpg",250,167,false],"large":["https:\/\/sinicesp.org.br\/wp-content\/uploads\/2022\/06\/inclusao-2022-03-cota.jpg",250,167,false],"1536x1536":["https:\/\/sinicesp.org.br\/wp-content\/uploads\/2022\/06\/inclusao-2022-03-cota.jpg",250,167,false],"2048x2048":["https:\/\/sinicesp.org.br\/wp-content\/uploads\/2022\/06\/inclusao-2022-03-cota.jpg",250,167,false]},"uagb_author_info":{"display_name":"Rodrigo","author_link":"https:\/\/sinicesp.org.br\/index.php\/author\/sinicesp\/"},"uagb_comment_info":0,"uagb_excerpt":"O Tema est\u00e1 relacionado \u00e0 discuss\u00e3o se o negociado entre patr\u00f5es e sindicatos pode se sobrepor \u00e0 legisla\u00e7\u00e3o trabalhista.","_links":{"self":[{"href":"https:\/\/sinicesp.org.br\/index.php\/wp-json\/wp\/v2\/posts\/2922","targetHints":{"allow":["GET"]}}],"collection":[{"href":"https:\/\/sinicesp.org.br\/index.php\/wp-json\/wp\/v2\/posts"}],"about":[{"href":"https:\/\/sinicesp.org.br\/index.php\/wp-json\/wp\/v2\/types\/post"}],"author":[{"embeddable":true,"href":"https:\/\/sinicesp.org.br\/index.php\/wp-json\/wp\/v2\/users\/1"}],"replies":[{"embeddable":true,"href":"https:\/\/sinicesp.org.br\/index.php\/wp-json\/wp\/v2\/comments?post=2922"}],"version-history":[{"count":0,"href":"https:\/\/sinicesp.org.br\/index.php\/wp-json\/wp\/v2\/posts\/2922\/revisions"}],"wp:featuredmedia":[{"embeddable":true,"href":"https:\/\/sinicesp.org.br\/index.php\/wp-json\/wp\/v2\/media\/2923"}],"wp:attachment":[{"href":"https:\/\/sinicesp.org.br\/index.php\/wp-json\/wp\/v2\/media?parent=2922"}],"wp:term":[{"taxonomy":"category","embeddable":true,"href":"https:\/\/sinicesp.org.br\/index.php\/wp-json\/wp\/v2\/categories?post=2922"},{"taxonomy":"post_tag","embeddable":true,"href":"https:\/\/sinicesp.org.br\/index.php\/wp-json\/wp\/v2\/tags?post=2922"}],"curies":[{"name":"wp","href":"https:\/\/api.w.org\/{rel}","templated":true}]}}