{"id":3011,"date":"2022-07-14T07:48:37","date_gmt":"2022-07-14T10:48:37","guid":{"rendered":"https:\/\/sinicesp.org.br\/?p=3011"},"modified":"2022-07-14T07:53:17","modified_gmt":"2022-07-14T10:53:17","slug":"comemoracao-do-aniversario-da-lei-de-cotas-sera-em-formato-hibrido","status":"publish","type":"post","link":"https:\/\/sinicesp.org.br\/index.php\/2022\/07\/14\/comemoracao-do-aniversario-da-lei-de-cotas-sera-em-formato-hibrido\/","title":{"rendered":"Comemora\u00e7\u00e3o do anivers\u00e1rio da Lei de Cotas ser\u00e1 em formato h\u00edbrido"},"content":{"rendered":"\n<section class=\"wp-block-uagb-section uagb-section__wrap uagb-section__background-color uagb-block-60c3a774\"><div class=\"uagb-section__overlay\"><\/div><div class=\"uagb-section__inner-wrap\">\n<div style=\"height:10px\" aria-hidden=\"true\" class=\"wp-block-spacer\"><\/div>\n\n\n\n<div class=\"wp-block-uagb-advanced-heading uagb-block-35a26a6b\"><h3 class=\"uagb-heading-text\"><br><strong>Inclus\u00e3o profissional n\u00ba 04\/2022 &#8211; 14\/06\/2022 <\/strong><\/h3><div class=\"uagb-separator-wrap\"><div class=\"uagb-separator\"><\/div><\/div><p class=\"uagb-desc-text\"><\/p><\/div>\n\n\n\n<p><\/p>\n<\/div><\/section>\n\n\n\n<section class=\"wp-block-uagb-section uagb-section__wrap uagb-section__background-color uagb-block-013089f8\"><div class=\"uagb-section__overlay\"><\/div><div class=\"uagb-section__inner-wrap\">\n<h2 class=\"has-text-color wp-block-heading\" style=\"color:#0767b1\"><strong>Comemora\u00e7\u00e3o do anivers\u00e1rio da Lei de Cotas ser\u00e1 em formato h\u00edbrido  <\/strong><\/h2>\n\n\n\n<p>No dia 24 de julho a Lei de Cotas completar\u00e1 31 anos e a C\u00e2mara Paulista Para Inclus\u00e3o da Pessoa com Defici\u00eancia realizar\u00e1, dia 22 de julho, o evento de comemora\u00e7\u00e3o da data. Nos \u00faltimos dois anos, devido ao isolamento em consequ\u00eancia da pandemia Covid19, o evento foi realizado de forma virtual, e em 2022 volta a ser parcialmente presencial, com transmiss\u00e3o nos canais da C\u00e2mara. <br><br>A programa\u00e7\u00e3o completa est\u00e1 no hotsite:\u00a0<a href=\"https:\/\/leidecotas.camarainclusao.com.br\/\" target=\"_blank\" rel=\"noreferrer noopener\">https:\/\/leidecotas.camarainclusao.com.br\/<\/a>\u00a0 <br><br>Reserve sua agenda e salve os links para assistir:\u00a0 <br><br><strong>Youtube<\/strong>:\u00a0<a href=\"https:\/\/www.youtube.com\/watch?v=mHccEe8HEtQ&amp;feature=emb_title&amp;ab_channel=C%C3%A2maraPaulistadeInclus%C3%A3o\" target=\"_blank\" rel=\"noreferrer noopener\">https:\/\/www.youtube.com\/watch?v=mHccEe8HEtQ&amp;feature=emb_title&amp;ab_channel=C%C3%A2maraPaulistadeInclus%C3%A3o<\/a>\u00a0e\u00a0 <br><strong>Facebook<\/strong>:\u00a0<a href=\"https:\/\/www.facebook.com\/events\/1186471945420357?ref=newsfeed\" target=\"_blank\" rel=\"noreferrer noopener\">https:\/\/www.facebook.com\/events\/1186471945420357?ref=newsfeed<\/a>). <br><br>O evento presencial ser\u00e1 no audit\u00f3rio do CIEE, em S\u00e3o Paulo, e o espa\u00e7o j\u00e1 est\u00e1 lotado. <\/p>\n\n\n\n<div style=\"height:30px\" aria-hidden=\"true\" class=\"wp-block-spacer\"><\/div>\n\n\n\n<div id=\"section-g4f89c8\" class=\"wp-block-gutentor-e6 section-g4f89c8 gutentor-element gutentor-element-image text-align-center-desktop\"><div class=\"gutentor-element-image-box\"><div class=\"gutentor-image-thumb\"><img decoding=\"async\" class=\"normal-image\" src=\"https:\/\/sinicesp.org.br\/wp-content\/uploads\/2022\/07\/inclusao-2022-04.jpg\" \/><\/div><\/div><\/div>\n\n\n\n<div style=\"height:30px\" aria-hidden=\"true\" class=\"wp-block-spacer\"><\/div>\n\n\n\n<p><strong>Equivalente textual da imagem:<\/strong> arte em formato quadrado, com fundo branco do convite \u201c#LeideCotas 31 anos \u2013 Trabalho: um direito de todas as pessoas\u201d na parte superior em fonte azul. No centro da arte h\u00e1 uma sequ\u00eancia de fotos em formato circular, do rosto dos participantes, com seus nomes, da esquerda para a direita: Kal, \u00c1lvaro Alves Noga, Let\u00edcia Peres Farias, Silvia Grecco, Yone Antonioli Guimar\u00e3es, Marly dos Santos, Dudu do Cavaco, Aline Messias, Arac\u00e9lia Costa, Mel\u00edcia Alves de Carvalho Mesel, Renato Jos\u00e9, Paulo Oliveira, Henry Xavier, Billy Saga. Abaixo das fotos est\u00e1 o texto \u201c22.07 \u2013 11h \u00e0s 15h \u2013 Ao vivo no Youtube e Facebook da C\u00e2mara Paulista de Inclus\u00e3o \u2013 mais infos:leidecotas.camarainclusao.com.br\u201d. Nas bordas do quadrado h\u00e1 pequenos ret\u00e2ngulos, nas respectivas cores, da esquerda para a direita e de cima para baixo: amarelo, rosa, vermelho e verde. As cores e formato dos ret\u00e2ngulos s\u00e3o as mesmas presentes no logo da C\u00e2mara Paulista de Inclus\u00e3o da Pessoa com Defici\u00eancia que est\u00e1 no canto superior esquerdo da arte \u2013 sobre o logo est\u00e1 o texto \u201crealiza\u00e7\u00e3o:\u201d. No canto superior direito est\u00e1 a palavra \u201cLIVE\u201d dentro de uma elipse vermelha e abaixo desta os logotipos do Facebook e do Youtube\u201d. <br><br><strong>Fonte: <\/strong>C\u00e2mara Paulista Para Inclus\u00e3o<\/p>\n\n\n\n<div style=\"height:70px\" aria-hidden=\"true\" class=\"wp-block-spacer\"><\/div>\n\n\n\n<div id=\"section-g0b65a4\" class=\"wp-block-gutentor-e6 section-g0b65a4 gutentor-element gutentor-element-image text-align-center-desktop\"><div class=\"gutentor-element-image-box\"><a class=\"gutentor-element-image-link\" href=\"window.print()\"><div class=\"gutentor-image-thumb\"><img decoding=\"async\" class=\"normal-image\" src=\"https:\/\/sinicesp.org.br\/wp-content\/uploads\/2022\/01\/impressora.png\" \/><\/div><\/a><\/div><\/div>\n<\/div><\/section>\n","protected":false},"excerpt":{"rendered":"<p>A Lei de Cotas \u00e9 o principal instrumento para garantia do direito ao trabalho das pessoas com defici\u00eancia.<\/p>\n","protected":false},"author":1,"featured_media":3012,"comment_status":"closed","ping_status":"closed","sticky":false,"template":"","format":"standard","meta":{"om_disable_all_campaigns":false,"_uag_custom_page_level_css":"","_monsterinsights_skip_tracking":false,"_monsterinsights_sitenote_active":false,"_monsterinsights_sitenote_note":"","_monsterinsights_sitenote_category":0,"site-sidebar-layout":"default","site-content-layout":"default","ast-site-content-layout":"default","site-content-style":"default","site-sidebar-style":"default","ast-global-header-display":"","ast-banner-title-visibility":"","ast-main-header-display":"","ast-hfb-above-header-display":"","ast-hfb-below-header-display":"","ast-hfb-mobile-header-display":"","site-post-title":"disabled","ast-breadcrumbs-content":"disabled","ast-featured-img":"disabled","footer-sml-layout":"","ast-disable-related-posts":"","theme-transparent-header-meta":"default","adv-header-id-meta":"","stick-header-meta":"","header-above-stick-meta":"","header-main-stick-meta":"","header-below-stick-meta":"","astra-migrate-meta-layouts":"default","ast-page-background-enabled":"default","ast-page-background-meta":{"desktop":{"background-color":"","background-image":"","background-repeat":"repeat","background-position":"center center","background-size":"auto","background-attachment":"scroll","background-type":"","background-media":"","overlay-type":"","overlay-color":"","overlay-opacity":"","overlay-gradient":""},"tablet":{"background-color":"","background-image":"","background-repeat":"repeat","background-position":"center center","background-size":"auto","background-attachment":"scroll","background-type":"","background-media":"","overlay-type":"","overlay-color":"","overlay-opacity":"","overlay-gradient":""},"mobile":{"background-color":"","background-image":"","background-repeat":"repeat","background-position":"center center","background-size":"auto","background-attachment":"scroll","background-type":"","background-media":"","overlay-type":"","overlay-color":"","overlay-opacity":"","overlay-gradient":""}},"ast-content-background-meta":{"desktop":{"background-color":"var(--ast-global-color-5)","background-image":"","background-repeat":"repeat","background-position":"center center","background-size":"auto","background-attachment":"scroll","background-type":"","background-media":"","overlay-type":"","overlay-color":"","overlay-opacity":"","overlay-gradient":""},"tablet":{"background-color":"var(--ast-global-color-5)","background-image":"","background-repeat":"repeat","background-position":"center center","background-size":"auto","background-attachment":"scroll","background-type":"","background-media":"","overlay-type":"","overlay-color":"","overlay-opacity":"","overlay-gradient":""},"mobile":{"background-color":"var(--ast-global-color-5)","background-image":"","background-repeat":"repeat","background-position":"center center","background-size":"auto","background-attachment":"scroll","background-type":"","background-media":"","overlay-type":"","overlay-color":"","overlay-opacity":"","overlay-gradient":""}},"footnotes":""},"categories":[12],"tags":[15],"class_list":["post-3011","post","type-post","status-publish","format-standard","has-post-thumbnail","hentry","category-inclusao-profissional","tag-noticia"],"aioseo_notices":[],"gutentor_comment":0,"uagb_featured_image_src":{"full":["https:\/\/sinicesp.org.br\/wp-content\/uploads\/2022\/07\/inclusao-2022-04-pequena.jpg",250,167,false],"thumbnail":["https:\/\/sinicesp.org.br\/wp-content\/uploads\/2022\/07\/inclusao-2022-04-pequena-150x150.jpg",150,150,true],"medium":["https:\/\/sinicesp.org.br\/wp-content\/uploads\/2022\/07\/inclusao-2022-04-pequena.jpg",250,167,false],"medium_large":["https:\/\/sinicesp.org.br\/wp-content\/uploads\/2022\/07\/inclusao-2022-04-pequena.jpg",250,167,false],"large":["https:\/\/sinicesp.org.br\/wp-content\/uploads\/2022\/07\/inclusao-2022-04-pequena.jpg",250,167,false],"1536x1536":["https:\/\/sinicesp.org.br\/wp-content\/uploads\/2022\/07\/inclusao-2022-04-pequena.jpg",250,167,false],"2048x2048":["https:\/\/sinicesp.org.br\/wp-content\/uploads\/2022\/07\/inclusao-2022-04-pequena.jpg",250,167,false]},"uagb_author_info":{"display_name":"Rodrigo","author_link":"https:\/\/sinicesp.org.br\/index.php\/author\/sinicesp\/"},"uagb_comment_info":0,"uagb_excerpt":"A Lei de Cotas \u00e9 o principal instrumento para garantia do direito ao trabalho das pessoas com defici\u00eancia.","_links":{"self":[{"href":"https:\/\/sinicesp.org.br\/index.php\/wp-json\/wp\/v2\/posts\/3011","targetHints":{"allow":["GET"]}}],"collection":[{"href":"https:\/\/sinicesp.org.br\/index.php\/wp-json\/wp\/v2\/posts"}],"about":[{"href":"https:\/\/sinicesp.org.br\/index.php\/wp-json\/wp\/v2\/types\/post"}],"author":[{"embeddable":true,"href":"https:\/\/sinicesp.org.br\/index.php\/wp-json\/wp\/v2\/users\/1"}],"replies":[{"embeddable":true,"href":"https:\/\/sinicesp.org.br\/index.php\/wp-json\/wp\/v2\/comments?post=3011"}],"version-history":[{"count":0,"href":"https:\/\/sinicesp.org.br\/index.php\/wp-json\/wp\/v2\/posts\/3011\/revisions"}],"wp:featuredmedia":[{"embeddable":true,"href":"https:\/\/sinicesp.org.br\/index.php\/wp-json\/wp\/v2\/media\/3012"}],"wp:attachment":[{"href":"https:\/\/sinicesp.org.br\/index.php\/wp-json\/wp\/v2\/media?parent=3011"}],"wp:term":[{"taxonomy":"category","embeddable":true,"href":"https:\/\/sinicesp.org.br\/index.php\/wp-json\/wp\/v2\/categories?post=3011"},{"taxonomy":"post_tag","embeddable":true,"href":"https:\/\/sinicesp.org.br\/index.php\/wp-json\/wp\/v2\/tags?post=3011"}],"curies":[{"name":"wp","href":"https:\/\/api.w.org\/{rel}","templated":true}]}}