{"id":3037,"date":"2022-07-18T13:45:18","date_gmt":"2022-07-18T16:45:18","guid":{"rendered":"https:\/\/sinicesp.org.br\/?p=3037"},"modified":"2023-08-23T13:00:00","modified_gmt":"2023-08-23T16:00:00","slug":"sao-paulo-vai-sediar-a-13a-edicao-do-concrete-show-a-feira-do-cimento-e-do-concreto-para-a-construcao","status":"publish","type":"post","link":"https:\/\/sinicesp.org.br\/index.php\/2022\/07\/18\/sao-paulo-vai-sediar-a-13a-edicao-do-concrete-show-a-feira-do-cimento-e-do-concreto-para-a-construcao\/","title":{"rendered":"S\u00e3o Paulo vai sediar a 13\u00aa edi\u00e7\u00e3o do Concrete Show, a feira do cimento e do concreto para a constru\u00e7\u00e3o"},"content":{"rendered":"\n<section class=\"wp-block-uagb-section uagb-section__wrap uagb-section__background-undefined alignfull uagb-block-cdfa39c9\"><div class=\"uagb-section__overlay\"><\/div><div class=\"uagb-section__inner-wrap\"><\/div><\/section>\n\n\n\n<section class=\"wp-block-uagb-section uagb-section__wrap uagb-section__background-color uagb-block-972d9c4f\"><div class=\"uagb-section__overlay\"><\/div><div class=\"uagb-section__inner-wrap\">\n<div style=\"height:11px\" aria-hidden=\"true\" class=\"wp-block-spacer\"><\/div>\n\n\n\n<div class=\"wp-block-uagb-advanced-heading uagb-block-54911aaf\"><h3 class=\"uagb-heading-text\"><br><strong>\u00daltimas Not\u00edcias n\u00ba 25\/2022 &#8211; 18\/07\/2022 <\/strong><\/h3><div class=\"uagb-separator\"><\/div><\/div>\n\n\n\n<p><\/p>\n<\/div><\/section>\n\n\n\n<section class=\"wp-block-uagb-section uagb-section__wrap uagb-section__background-color uagb-block-c06248fc\"><div class=\"uagb-section__overlay\"><\/div><div class=\"uagb-section__inner-wrap\">\n<h2 class=\"wp-block-heading has-text-align-left has-text-color\" id=\"agencia-infra-publica-informacao-sobre-estudo-realizado-pela-brasinfra-sobre-a-nova-lei-de-licitacoes-e-contratos\" style=\"color:#0767b1\"><strong><strong><strong><strong>S\u00e3o Paulo vai sediar a 13\u00aa edi\u00e7\u00e3o do Concrete Show, a feira do cimento e do concreto para a constru\u00e7\u00e3o<\/strong><\/strong><\/strong><\/strong><\/h2>\n\n\n\n<p>No pr\u00f3ximo m\u00eas, de 9 a 11 de agosto, acontece a 13\u00aa edi\u00e7\u00e3o do Concrete Show, evento da cadeia construtiva, no S\u00e3o Paulo Expo, na capital paulista. Para marcar a volta do evento ao modelo presencial, o Concrete Show realizar\u00e1 o \u2018Construindo o Conhecimento\u2019, uma s\u00e9rie de palestras, congressos e semin\u00e1rios exclusivos direcionados para profissionais do setor. <br><br>O conte\u00fado do \u2018Construindo o Conhecimento\u2019 conta com a parceria das principais entidades ligadas \u00e0 constru\u00e7\u00e3o civil e da cadeia do concreto. A grade de conte\u00fado foi pensada para atender diferentes interesses do p\u00fablico do Concrete Show e proporcionar uma troca de experi\u00eancias e de conhecimentos t\u00e9cnicos, com a participa\u00e7\u00e3o de grandes nomes do setor que atuam no Brasil e na Am\u00e9rica Latina. <br><br>Entre os destaques est\u00e1 o \u201cCongresso Internacional de Pavimentos Urbanos de Concreto\u201d, no dia 9 de agosto, das 10 \u00e0s 18 horas, que \u00e9 apoiado por entidades que fazem parte do movimento Pavimento Urbano de Concreto (PUC). O dia 10 de agosto ser\u00e1 dedicado a dois semin\u00e1rios, que acontecer\u00e3o simultaneamente, das 10 \u00e0s 19 horas: o \u201c14\u00ba Semin\u00e1rio de Pisos e Revestimentos\u201d, apresentado pela Associa\u00e7\u00e3o Nacional de Pisos e Revestimentos de Alto Desempenho (ANAPRE), e o semin\u00e1rio \u201cParedes de Concreto para Edif\u00edcios Altos\u201d, que \u00e9 apoiado pelo N\u00facleo Paredes de Concreto. <br><br>No \u00faltimo dia, 11 de agosto, al\u00e9m do semin\u00e1rio da Abcic, ser\u00e1 realizado um semin\u00e1rio com apoio do Instituto Brasileiro do Concreto (IBRACON), das 14 \u00e0s 19 horas, que contar\u00e1 com quatro palestras focadas na preven\u00e7\u00e3o de danos e na manuten\u00e7\u00e3o de estruturas de concreto. Neste dia tamb\u00e9m ser\u00e3o realizadas palestras com apoios do SENAI,&nbsp; Instituto da Cadeia do Zinco (ICZ), Instituto Brasileiro de Impermeabiliza\u00e7\u00e3o (IBI) e da Associa\u00e7\u00e3o Brasileira de Protens\u00e3o (ABP). <br><br>Inscri\u00e7\u00f5es gratuitas para visitar a feira:  <br><a href=\"https:\/\/www.concreteshow.com.br\/pt\/visitar.html\" target=\"_blank\" rel=\"noreferrer noopener\">https:\/\/www.concreteshow.com.br\/pt\/visitar.html<\/a> <br><br>As inscri\u00e7\u00f5es para participar das palestras e congressos podem ser realizadas no link:<br><a href=\"https:\/\/www.concreteshow.com.br\/pt\/CONSTRUINDO-CONHECIMENTO.html\" target=\"_blank\" rel=\"noreferrer noopener\">https:\/\/www.concreteshow.com.br\/pt\/CONSTRUINDO-CONHECIMENTO.html<\/a><\/p>\n\n\n\n<div style=\"height:30px\" aria-hidden=\"true\" class=\"wp-block-spacer\"><\/div>\n\n\n\n<div id=\"section-ge11a9c\" class=\"wp-block-gutentor-e6 section-ge11a9c gutentor-element gutentor-element-image text-align-center-desktop\"><div class=\"gutentor-element-image-box\"><a class=\"gutentor-element-image-link\" href=\"https:\/\/www.concreteshow.com.br\/pt\/visitar.html \" target=\"_blank\" rel=\"noopener noreferrer\"><div class=\"gutentor-image-thumb\"><img decoding=\"async\" class=\"normal-image\" src=\"https:\/\/sinicesp.org.br\/wp-content\/uploads\/2022\/07\/ultimas-2022-25.jpg\" \/><\/div><\/a><\/div><\/div>\n\n\n\n<div style=\"height:70px\" aria-hidden=\"true\" class=\"wp-block-spacer\"><\/div>\n\n\n\n<div id=\"section-g37cfdf\" class=\"wp-block-gutentor-e6 section-g37cfdf gutentor-element gutentor-element-image text-align-center-desktop\"><div class=\"gutentor-element-image-box\"><a class=\"gutentor-element-image-link\" href=\"window.print()\"><div class=\"gutentor-image-thumb\"><img decoding=\"async\" class=\"normal-image\" src=\"https:\/\/sinicesp.org.br\/wp-content\/uploads\/2022\/01\/impressora.png\" \/><\/div><\/a><\/div><\/div>\n<\/div><\/section>\n","protected":false},"excerpt":{"rendered":"<p>No pr\u00f3ximo m\u00eas, de 9 a 11 de agosto, acontece a 13\u00aa edi\u00e7\u00e3o do Concrete Show, evento da cadeia construtiva, no S\u00e3o Paulo Expo, na capital paulista. <\/p>\n","protected":false},"author":1,"featured_media":3039,"comment_status":"closed","ping_status":"closed","sticky":false,"template":"","format":"standard","meta":{"om_disable_all_campaigns":false,"_uag_custom_page_level_css":"","_monsterinsights_skip_tracking":false,"_monsterinsights_sitenote_active":false,"_monsterinsights_sitenote_note":"","_monsterinsights_sitenote_category":0,"site-sidebar-layout":"default","site-content-layout":"plain-container","ast-site-content-layout":"normal-width-container","site-content-style":"unboxed","site-sidebar-style":"unboxed","ast-global-header-display":"","ast-banner-title-visibility":"","ast-main-header-display":"","ast-hfb-above-header-display":"","ast-hfb-below-header-display":"","ast-hfb-mobile-header-display":"","site-post-title":"disabled","ast-breadcrumbs-content":"","ast-featured-img":"disabled","footer-sml-layout":"","ast-disable-related-posts":"","theme-transparent-header-meta":"default","adv-header-id-meta":"","stick-header-meta":"","header-above-stick-meta":"","header-main-stick-meta":"","header-below-stick-meta":"","astra-migrate-meta-layouts":"set","ast-page-background-enabled":"default","ast-page-background-meta":{"desktop":{"background-color":"","background-image":"","background-repeat":"repeat","background-position":"center center","background-size":"auto","background-attachment":"scroll","background-type":"","background-media":"","overlay-type":"","overlay-color":"","overlay-opacity":"","overlay-gradient":""},"tablet":{"background-color":"","background-image":"","background-repeat":"repeat","background-position":"center center","background-size":"auto","background-attachment":"scroll","background-type":"","background-media":"","overlay-type":"","overlay-color":"","overlay-opacity":"","overlay-gradient":""},"mobile":{"background-color":"","background-image":"","background-repeat":"repeat","background-position":"center center","background-size":"auto","background-attachment":"scroll","background-type":"","background-media":"","overlay-type":"","overlay-color":"","overlay-opacity":"","overlay-gradient":""}},"ast-content-background-meta":{"desktop":{"background-color":"var(--ast-global-color-5)","background-image":"","background-repeat":"repeat","background-position":"center center","background-size":"auto","background-attachment":"scroll","background-type":"","background-media":"","overlay-type":"","overlay-color":"","overlay-opacity":"","overlay-gradient":""},"tablet":{"background-color":"var(--ast-global-color-5)","background-image":"","background-repeat":"repeat","background-position":"center center","background-size":"auto","background-attachment":"scroll","background-type":"","background-media":"","overlay-type":"","overlay-color":"","overlay-opacity":"","overlay-gradient":""},"mobile":{"background-color":"var(--ast-global-color-5)","background-image":"","background-repeat":"repeat","background-position":"center center","background-size":"auto","background-attachment":"scroll","background-type":"","background-media":"","overlay-type":"","overlay-color":"","overlay-opacity":"","overlay-gradient":""}},"footnotes":""},"categories":[6],"tags":[190],"class_list":["post-3037","post","type-post","status-publish","format-standard","has-post-thumbnail","hentry","category-ultimas-noticias","tag-ultimas-noticias-no-25-2022-18-07-2022"],"aioseo_notices":[],"gutentor_comment":0,"uagb_featured_image_src":{"full":["https:\/\/sinicesp.org.br\/wp-content\/uploads\/2022\/07\/ultimas-2022-25-pequena.jpg",250,167,false],"thumbnail":["https:\/\/sinicesp.org.br\/wp-content\/uploads\/2022\/07\/ultimas-2022-25-pequena-150x150.jpg",150,150,true],"medium":["https:\/\/sinicesp.org.br\/wp-content\/uploads\/2022\/07\/ultimas-2022-25-pequena.jpg",250,167,false],"medium_large":["https:\/\/sinicesp.org.br\/wp-content\/uploads\/2022\/07\/ultimas-2022-25-pequena.jpg",250,167,false],"large":["https:\/\/sinicesp.org.br\/wp-content\/uploads\/2022\/07\/ultimas-2022-25-pequena.jpg",250,167,false],"1536x1536":["https:\/\/sinicesp.org.br\/wp-content\/uploads\/2022\/07\/ultimas-2022-25-pequena.jpg",250,167,false],"2048x2048":["https:\/\/sinicesp.org.br\/wp-content\/uploads\/2022\/07\/ultimas-2022-25-pequena.jpg",250,167,false]},"uagb_author_info":{"display_name":"Rodrigo","author_link":"https:\/\/sinicesp.org.br\/index.php\/author\/sinicesp\/"},"uagb_comment_info":0,"uagb_excerpt":"No pr\u00f3ximo m\u00eas, de 9 a 11 de agosto, acontece a 13\u00aa edi\u00e7\u00e3o do Concrete Show, evento da cadeia construtiva, no S\u00e3o Paulo Expo, na capital paulista.","_links":{"self":[{"href":"https:\/\/sinicesp.org.br\/index.php\/wp-json\/wp\/v2\/posts\/3037","targetHints":{"allow":["GET"]}}],"collection":[{"href":"https:\/\/sinicesp.org.br\/index.php\/wp-json\/wp\/v2\/posts"}],"about":[{"href":"https:\/\/sinicesp.org.br\/index.php\/wp-json\/wp\/v2\/types\/post"}],"author":[{"embeddable":true,"href":"https:\/\/sinicesp.org.br\/index.php\/wp-json\/wp\/v2\/users\/1"}],"replies":[{"embeddable":true,"href":"https:\/\/sinicesp.org.br\/index.php\/wp-json\/wp\/v2\/comments?post=3037"}],"version-history":[{"count":0,"href":"https:\/\/sinicesp.org.br\/index.php\/wp-json\/wp\/v2\/posts\/3037\/revisions"}],"wp:featuredmedia":[{"embeddable":true,"href":"https:\/\/sinicesp.org.br\/index.php\/wp-json\/wp\/v2\/media\/3039"}],"wp:attachment":[{"href":"https:\/\/sinicesp.org.br\/index.php\/wp-json\/wp\/v2\/media?parent=3037"}],"wp:term":[{"taxonomy":"category","embeddable":true,"href":"https:\/\/sinicesp.org.br\/index.php\/wp-json\/wp\/v2\/categories?post=3037"},{"taxonomy":"post_tag","embeddable":true,"href":"https:\/\/sinicesp.org.br\/index.php\/wp-json\/wp\/v2\/tags?post=3037"}],"curies":[{"name":"wp","href":"https:\/\/api.w.org\/{rel}","templated":true}]}}