{"id":3205,"date":"2022-08-31T14:25:32","date_gmt":"2022-08-31T17:25:32","guid":{"rendered":"https:\/\/sinicesp.org.br\/?p=3205"},"modified":"2022-08-31T14:25:33","modified_gmt":"2022-08-31T17:25:33","slug":"supremo-invalida-sumula-do-tst-que-preve-pagamento-em-dobro-por-atraso-na-remuneracao-de-ferias","status":"publish","type":"post","link":"https:\/\/sinicesp.org.br\/index.php\/2022\/08\/31\/supremo-invalida-sumula-do-tst-que-preve-pagamento-em-dobro-por-atraso-na-remuneracao-de-ferias\/","title":{"rendered":"Supremo invalida s\u00famula do TST que prev\u00ea pagamento em dobro por atraso na remunera\u00e7\u00e3o de f\u00e9rias"},"content":{"rendered":"\n<p><\/p>\n\n\n\n<section class=\"wp-block-uagb-section uagb-section__wrap uagb-section__background-color uagb-block-23fb1cce\"><div class=\"uagb-section__overlay\"><\/div><div class=\"uagb-section__inner-wrap\">\n<div style=\"height:10px\" aria-hidden=\"true\" class=\"wp-block-spacer\"><\/div>\n\n\n\n<div class=\"wp-block-uagb-advanced-heading uagb-block-6ae78501\"><h3 class=\"uagb-heading-text\"><br><strong>Boletim Jur\u00eddico n\u00ba 08\/2022 &#8211; 31\/08\/2022 <\/strong><\/h3><div class=\"uagb-separator\"><\/div><\/div>\n\n\n\n<p><\/p>\n<\/div><\/section>\n\n\n\n<section class=\"wp-block-uagb-section uagb-section__wrap uagb-section__background-color uagb-block-59229eca\"><div class=\"uagb-section__overlay\"><\/div><div class=\"uagb-section__inner-wrap\">\n<h2 class=\"has-text-color wp-block-heading\" id=\"stf-custas-poderao-ser-recolhidas-por-pix-ou-cartao-a-partir-de-abril\" style=\"color:#0767b1\"><strong>Supremo invalida s\u00famula do TST que prev\u00ea pagamento em dobro por atraso na remunera\u00e7\u00e3o de f\u00e9rias<\/strong><\/h2>\n\n\n\n<p><\/p>\n\n\n\n<p>O Supremo Tribunal Federal (STF), por maioria de votos, declarou inconstitucional a S\u00famula 450 do Tribunal Superior do Trabalho (TST), que estabelece que o empregado receber\u00e1 a remunera\u00e7\u00e3o das f\u00e9rias em dobro, inclu\u00eddo o ter\u00e7o constitucional, se o empregador atrasar o pagamento da parcela. A decis\u00e3o se deu no julgamento da Argui\u00e7\u00e3o de Descumprimento de Preceito Fundamental (ADPF) 501, na sess\u00e3o virtual encerrada em 5\/8. <br><br>A s\u00famula do TST estabelece que o pagamento em dobro, san\u00e7\u00e3o legalmente prevista para a concess\u00e3o das f\u00e9rias com atraso (artigo 137 da Consolida\u00e7\u00e3o das Leis do Trabalho &#8211; CLT), seja tamb\u00e9m aplicado no caso de pagamento fora do prazo legal, que \u00e9 de dois dias antes do in\u00edcio do per\u00edodo (artigo 145 da CLT), ainda que a concess\u00e3o tenha ocorrido no momento apropriado. <br><br>A maioria do Plen\u00e1rio acompanhou o entendimento do ministro Alexandre de Moraes (relator) de que o verbete ofende os preceitos fundamentais da legalidade e da separa\u00e7\u00e3o dos Poderes. O Plen\u00e1rio tamb\u00e9m invalidou decis\u00f5es judiciais n\u00e3o definitivas (sem tr\u00e2nsito em julgado) que, amparadas na s\u00famula, tenham aplicado, por analogia, a san\u00e7\u00e3o de pagamento em dobro com base no artigo 137 da CLT. <br><br><strong>Legisla\u00e7\u00e3o vigente<\/strong> <br><br>Em seu voto pela proced\u00eancia do pedido, formulado pelo governo do Estado de Santa Catarina, o relator afirmou que a jurisprud\u00eancia que subsidiou o enunciado acabou por penalizar, por analogia, o empregador pela inadimpl\u00eancia de uma obriga\u00e7\u00e3o (pagar as f\u00e9rias) com a san\u00e7\u00e3o prevista para o descumprimento de outra obriga\u00e7\u00e3o (conceder as f\u00e9rias). <br><br>A seu ver, o prop\u00f3sito de proteger o trabalhador n\u00e3o pode se sobrepor a ponto de originar san\u00e7\u00f5es n\u00e3o previstas na legisla\u00e7\u00e3o vigente, em raz\u00e3o da impossibilidade de o Judici\u00e1rio atuar como legislador. \u201cEm respeito \u00e0 Constitui\u00e7\u00e3o Federal, os Tribunais n\u00e3o podem, mesmo a pretexto de concretizar o direito \u00e0s f\u00e9rias do trabalhador, transmudar os preceitos sancionadores da CLT, dilatando a penalidade prevista em determinada hip\u00f3tese de cabimento para situa\u00e7\u00e3o que lhe \u00e9 estranha\u201d, disse. <br><br><strong>Penalidade cab\u00edvel<\/strong> <br><br>Em rela\u00e7\u00e3o ao uso de constru\u00e7\u00e3o anal\u00f3gica, ele explicou que a t\u00e9cnica pressup\u00f5e a exist\u00eancia de uma lacuna a ser preenchida. No caso, no entanto, a pr\u00f3pria CLT, no artigo 153, previu a penalidade cab\u00edvel para o descumprimento da obriga\u00e7\u00e3o de pagar as f\u00e9rias com anteced\u00eancia de dois dias. <br><br>O ministro ressaltou, tamb\u00e9m, que n\u00e3o \u00e9 poss\u00edvel transportar a san\u00e7\u00e3o fixada para determinado caso de inadimplemento para uma situa\u00e7\u00e3o distinta, em raz\u00e3o da necessidade de conferir interpreta\u00e7\u00e3o restritiva a normas sancionadoras. Lembrou, ainda, que o pr\u00f3prio TST, em julgados mais recentes, tem adotado postura mais restritiva em rela\u00e7\u00e3o \u00e0 mat\u00e9ria, para atenuar o alcance da s\u00famula em casos de atraso \u00ednfimo no pagamento das f\u00e9rias.<br><br>O voto do relator foi acompanhado pelos ministros Dias Toffoli, Andr\u00e9 Mendon\u00e7a, Lu\u00eds Roberto Barroso, Gilmar Mendes, Luiz Fux (presidente) e Nunes Marques. <br><br><strong>Efetiva prote\u00e7\u00e3o<\/strong> <br><br>Primeiro a divergir, o ministro Edson Fachin votou pela improced\u00eancia do pedido. Para ele, o enunciado deriva da interpreta\u00e7\u00e3o de que a efetiva e concreta prote\u00e7\u00e3o do direito constitucional de f\u00e9rias depende da sua remunera\u00e7\u00e3o a tempo, e seu inadimplemento deve implicar a mesma consequ\u00eancia jur\u00eddica do descumprimento da obriga\u00e7\u00e3o de concess\u00e3o do descanso no per\u00edodo oportuno. A seu ver, o TST formulou seu entendimento \u00e0 luz da CLT, adotando interpreta\u00e7\u00e3o poss\u00edvel dentre mais de uma hip\u00f3tese de compreens\u00e3o sobre a mat\u00e9ria. Seguiram essa posi\u00e7\u00e3o, vencida, as ministras C\u00e1rmen L\u00facia e Rosa Weber e o ministro Ricardo Lewandowski.<br><br><strong>Fonte: <\/strong>STF<\/p>\n\n\n\n<div style=\"height:70px\" aria-hidden=\"true\" class=\"wp-block-spacer\"><\/div>\n\n\n\n<div id=\"section-g49a404\" class=\"wp-block-gutentor-e6 section-g49a404 gutentor-element gutentor-element-image text-align-center-desktop\"><div class=\"gutentor-element-image-box\"><a class=\"gutentor-element-image-link\" href=\"window.print()\"><div class=\"gutentor-image-thumb\"><img decoding=\"async\" class=\"normal-image\" src=\"https:\/\/sinicesp.org.br\/wp-content\/uploads\/2022\/01\/impressora.png\" \/><\/div><\/a><\/div><\/div>\n<\/div><\/section>\n","protected":false},"excerpt":{"rendered":"<p>A puni\u00e7\u00e3o se aplicava na hip\u00f3tese de pagamento de f\u00e9rias sem respeitar o prazo de dois dias que antecede o seu in\u00edcio.<\/p>\n","protected":false},"author":1,"featured_media":3206,"comment_status":"closed","ping_status":"closed","sticky":false,"template":"","format":"standard","meta":{"om_disable_all_campaigns":false,"_uag_custom_page_level_css":"","_monsterinsights_skip_tracking":false,"_monsterinsights_sitenote_active":false,"_monsterinsights_sitenote_note":"","_monsterinsights_sitenote_category":0,"site-sidebar-layout":"default","site-content-layout":"default","ast-site-content-layout":"default","site-content-style":"default","site-sidebar-style":"default","ast-global-header-display":"","ast-banner-title-visibility":"","ast-main-header-display":"","ast-hfb-above-header-display":"","ast-hfb-below-header-display":"","ast-hfb-mobile-header-display":"","site-post-title":"disabled","ast-breadcrumbs-content":"disabled","ast-featured-img":"","footer-sml-layout":"","ast-disable-related-posts":"","theme-transparent-header-meta":"default","adv-header-id-meta":"","stick-header-meta":"","header-above-stick-meta":"","header-main-stick-meta":"","header-below-stick-meta":"","astra-migrate-meta-layouts":"default","ast-page-background-enabled":"default","ast-page-background-meta":{"desktop":{"background-color":"","background-image":"","background-repeat":"repeat","background-position":"center center","background-size":"auto","background-attachment":"scroll","background-type":"","background-media":"","overlay-type":"","overlay-color":"","overlay-opacity":"","overlay-gradient":""},"tablet":{"background-color":"","background-image":"","background-repeat":"repeat","background-position":"center center","background-size":"auto","background-attachment":"scroll","background-type":"","background-media":"","overlay-type":"","overlay-color":"","overlay-opacity":"","overlay-gradient":""},"mobile":{"background-color":"","background-image":"","background-repeat":"repeat","background-position":"center center","background-size":"auto","background-attachment":"scroll","background-type":"","background-media":"","overlay-type":"","overlay-color":"","overlay-opacity":"","overlay-gradient":""}},"ast-content-background-meta":{"desktop":{"background-color":"var(--ast-global-color-5)","background-image":"","background-repeat":"repeat","background-position":"center center","background-size":"auto","background-attachment":"scroll","background-type":"","background-media":"","overlay-type":"","overlay-color":"","overlay-opacity":"","overlay-gradient":""},"tablet":{"background-color":"var(--ast-global-color-5)","background-image":"","background-repeat":"repeat","background-position":"center center","background-size":"auto","background-attachment":"scroll","background-type":"","background-media":"","overlay-type":"","overlay-color":"","overlay-opacity":"","overlay-gradient":""},"mobile":{"background-color":"var(--ast-global-color-5)","background-image":"","background-repeat":"repeat","background-position":"center center","background-size":"auto","background-attachment":"scroll","background-type":"","background-media":"","overlay-type":"","overlay-color":"","overlay-opacity":"","overlay-gradient":""}},"footnotes":""},"categories":[4],"tags":[203],"class_list":["post-3205","post","type-post","status-publish","format-standard","has-post-thumbnail","hentry","category-boletim-juridico","tag-boletim-juridico-no-08-2022-31-08-2022"],"aioseo_notices":[],"gutentor_comment":0,"uagb_featured_image_src":{"full":["https:\/\/sinicesp.org.br\/wp-content\/uploads\/2022\/08\/boletim-juridico-2022-08a-pequena.jpg",250,167,false],"thumbnail":["https:\/\/sinicesp.org.br\/wp-content\/uploads\/2022\/08\/boletim-juridico-2022-08a-pequena-150x150.jpg",150,150,true],"medium":["https:\/\/sinicesp.org.br\/wp-content\/uploads\/2022\/08\/boletim-juridico-2022-08a-pequena.jpg",250,167,false],"medium_large":["https:\/\/sinicesp.org.br\/wp-content\/uploads\/2022\/08\/boletim-juridico-2022-08a-pequena.jpg",250,167,false],"large":["https:\/\/sinicesp.org.br\/wp-content\/uploads\/2022\/08\/boletim-juridico-2022-08a-pequena.jpg",250,167,false],"1536x1536":["https:\/\/sinicesp.org.br\/wp-content\/uploads\/2022\/08\/boletim-juridico-2022-08a-pequena.jpg",250,167,false],"2048x2048":["https:\/\/sinicesp.org.br\/wp-content\/uploads\/2022\/08\/boletim-juridico-2022-08a-pequena.jpg",250,167,false]},"uagb_author_info":{"display_name":"Rodrigo","author_link":"https:\/\/sinicesp.org.br\/index.php\/author\/sinicesp\/"},"uagb_comment_info":0,"uagb_excerpt":"A puni\u00e7\u00e3o se aplicava na hip\u00f3tese de pagamento de f\u00e9rias sem respeitar o prazo de dois dias que antecede o seu in\u00edcio.","_links":{"self":[{"href":"https:\/\/sinicesp.org.br\/index.php\/wp-json\/wp\/v2\/posts\/3205","targetHints":{"allow":["GET"]}}],"collection":[{"href":"https:\/\/sinicesp.org.br\/index.php\/wp-json\/wp\/v2\/posts"}],"about":[{"href":"https:\/\/sinicesp.org.br\/index.php\/wp-json\/wp\/v2\/types\/post"}],"author":[{"embeddable":true,"href":"https:\/\/sinicesp.org.br\/index.php\/wp-json\/wp\/v2\/users\/1"}],"replies":[{"embeddable":true,"href":"https:\/\/sinicesp.org.br\/index.php\/wp-json\/wp\/v2\/comments?post=3205"}],"version-history":[{"count":0,"href":"https:\/\/sinicesp.org.br\/index.php\/wp-json\/wp\/v2\/posts\/3205\/revisions"}],"wp:featuredmedia":[{"embeddable":true,"href":"https:\/\/sinicesp.org.br\/index.php\/wp-json\/wp\/v2\/media\/3206"}],"wp:attachment":[{"href":"https:\/\/sinicesp.org.br\/index.php\/wp-json\/wp\/v2\/media?parent=3205"}],"wp:term":[{"taxonomy":"category","embeddable":true,"href":"https:\/\/sinicesp.org.br\/index.php\/wp-json\/wp\/v2\/categories?post=3205"},{"taxonomy":"post_tag","embeddable":true,"href":"https:\/\/sinicesp.org.br\/index.php\/wp-json\/wp\/v2\/tags?post=3205"}],"curies":[{"name":"wp","href":"https:\/\/api.w.org\/{rel}","templated":true}]}}