{"id":3348,"date":"2022-10-07T09:07:02","date_gmt":"2022-10-07T12:07:02","guid":{"rendered":"https:\/\/sinicesp.org.br\/?p=3348"},"modified":"2022-10-07T09:07:04","modified_gmt":"2022-10-07T12:07:04","slug":"tst-conclui-inclusao-de-libras-em-todas-as-sessoes-de-julgamento","status":"publish","type":"post","link":"https:\/\/sinicesp.org.br\/index.php\/2022\/10\/07\/tst-conclui-inclusao-de-libras-em-todas-as-sessoes-de-julgamento\/","title":{"rendered":"TST conclui inclus\u00e3o de Libras em todas as sess\u00f5es de julgamento"},"content":{"rendered":"\n<section class=\"wp-block-uagb-section uagb-section__wrap uagb-section__background-color uagb-block-cb8682e6\"><div class=\"uagb-section__overlay\"><\/div><div class=\"uagb-section__inner-wrap\">\n<div style=\"height:10px\" aria-hidden=\"true\" class=\"wp-block-spacer\"><\/div>\n\n\n\n<div class=\"wp-block-uagb-advanced-heading uagb-block-7f3408b7\"><h3 class=\"uagb-heading-text\"><br><strong>Inclus\u00e3o profissional n\u00ba 10\/2022 &#8211; 07\/10\/2022 <\/strong><\/h3><div class=\"uagb-separator\"><\/div><\/div>\n\n\n\n<p><\/p>\n<\/div><\/section>\n\n\n\n<section class=\"wp-block-uagb-section uagb-section__wrap uagb-section__background-color uagb-block-914aa3e8\"><div class=\"uagb-section__overlay\"><\/div><div class=\"uagb-section__inner-wrap\">\n<h2 class=\"has-text-color wp-block-heading\" style=\"color:#0767b1\"><strong>TST conclui inclus\u00e3o de Libras em todas as sess\u00f5es de julgamento<\/strong><\/h2>\n\n\n\n<p>O Tribunal Superior do Trabalho (TST) concluiu, nesta quarta-feira (5), o programa de inclus\u00e3o e acessibilidade em todas as sess\u00f5es de julgamento. As oito Turmas da Corte passaram a ter interpreta\u00e7\u00e3o simult\u00e2nea em L\u00edngua Brasileira de Sinais (Libras) em suas transmiss\u00f5es pelo\u00a0<a href=\"http:\/\/youtube.com\/tst\" target=\"_blank\" rel=\"noreferrer noopener\">canal oficial do TST no YouTube<\/a>. <br><br>\u201cA inclus\u00e3o \u00e9 uma das bandeiras da gest\u00e3o. Queremos que toda a sociedade tenha acesso \u00e0s decis\u00f5es proferidas pelo Tribunal da Justi\u00e7a Social\u201d, afirma o presidente do TST, ministro Emmanoel Pereira. <br><br>O projeto teve in\u00edcio em maio, nas sess\u00f5es do \u00d3rg\u00e3o Especial, da Se\u00e7\u00e3o Especializada em Diss\u00eddios Coletivos, do Tribunal Pleno, do Conselho Superior da Justi\u00e7a do Trabalho e da Subse\u00e7\u00e3o II Especializada em Diss\u00eddios Individuais 2. Em junho, o recurso passou a estar presente tamb\u00e9m na Subse\u00e7\u00e3o I Especializada em Diss\u00eddios Individuais. A extens\u00e3o da medida \u00e0s Turmas \u00e9 a \u00faltima etapa. <br><br>A iniciativa atende ao Ato Conjunto TST.GP. CPAI 119, assinado em mar\u00e7o, e \u00e0 Resolu\u00e7\u00e3o 401\/2021 do Conselho Nacional de Justi\u00e7a (CNJ), que disp\u00f5e sobre o desenvolvimento de diretrizes de acessibilidade e inclus\u00e3o de pessoas com defici\u00eancia nos \u00f3rg\u00e3os do Poder Judici\u00e1rio. <br><br><strong>Acessibilidade <\/strong><br><br>O TST oferece, ainda, interpreta\u00e7\u00e3o em Libras em todas as reportagens e programas de televis\u00e3o produzidos pela Secretaria de Comunica\u00e7\u00e3o Social e publicados no canal do TST no YouTube. <br><br>A plataforma oferece tamb\u00e9m o recurso de legendas, que pode ser ativado pelo pr\u00f3prio usu\u00e1rio no player do v\u00eddeo. As legendas geradas automaticamente pelo YouTube s\u00e3o corrigidas e adaptadas no TST. <br><br><strong>Fonte:<\/strong> TST<\/p>\n\n\n\n<div style=\"height:70px\" aria-hidden=\"true\" class=\"wp-block-spacer\"><\/div>\n\n\n\n<div id=\"section-ge12a94\" class=\"wp-block-gutentor-e6 section-ge12a94 gutentor-element gutentor-element-image text-align-center-desktop\"><div class=\"gutentor-element-image-box\"><a class=\"gutentor-element-image-link\" href=\"window.print()\"><div class=\"gutentor-image-thumb\"><img decoding=\"async\" class=\"normal-image\" src=\"https:\/\/sinicesp.org.br\/wp-content\/uploads\/2022\/01\/impressora.png\" \/><\/div><\/a><\/div><\/div>\n<\/div><\/section>\n","protected":false},"excerpt":{"rendered":"<p>A partir do dia 5 de outubro, as oito Turmas do Tribunal passaram a contar com recurso.<\/p>\n","protected":false},"author":1,"featured_media":3349,"comment_status":"closed","ping_status":"closed","sticky":false,"template":"","format":"standard","meta":{"om_disable_all_campaigns":false,"_uag_custom_page_level_css":"","_monsterinsights_skip_tracking":false,"_monsterinsights_sitenote_active":false,"_monsterinsights_sitenote_note":"","_monsterinsights_sitenote_category":0,"site-sidebar-layout":"default","site-content-layout":"default","ast-site-content-layout":"default","site-content-style":"default","site-sidebar-style":"default","ast-global-header-display":"","ast-banner-title-visibility":"","ast-main-header-display":"","ast-hfb-above-header-display":"","ast-hfb-below-header-display":"","ast-hfb-mobile-header-display":"","site-post-title":"disabled","ast-breadcrumbs-content":"disabled","ast-featured-img":"disabled","footer-sml-layout":"","ast-disable-related-posts":"","theme-transparent-header-meta":"default","adv-header-id-meta":"","stick-header-meta":"","header-above-stick-meta":"","header-main-stick-meta":"","header-below-stick-meta":"","astra-migrate-meta-layouts":"default","ast-page-background-enabled":"default","ast-page-background-meta":{"desktop":{"background-color":"","background-image":"","background-repeat":"repeat","background-position":"center center","background-size":"auto","background-attachment":"scroll","background-type":"","background-media":"","overlay-type":"","overlay-color":"","overlay-opacity":"","overlay-gradient":""},"tablet":{"background-color":"","background-image":"","background-repeat":"repeat","background-position":"center center","background-size":"auto","background-attachment":"scroll","background-type":"","background-media":"","overlay-type":"","overlay-color":"","overlay-opacity":"","overlay-gradient":""},"mobile":{"background-color":"","background-image":"","background-repeat":"repeat","background-position":"center center","background-size":"auto","background-attachment":"scroll","background-type":"","background-media":"","overlay-type":"","overlay-color":"","overlay-opacity":"","overlay-gradient":""}},"ast-content-background-meta":{"desktop":{"background-color":"var(--ast-global-color-5)","background-image":"","background-repeat":"repeat","background-position":"center center","background-size":"auto","background-attachment":"scroll","background-type":"","background-media":"","overlay-type":"","overlay-color":"","overlay-opacity":"","overlay-gradient":""},"tablet":{"background-color":"var(--ast-global-color-5)","background-image":"","background-repeat":"repeat","background-position":"center center","background-size":"auto","background-attachment":"scroll","background-type":"","background-media":"","overlay-type":"","overlay-color":"","overlay-opacity":"","overlay-gradient":""},"mobile":{"background-color":"var(--ast-global-color-5)","background-image":"","background-repeat":"repeat","background-position":"center center","background-size":"auto","background-attachment":"scroll","background-type":"","background-media":"","overlay-type":"","overlay-color":"","overlay-opacity":"","overlay-gradient":""}},"footnotes":""},"categories":[12],"tags":[15],"class_list":["post-3348","post","type-post","status-publish","format-standard","has-post-thumbnail","hentry","category-inclusao-profissional","tag-noticia"],"aioseo_notices":[],"gutentor_comment":0,"uagb_featured_image_src":{"full":["https:\/\/sinicesp.org.br\/wp-content\/uploads\/2022\/10\/inclusao-2022-10-pequena.jpg",250,167,false],"thumbnail":["https:\/\/sinicesp.org.br\/wp-content\/uploads\/2022\/10\/inclusao-2022-10-pequena-150x150.jpg",150,150,true],"medium":["https:\/\/sinicesp.org.br\/wp-content\/uploads\/2022\/10\/inclusao-2022-10-pequena.jpg",250,167,false],"medium_large":["https:\/\/sinicesp.org.br\/wp-content\/uploads\/2022\/10\/inclusao-2022-10-pequena.jpg",250,167,false],"large":["https:\/\/sinicesp.org.br\/wp-content\/uploads\/2022\/10\/inclusao-2022-10-pequena.jpg",250,167,false],"1536x1536":["https:\/\/sinicesp.org.br\/wp-content\/uploads\/2022\/10\/inclusao-2022-10-pequena.jpg",250,167,false],"2048x2048":["https:\/\/sinicesp.org.br\/wp-content\/uploads\/2022\/10\/inclusao-2022-10-pequena.jpg",250,167,false]},"uagb_author_info":{"display_name":"Rodrigo","author_link":"https:\/\/sinicesp.org.br\/index.php\/author\/sinicesp\/"},"uagb_comment_info":0,"uagb_excerpt":"A partir do dia 5 de outubro, as oito Turmas do Tribunal passaram a contar com recurso.","_links":{"self":[{"href":"https:\/\/sinicesp.org.br\/index.php\/wp-json\/wp\/v2\/posts\/3348","targetHints":{"allow":["GET"]}}],"collection":[{"href":"https:\/\/sinicesp.org.br\/index.php\/wp-json\/wp\/v2\/posts"}],"about":[{"href":"https:\/\/sinicesp.org.br\/index.php\/wp-json\/wp\/v2\/types\/post"}],"author":[{"embeddable":true,"href":"https:\/\/sinicesp.org.br\/index.php\/wp-json\/wp\/v2\/users\/1"}],"replies":[{"embeddable":true,"href":"https:\/\/sinicesp.org.br\/index.php\/wp-json\/wp\/v2\/comments?post=3348"}],"version-history":[{"count":0,"href":"https:\/\/sinicesp.org.br\/index.php\/wp-json\/wp\/v2\/posts\/3348\/revisions"}],"wp:featuredmedia":[{"embeddable":true,"href":"https:\/\/sinicesp.org.br\/index.php\/wp-json\/wp\/v2\/media\/3349"}],"wp:attachment":[{"href":"https:\/\/sinicesp.org.br\/index.php\/wp-json\/wp\/v2\/media?parent=3348"}],"wp:term":[{"taxonomy":"category","embeddable":true,"href":"https:\/\/sinicesp.org.br\/index.php\/wp-json\/wp\/v2\/categories?post=3348"},{"taxonomy":"post_tag","embeddable":true,"href":"https:\/\/sinicesp.org.br\/index.php\/wp-json\/wp\/v2\/tags?post=3348"}],"curies":[{"name":"wp","href":"https:\/\/api.w.org\/{rel}","templated":true}]}}