{"id":3488,"date":"2022-11-30T07:29:09","date_gmt":"2022-11-30T10:29:09","guid":{"rendered":"https:\/\/sinicesp.org.br\/?p=3488"},"modified":"2022-12-06T10:02:32","modified_gmt":"2022-12-06T13:02:32","slug":"tst-confirma-nulidade-de-clausula-coletiva-que-reduzia-cota-para-pessoas-com-deficiencia","status":"publish","type":"post","link":"https:\/\/sinicesp.org.br\/index.php\/2022\/11\/30\/tst-confirma-nulidade-de-clausula-coletiva-que-reduzia-cota-para-pessoas-com-deficiencia\/","title":{"rendered":"TST confirma nulidade de cl\u00e1usula coletiva que reduzia cota para pessoas com defici\u00eancia"},"content":{"rendered":"\n<p><\/p>\n\n\n\n<section class=\"wp-block-uagb-section uagb-section__wrap uagb-section__background-color uagb-block-450b4edf\"><div class=\"uagb-section__overlay\"><\/div><div class=\"uagb-section__inner-wrap\">\n<div style=\"height:10px\" aria-hidden=\"true\" class=\"wp-block-spacer\"><\/div>\n\n\n\n<div class=\"wp-block-uagb-advanced-heading uagb-block-b2e54858\"><h3 class=\"uagb-heading-text\"><br><strong>Boletim Jur\u00eddico n\u00ba 11\/2022 &#8211; 30\/11\/2022 <\/strong><\/h3><div class=\"uagb-separator\"><\/div><\/div>\n\n\n\n<p><\/p>\n<\/div><\/section>\n\n\n\n<section class=\"wp-block-uagb-section uagb-section__wrap uagb-section__background-color uagb-block-db283214\"><div class=\"uagb-section__overlay\"><\/div><div class=\"uagb-section__inner-wrap\">\n<h2 class=\"has-text-color wp-block-heading\" id=\"stf-custas-poderao-ser-recolhidas-por-pix-ou-cartao-a-partir-de-abril\" style=\"color:#0767b1\"><strong><strong><strong><strong>TST confirma nulidade de cl\u00e1usula coletiva que reduzia cota para pessoas com defici\u00eancia<\/strong><\/strong><\/strong><\/strong><\/h2>\n\n\n\n<p><\/p>\n\n\n\n<p>A Se\u00e7\u00e3o Especializada em Diss\u00eddios Coletivos (SDC) do Tribunal Superior do Trabalho manteve a nulidade de cl\u00e1usula de conven\u00e7\u00e3o coletiva de trabalho que reduzia a base de c\u00e1lculo das vagas de emprego para pessoas com defici\u00eancia nas empresas do ramo de asseio e conserva\u00e7\u00e3o do Estado do Cear\u00e1. De acordo com o colegiado, as cotas, previstas na legisla\u00e7\u00e3o em vigor, n\u00e3o podem ser objeto de negocia\u00e7\u00e3o pelos sindicatos. <br><br><strong>Base de c\u00e1lculo<\/strong> <br><br>A a\u00e7\u00e3o foi movida pelo Minist\u00e9rio P\u00fablico do Trabalho (MPT) para anular a cl\u00e1usula 17\u00aa da Conven\u00e7\u00e3o Coletiva de Trabalho 2020\/2021, firmada entre o Sindicato dos Trabalhadores em Telemarketing e Empregados de Empresas de Telemarketing do Estado do Cear\u00e1 (Sintratel)&nbsp; e o Sindicato das Empresas de Asseio e Conserva\u00e7\u00e3o do Estado do Cear\u00e1 (Seacec). A norma estabelecia que as vagas para pessoas com defici\u00eancia seriam calculadas apenas sobre o total dos cargos da \u00e1rea administrativa, e n\u00e3o sobre a totalidade dos empregados, como prev\u00ea a Lei 8.213\/1991. <br><br>Segundo o artigo 93 dessa lei, as empresas com 100 ou mais empregados t\u00eam de preencher seus cargos com benefici\u00e1rios reabilitados pelo INSS ou pessoas com defici\u00eancia em percentuais que variam de 2% a 5%, conforme o n\u00famero total de contratados.&nbsp; <br><br><strong>Particularidades<\/strong> <br><br>J\u00e1 o Seacec defendeu que a cl\u00e1usula deveria prevalecer sobre a lei, tendo em vista que o novo regramento trabalhista (artigo 611-A da CLT) e a Constitui\u00e7\u00e3o Federal (artigo 7\u00ba, inciso XXVI)&nbsp;garantem o reconhecimento das conven\u00e7\u00f5es e acordos coletivos. Segundo o sindicato patronal, existem particularidades que diferenciam os trabalhadores das empresas de asseio e conserva\u00e7\u00e3o dos demais profissionais e impossibilitam a observ\u00e2ncia da base de c\u00e1lculo legal. Tamb\u00e9m sustentou que a presta\u00e7\u00e3o de servi\u00e7os para diversos tomadores impede a fiscaliza\u00e7\u00e3o das condi\u00e7\u00f5es de trabalho pelas prestadoras.&nbsp;&nbsp; <br><br><strong>Redu\u00e7\u00e3o de oportunidades<\/strong> <br><br>Ao anular a cl\u00e1usula, o Tribunal Regional do Trabalho da 7\u00aa Regi\u00e3o (CE) ressaltou que a altera\u00e7\u00e3o na base de c\u00e1lculo da cota desrespeitou a legisla\u00e7\u00e3o, feriu direitos, discriminou pessoas com defici\u00eancia e reduziu suas oportunidades de trabalho.&nbsp; <br><br><strong>Ilegitimidade dos sindicatos<\/strong> <br><br>O ministro Agra Belmonte, relator do recurso do Seacec,&nbsp; explicou que a SDC considera inv\u00e1lida cl\u00e1usula normativa que disponha sobre interesses difusos, ou seja, direitos de terceiros que seriam potencialmente atingidos pela regra pactuada. Isso significa que esses direitos n\u00e3o podem ser objeto de negocia\u00e7\u00e3o coletiva, uma vez que os sindicatos n\u00e3o t\u00eam legitimidade para dispor sobre eles.&nbsp; <br><br>Ainda de acordo com o relator, a autonomia da vontade coletiva encontra limites nas leis que tratam de direitos indispon\u00edveis, como no caso.&nbsp; <br><br>A decis\u00e3o foi un\u00e2nime.&nbsp;<br><br>Processo:&nbsp;<a href=\"https:\/\/consultaprocessual.tst.jus.br\/consultaProcessual\/consultaTstNumUnica.do?consulta=Consultar&amp;conscsjt=&amp;numeroTst=80461&amp;digitoTst=41&amp;anoTst=2020&amp;orgaoTst=5&amp;tribunalTst=07&amp;varaTst=0000&amp;submit=Consultar\" target=\"_blank\" rel=\"noreferrer noopener\">ROT-80461-41.2020.5.07.0000<\/a> <br><br><strong>Fonte<\/strong>: TST<\/p>\n\n\n\n<div style=\"height:70px\" aria-hidden=\"true\" class=\"wp-block-spacer\"><\/div>\n\n\n\n<div id=\"section-g4569f1\" class=\"wp-block-gutentor-e6 section-g4569f1 gutentor-element gutentor-element-image text-align-center-desktop\"><div class=\"gutentor-element-image-box\"><a class=\"gutentor-element-image-link\" href=\"window.print()\"><div class=\"gutentor-image-thumb\"><img decoding=\"async\" class=\"normal-image\" src=\"https:\/\/sinicesp.org.br\/wp-content\/uploads\/2022\/01\/impressora.png\" \/><\/div><\/a><\/div><\/div>\n<\/div><\/section>\n","protected":false},"excerpt":{"rendered":"<p>Segundo o colegiado, as cl\u00e1usulas regulam direito n\u00e3o relacionado \u00e0s condi\u00e7\u00f5es de trabalho da categoria profissional.<\/p>\n","protected":false},"author":1,"featured_media":3490,"comment_status":"closed","ping_status":"closed","sticky":false,"template":"","format":"standard","meta":{"om_disable_all_campaigns":false,"_uag_custom_page_level_css":"","_monsterinsights_skip_tracking":false,"_monsterinsights_sitenote_active":false,"_monsterinsights_sitenote_note":"","_monsterinsights_sitenote_category":0,"site-sidebar-layout":"default","site-content-layout":"default","ast-site-content-layout":"default","site-content-style":"default","site-sidebar-style":"default","ast-global-header-display":"","ast-banner-title-visibility":"","ast-main-header-display":"","ast-hfb-above-header-display":"","ast-hfb-below-header-display":"","ast-hfb-mobile-header-display":"","site-post-title":"disabled","ast-breadcrumbs-content":"disabled","ast-featured-img":"","footer-sml-layout":"","ast-disable-related-posts":"","theme-transparent-header-meta":"default","adv-header-id-meta":"","stick-header-meta":"","header-above-stick-meta":"","header-main-stick-meta":"","header-below-stick-meta":"","astra-migrate-meta-layouts":"default","ast-page-background-enabled":"default","ast-page-background-meta":{"desktop":{"background-color":"","background-image":"","background-repeat":"repeat","background-position":"center center","background-size":"auto","background-attachment":"scroll","background-type":"","background-media":"","overlay-type":"","overlay-color":"","overlay-opacity":"","overlay-gradient":""},"tablet":{"background-color":"","background-image":"","background-repeat":"repeat","background-position":"center center","background-size":"auto","background-attachment":"scroll","background-type":"","background-media":"","overlay-type":"","overlay-color":"","overlay-opacity":"","overlay-gradient":""},"mobile":{"background-color":"","background-image":"","background-repeat":"repeat","background-position":"center center","background-size":"auto","background-attachment":"scroll","background-type":"","background-media":"","overlay-type":"","overlay-color":"","overlay-opacity":"","overlay-gradient":""}},"ast-content-background-meta":{"desktop":{"background-color":"var(--ast-global-color-5)","background-image":"","background-repeat":"repeat","background-position":"center center","background-size":"auto","background-attachment":"scroll","background-type":"","background-media":"","overlay-type":"","overlay-color":"","overlay-opacity":"","overlay-gradient":""},"tablet":{"background-color":"var(--ast-global-color-5)","background-image":"","background-repeat":"repeat","background-position":"center center","background-size":"auto","background-attachment":"scroll","background-type":"","background-media":"","overlay-type":"","overlay-color":"","overlay-opacity":"","overlay-gradient":""},"mobile":{"background-color":"var(--ast-global-color-5)","background-image":"","background-repeat":"repeat","background-position":"center center","background-size":"auto","background-attachment":"scroll","background-type":"","background-media":"","overlay-type":"","overlay-color":"","overlay-opacity":"","overlay-gradient":""}},"footnotes":""},"categories":[4],"tags":[222],"class_list":["post-3488","post","type-post","status-publish","format-standard","has-post-thumbnail","hentry","category-boletim-juridico","tag-boletim-juridico-no-11-2022-30-11-2022"],"aioseo_notices":[],"gutentor_comment":0,"uagb_featured_image_src":{"full":["https:\/\/sinicesp.org.br\/wp-content\/uploads\/2022\/11\/boletim-juridico-2022-11b-pequena.jpg",250,167,false],"thumbnail":["https:\/\/sinicesp.org.br\/wp-content\/uploads\/2022\/11\/boletim-juridico-2022-11b-pequena-150x150.jpg",150,150,true],"medium":["https:\/\/sinicesp.org.br\/wp-content\/uploads\/2022\/11\/boletim-juridico-2022-11b-pequena.jpg",250,167,false],"medium_large":["https:\/\/sinicesp.org.br\/wp-content\/uploads\/2022\/11\/boletim-juridico-2022-11b-pequena.jpg",250,167,false],"large":["https:\/\/sinicesp.org.br\/wp-content\/uploads\/2022\/11\/boletim-juridico-2022-11b-pequena.jpg",250,167,false],"1536x1536":["https:\/\/sinicesp.org.br\/wp-content\/uploads\/2022\/11\/boletim-juridico-2022-11b-pequena.jpg",250,167,false],"2048x2048":["https:\/\/sinicesp.org.br\/wp-content\/uploads\/2022\/11\/boletim-juridico-2022-11b-pequena.jpg",250,167,false]},"uagb_author_info":{"display_name":"Rodrigo","author_link":"https:\/\/sinicesp.org.br\/index.php\/author\/sinicesp\/"},"uagb_comment_info":0,"uagb_excerpt":"Segundo o colegiado, as cl\u00e1usulas regulam direito n\u00e3o relacionado \u00e0s condi\u00e7\u00f5es de trabalho da categoria profissional.","_links":{"self":[{"href":"https:\/\/sinicesp.org.br\/index.php\/wp-json\/wp\/v2\/posts\/3488","targetHints":{"allow":["GET"]}}],"collection":[{"href":"https:\/\/sinicesp.org.br\/index.php\/wp-json\/wp\/v2\/posts"}],"about":[{"href":"https:\/\/sinicesp.org.br\/index.php\/wp-json\/wp\/v2\/types\/post"}],"author":[{"embeddable":true,"href":"https:\/\/sinicesp.org.br\/index.php\/wp-json\/wp\/v2\/users\/1"}],"replies":[{"embeddable":true,"href":"https:\/\/sinicesp.org.br\/index.php\/wp-json\/wp\/v2\/comments?post=3488"}],"version-history":[{"count":0,"href":"https:\/\/sinicesp.org.br\/index.php\/wp-json\/wp\/v2\/posts\/3488\/revisions"}],"wp:featuredmedia":[{"embeddable":true,"href":"https:\/\/sinicesp.org.br\/index.php\/wp-json\/wp\/v2\/media\/3490"}],"wp:attachment":[{"href":"https:\/\/sinicesp.org.br\/index.php\/wp-json\/wp\/v2\/media?parent=3488"}],"wp:term":[{"taxonomy":"category","embeddable":true,"href":"https:\/\/sinicesp.org.br\/index.php\/wp-json\/wp\/v2\/categories?post=3488"},{"taxonomy":"post_tag","embeddable":true,"href":"https:\/\/sinicesp.org.br\/index.php\/wp-json\/wp\/v2\/tags?post=3488"}],"curies":[{"name":"wp","href":"https:\/\/api.w.org\/{rel}","templated":true}]}}