{"id":3492,"date":"2022-11-30T07:30:43","date_gmt":"2022-11-30T10:30:43","guid":{"rendered":"https:\/\/sinicesp.org.br\/?p=3492"},"modified":"2022-12-13T09:02:02","modified_gmt":"2022-12-13T12:02:02","slug":"camara-aprova-projeto-sobre-responsabilizacao-de-socios-por-dividas-de-empresas","status":"publish","type":"post","link":"https:\/\/sinicesp.org.br\/index.php\/2022\/11\/30\/camara-aprova-projeto-sobre-responsabilizacao-de-socios-por-dividas-de-empresas\/","title":{"rendered":"C\u00e2mara aprova projeto sobre responsabiliza\u00e7\u00e3o de s\u00f3cios por d\u00edvidas de empresas"},"content":{"rendered":"\n<p><\/p>\n\n\n\n<section class=\"wp-block-uagb-section uagb-section__wrap uagb-section__background-color uagb-block-1e6767b1\"><div class=\"uagb-section__overlay\"><\/div><div class=\"uagb-section__inner-wrap\">\n<div style=\"height:10px\" aria-hidden=\"true\" class=\"wp-block-spacer\"><\/div>\n\n\n\n<div class=\"wp-block-uagb-advanced-heading uagb-block-d0693b23\"><h3 class=\"uagb-heading-text\"><br><strong>Boletim Jur\u00eddico n\u00ba 11\/2022 &#8211; 30\/11\/2022 <\/strong><\/h3><div class=\"uagb-separator\"><\/div><\/div>\n\n\n\n<p><\/p>\n<\/div><\/section>\n\n\n\n<section class=\"wp-block-uagb-section uagb-section__wrap uagb-section__background-color uagb-block-a38e61d9\"><div class=\"uagb-section__overlay\"><\/div><div class=\"uagb-section__inner-wrap\">\n<h2 class=\"has-text-color wp-block-heading\" id=\"stf-custas-poderao-ser-recolhidas-por-pix-ou-cartao-a-partir-de-abril\" style=\"color:#0767b1\"><strong><strong><strong><strong>C\u00e2mara aprova projeto sobre responsabiliza\u00e7\u00e3o de s\u00f3cios por d\u00edvidas de empresas<\/strong><\/strong><\/strong><\/strong><\/h2>\n\n\n\n<p><\/p>\n\n\n\n<p>A C\u00e2mara dos Deputados concluiu a vota\u00e7\u00e3o do projeto que limita o procedimento conhecido como desconsidera\u00e7\u00e3o da personalidade jur\u00eddica, pelo qual se pode cobrar dos s\u00f3cios ou respons\u00e1veis obriga\u00e7\u00f5es da empresa. A proposta (PL 3401\/08) ser\u00e1 enviada \u00e0 san\u00e7\u00e3o presidencial. <br><br>De autoria do ex-deputado Bruno Ara\u00fajo (PE), o projeto j\u00e1 havia sido aprovado pela C\u00e2mara em 2014. Nesta ter\u00e7a-feira (22), os deputados rejeitaram em Plen\u00e1rio um substitutivo do Senado para o projeto. <br><br>A reda\u00e7\u00e3o da C\u00e2mara \u00e9 um substitutivo do relator pela Comiss\u00e3o de Desenvolvimento Econ\u00f4mico, Ind\u00fastria e Com\u00e9rcio, deputado <a href=\"https:\/\/www.camara.leg.br\/deputados\/62881\" target=\"_blank\" rel=\"noopener\" title=\"\">Danilo Forte (Uni\u00e3o-CE)<\/a>. <br><br>Segundo o texto aprovado, a desconsidera\u00e7\u00e3o da personalidade jur\u00eddica poder\u00e1 ser usada quando ficar caracterizada a ocorr\u00eancia de manobras il\u00edcitas, por parte dos propriet\u00e1rios das empresas, para n\u00e3o pagar os credores, situa\u00e7\u00e3o na qual seus bens particulares ser\u00e3o usados para pagar os d\u00e9bitos. <br><br>Hoje, apesar de a possibilidade ser prevista em lei, n\u00e3o h\u00e1 um tr\u00e2mite espec\u00edfico para ela. O projeto institui um rito procedimental, assegurando o pr\u00e9vio direito ao contradit\u00f3rio em hip\u00f3teses de responsabilidade pessoal do s\u00f3cio por d\u00edvida da empresa. <br><br><strong>Prazo para defesa<\/strong><br><br>O prazo para os s\u00f3cios apresentarem defesa \u00e9 de 15 dias, contados da intima\u00e7\u00e3o. Em requerimento espec\u00edfico, dever\u00e3o ser especificados os atos que motivaram a responsabiliza\u00e7\u00e3o do s\u00f3cio. <br><br>Essa indica\u00e7\u00e3o dever\u00e1 ser feita por quem propuser a desconsidera\u00e7\u00e3o da personalidade jur\u00eddica ou pelo Minist\u00e9rio P\u00fablico. Al\u00e9m disso, o juiz n\u00e3o poder\u00e1 decidir a quest\u00e3o antes de assegurar o direito amplo de defesa. <br><br>Os s\u00f3cios ou administradores ter\u00e3o ainda o direito de produzir provas, e o juiz somente poder\u00e1 decretar a desconsidera\u00e7\u00e3o depois de ouvir o Minist\u00e9rio P\u00fablico. <br><br>Caso a medida seja decretada, ela n\u00e3o poder\u00e1 atingir os bens particulares dos membros, instituidores, s\u00f3cios ou administradores que n\u00e3o tenham praticado ato abusivo em preju\u00edzo dos credores da pessoa jur\u00eddica e em proveito pr\u00f3prio. <br><br><strong>Administra\u00e7\u00e3o p\u00fablica<\/strong><br><br>Pelo texto, as decis\u00f5es da administra\u00e7\u00e3o p\u00fablica sobre desconsidera\u00e7\u00e3o da personalidade jur\u00eddica tamb\u00e9m ficam sujeitas a decis\u00f5es judiciais. <br><br>Pela legisla\u00e7\u00e3o atual, um processo administrativo poderia chegar \u00e0 desconsidera\u00e7\u00e3o como em um ju\u00edzo, mas sem os procedimentos elaborados na nova proposta. <br><br><strong>Fonte<\/strong>: Ag\u00eancia C\u00e2mara de Not\u00edcias<\/p>\n\n\n\n<div style=\"height:70px\" aria-hidden=\"true\" class=\"wp-block-spacer\"><\/div>\n\n\n\n<div id=\"section-gc631f1\" class=\"wp-block-gutentor-e6 section-gc631f1 gutentor-element gutentor-element-image text-align-center-desktop\"><div class=\"gutentor-element-image-box\"><a class=\"gutentor-element-image-link\" href=\"window.print()\"><div class=\"gutentor-image-thumb\"><img decoding=\"async\" class=\"normal-image\" src=\"https:\/\/sinicesp.org.br\/wp-content\/uploads\/2022\/01\/impressora.png\" \/><\/div><\/a><\/div><\/div>\n<\/div><\/section>\n","protected":false},"excerpt":{"rendered":"<p>Deputados rejeitaram mudan\u00e7as feitas pelo Senado. Texto seguir\u00e1 para san\u00e7\u00e3o.<\/p>\n","protected":false},"author":1,"featured_media":3493,"comment_status":"closed","ping_status":"closed","sticky":false,"template":"","format":"standard","meta":{"om_disable_all_campaigns":false,"_uag_custom_page_level_css":"","_monsterinsights_skip_tracking":false,"_monsterinsights_sitenote_active":false,"_monsterinsights_sitenote_note":"","_monsterinsights_sitenote_category":0,"site-sidebar-layout":"default","site-content-layout":"default","ast-site-content-layout":"default","site-content-style":"default","site-sidebar-style":"default","ast-global-header-display":"","ast-banner-title-visibility":"","ast-main-header-display":"","ast-hfb-above-header-display":"","ast-hfb-below-header-display":"","ast-hfb-mobile-header-display":"","site-post-title":"disabled","ast-breadcrumbs-content":"disabled","ast-featured-img":"","footer-sml-layout":"","ast-disable-related-posts":"","theme-transparent-header-meta":"default","adv-header-id-meta":"","stick-header-meta":"","header-above-stick-meta":"","header-main-stick-meta":"","header-below-stick-meta":"","astra-migrate-meta-layouts":"default","ast-page-background-enabled":"default","ast-page-background-meta":{"desktop":{"background-color":"","background-image":"","background-repeat":"repeat","background-position":"center center","background-size":"auto","background-attachment":"scroll","background-type":"","background-media":"","overlay-type":"","overlay-color":"","overlay-opacity":"","overlay-gradient":""},"tablet":{"background-color":"","background-image":"","background-repeat":"repeat","background-position":"center center","background-size":"auto","background-attachment":"scroll","background-type":"","background-media":"","overlay-type":"","overlay-color":"","overlay-opacity":"","overlay-gradient":""},"mobile":{"background-color":"","background-image":"","background-repeat":"repeat","background-position":"center center","background-size":"auto","background-attachment":"scroll","background-type":"","background-media":"","overlay-type":"","overlay-color":"","overlay-opacity":"","overlay-gradient":""}},"ast-content-background-meta":{"desktop":{"background-color":"var(--ast-global-color-5)","background-image":"","background-repeat":"repeat","background-position":"center center","background-size":"auto","background-attachment":"scroll","background-type":"","background-media":"","overlay-type":"","overlay-color":"","overlay-opacity":"","overlay-gradient":""},"tablet":{"background-color":"var(--ast-global-color-5)","background-image":"","background-repeat":"repeat","background-position":"center center","background-size":"auto","background-attachment":"scroll","background-type":"","background-media":"","overlay-type":"","overlay-color":"","overlay-opacity":"","overlay-gradient":""},"mobile":{"background-color":"var(--ast-global-color-5)","background-image":"","background-repeat":"repeat","background-position":"center center","background-size":"auto","background-attachment":"scroll","background-type":"","background-media":"","overlay-type":"","overlay-color":"","overlay-opacity":"","overlay-gradient":""}},"footnotes":""},"categories":[4],"tags":[222],"class_list":["post-3492","post","type-post","status-publish","format-standard","has-post-thumbnail","hentry","category-boletim-juridico","tag-boletim-juridico-no-11-2022-30-11-2022"],"aioseo_notices":[],"gutentor_comment":0,"uagb_featured_image_src":{"full":["https:\/\/sinicesp.org.br\/wp-content\/uploads\/2022\/11\/boletim-juridico-2022-11a-pequena.jpg",250,167,false],"thumbnail":["https:\/\/sinicesp.org.br\/wp-content\/uploads\/2022\/11\/boletim-juridico-2022-11a-pequena-150x150.jpg",150,150,true],"medium":["https:\/\/sinicesp.org.br\/wp-content\/uploads\/2022\/11\/boletim-juridico-2022-11a-pequena.jpg",250,167,false],"medium_large":["https:\/\/sinicesp.org.br\/wp-content\/uploads\/2022\/11\/boletim-juridico-2022-11a-pequena.jpg",250,167,false],"large":["https:\/\/sinicesp.org.br\/wp-content\/uploads\/2022\/11\/boletim-juridico-2022-11a-pequena.jpg",250,167,false],"1536x1536":["https:\/\/sinicesp.org.br\/wp-content\/uploads\/2022\/11\/boletim-juridico-2022-11a-pequena.jpg",250,167,false],"2048x2048":["https:\/\/sinicesp.org.br\/wp-content\/uploads\/2022\/11\/boletim-juridico-2022-11a-pequena.jpg",250,167,false]},"uagb_author_info":{"display_name":"Rodrigo","author_link":"https:\/\/sinicesp.org.br\/index.php\/author\/sinicesp\/"},"uagb_comment_info":0,"uagb_excerpt":"Deputados rejeitaram mudan\u00e7as feitas pelo Senado. Texto seguir\u00e1 para san\u00e7\u00e3o.","_links":{"self":[{"href":"https:\/\/sinicesp.org.br\/index.php\/wp-json\/wp\/v2\/posts\/3492","targetHints":{"allow":["GET"]}}],"collection":[{"href":"https:\/\/sinicesp.org.br\/index.php\/wp-json\/wp\/v2\/posts"}],"about":[{"href":"https:\/\/sinicesp.org.br\/index.php\/wp-json\/wp\/v2\/types\/post"}],"author":[{"embeddable":true,"href":"https:\/\/sinicesp.org.br\/index.php\/wp-json\/wp\/v2\/users\/1"}],"replies":[{"embeddable":true,"href":"https:\/\/sinicesp.org.br\/index.php\/wp-json\/wp\/v2\/comments?post=3492"}],"version-history":[{"count":0,"href":"https:\/\/sinicesp.org.br\/index.php\/wp-json\/wp\/v2\/posts\/3492\/revisions"}],"wp:featuredmedia":[{"embeddable":true,"href":"https:\/\/sinicesp.org.br\/index.php\/wp-json\/wp\/v2\/media\/3493"}],"wp:attachment":[{"href":"https:\/\/sinicesp.org.br\/index.php\/wp-json\/wp\/v2\/media?parent=3492"}],"wp:term":[{"taxonomy":"category","embeddable":true,"href":"https:\/\/sinicesp.org.br\/index.php\/wp-json\/wp\/v2\/categories?post=3492"},{"taxonomy":"post_tag","embeddable":true,"href":"https:\/\/sinicesp.org.br\/index.php\/wp-json\/wp\/v2\/tags?post=3492"}],"curies":[{"name":"wp","href":"https:\/\/api.w.org\/{rel}","templated":true}]}}