{"id":370,"date":"2021-03-17T09:07:31","date_gmt":"2021-03-17T12:07:31","guid":{"rendered":"http:\/\/sinicesp.org.br\/?p=370"},"modified":"2021-11-16T10:17:25","modified_gmt":"2021-11-16T13:17:25","slug":"auditores-apontam-irregularidades-no-preenchimento-do-e-social-sobre-cota-de-pessoas-com-deficiencia","status":"publish","type":"post","link":"https:\/\/sinicesp.org.br\/index.php\/2021\/03\/17\/auditores-apontam-irregularidades-no-preenchimento-do-e-social-sobre-cota-de-pessoas-com-deficiencia\/","title":{"rendered":"Auditores apontam irregularidades no preenchimento do e-Social sobre cota de pessoas com defici\u00eancia"},"content":{"rendered":"\n<section class=\"wp-block-uagb-section uagb-section__wrap uagb-section__background-color uagb-block-2d29a6d9\"><div class=\"uagb-section__overlay\"><\/div><div class=\"uagb-section__inner-wrap\">\n<div style=\"height:10px\" aria-hidden=\"true\" class=\"wp-block-spacer\"><\/div>\n\n\n\n<div class=\"wp-block-uagb-advanced-heading uagb-block-edc8492e\"><h3 class=\"uagb-heading-text\"><strong>Inclus\u00e3o profissional n\u00ba 06\/2021 &#8211; 17\/03\/2021 <\/strong><\/h3><div class=\"uagb-separator-wrap\"><div class=\"uagb-separator\"><\/div><\/div><p class=\"uagb-desc-text\"><\/p><\/div>\n\n\n\n<p><\/p>\n<\/div><\/section>\n\n\n\n<section class=\"wp-block-uagb-section uagb-section__wrap uagb-section__background-color uagb-block-605b28cb\"><div class=\"uagb-section__overlay\"><\/div><div class=\"uagb-section__inner-wrap\">\n<h2 class=\"has-text-color wp-block-heading\" style=\"color:#0767b1\">Auditores apontam irregularidades no preenchimento do e-Social sobre cota de pessoas com defici\u00eancia<\/h2>\n\n\n\n<p>A Coordena\u00e7\u00e3o Nacional da Atividade de Inser\u00e7\u00e3o de Pessoas com Defici\u00eancia no Mercado de Trabalho, informou que Auditores Fiscais do Trabalho de todo o pa\u00eds t\u00eam se deparado com in\u00fameros casos de preenchimento incorreto do eSocial, no que diz respeito \u00e0s informa\u00e7\u00f5es de cota de pessoas com  <br>efici\u00eancia. <br><br>O E-Social \u00e9 um cadastro unificado do governo federal que permite que as empresas enviem dados fiscais, tribut\u00e1rios e trabalhistas, incluindo informa\u00e7\u00f5es sobre o cumprimento da Lei de Cotas. A empresa deve fornecer informa\u00e7\u00f5es sobre eventuais tipos de defici\u00eancia de um trabalhador nos eventos S-2200, S2205 e S-2300, por\u00e9m, muitas declaram empregar pessoas com defici\u00eancia, n\u00e3o informam se estas foram enquadradas na Lei de Cotas. <br><br>Dessa forma, a auditora Jen\u00ed Carla Fritzke Sch\u00fclter e o auditor Jo\u00e3o Paulo Ferreira Machado orientam que, \u201cainda que seja informado algum tipo de defici\u00eancia nos campos correspondentes, \u00e9 necess\u00e1rio indicar tamb\u00e9m se este trabalhador preenche a cota de pessoa com defici\u00eancia\u201d.\u00a0 <br><br>A fiscaliza\u00e7\u00e3o ser\u00e1 intensificada para evitar esse tipo de erro, e a empresa que n\u00e3o transmitir tais informa\u00e7\u00f5es conforme a regra poder\u00e1 ser autuada. <br><br>Portanto, se voc\u00ea \u00e9 empres\u00e1rio que contrata pessoas com defici\u00eancia ou contador, veja as orienta\u00e7\u00f5es para preenchimento correto do campo \u201ccota de Pessoa com defici\u00eancia\u201d do e-Social*\u00a0 <br><br><strong>Aos escrit\u00f3rios de contabilidade\/empregadores:<\/strong> <br><br>Maior aten\u00e7\u00e3o e cuidado ao preenchimento do campo \u201ccota de pessoa com defici\u00eancia\u201d. <br><br><strong>\u00a0Empresas de sistemas de folha de pagamento<\/strong>: <br><br>Devem passar a n\u00e3o sugerir preenchimento PADR\u00c3O do campo \u201ccota de pessoa com defici\u00eancia\u201d.\u00a0 <br><br>\u00a0<strong>Legisla\u00e7\u00e3o<\/strong>: <br><br>Lei de Cotas para Pessoas com Defici\u00eancia (Artigo 93 da Lei 8.213\/91). <br><br><strong>Auditores Fiscais do Trabalho<\/strong>\u00a0 <br><br>Para quem fiscaliza inser\u00e7\u00e3o de PCD \u00e9 bom sempre orientar a empresa que al\u00e9m de preencher o campo com a defici\u00eancia deve preencher o campo \u201cinfocota\u201d para responder se aquele trabalhador conta para a cota de Pessoas com Defici\u00eancia. <br><br><strong>Fonte:<\/strong> C\u00e2mara Paulista Para Inclus\u00e3o de Pessoas com Defici\u00eancia \u2013 Por F\u00e1tima El Kadri &#8211; Com informa\u00e7\u00f5es dos auditores Jen\u00ed Carla Fritzke Sch\u00fclter e Jo\u00e3o Paulo Ferreira Machado.<\/p>\n<\/div><\/section>\n","protected":false},"excerpt":{"rendered":"<p>A Coordena\u00e7\u00e3o Nacional da Atividade de Inser\u00e7\u00e3o de Pessoas com Defici\u00eancia no Mercado de Trabalho, informou que Auditores Fiscais do Trabalho de todo o pa\u00eds t\u00eam se deparado com in\u00fameros casos de preenchimento incorreto do eSocial, no que diz respeito \u00e0s informa\u00e7\u00f5es de cota de pessoas com defici\u00eancia.<\/p>\n","protected":false},"author":1,"featured_media":371,"comment_status":"closed","ping_status":"closed","sticky":false,"template":"","format":"standard","meta":{"om_disable_all_campaigns":false,"_uag_custom_page_level_css":"","_monsterinsights_skip_tracking":false,"_monsterinsights_sitenote_active":false,"_monsterinsights_sitenote_note":"","_monsterinsights_sitenote_category":0,"site-sidebar-layout":"default","site-content-layout":"default","ast-site-content-layout":"default","site-content-style":"default","site-sidebar-style":"default","ast-global-header-display":"","ast-banner-title-visibility":"","ast-main-header-display":"","ast-hfb-above-header-display":"","ast-hfb-below-header-display":"","ast-hfb-mobile-header-display":"","site-post-title":"disabled","ast-breadcrumbs-content":"disabled","ast-featured-img":"disabled","footer-sml-layout":"","ast-disable-related-posts":"","theme-transparent-header-meta":"default","adv-header-id-meta":"","stick-header-meta":"","header-above-stick-meta":"","header-main-stick-meta":"","header-below-stick-meta":"","astra-migrate-meta-layouts":"default","ast-page-background-enabled":"default","ast-page-background-meta":{"desktop":{"background-color":"","background-image":"","background-repeat":"repeat","background-position":"center center","background-size":"auto","background-attachment":"scroll","background-type":"","background-media":"","overlay-type":"","overlay-color":"","overlay-opacity":"","overlay-gradient":""},"tablet":{"background-color":"","background-image":"","background-repeat":"repeat","background-position":"center center","background-size":"auto","background-attachment":"scroll","background-type":"","background-media":"","overlay-type":"","overlay-color":"","overlay-opacity":"","overlay-gradient":""},"mobile":{"background-color":"","background-image":"","background-repeat":"repeat","background-position":"center center","background-size":"auto","background-attachment":"scroll","background-type":"","background-media":"","overlay-type":"","overlay-color":"","overlay-opacity":"","overlay-gradient":""}},"ast-content-background-meta":{"desktop":{"background-color":"var(--ast-global-color-5)","background-image":"","background-repeat":"repeat","background-position":"center center","background-size":"auto","background-attachment":"scroll","background-type":"","background-media":"","overlay-type":"","overlay-color":"","overlay-opacity":"","overlay-gradient":""},"tablet":{"background-color":"var(--ast-global-color-5)","background-image":"","background-repeat":"repeat","background-position":"center center","background-size":"auto","background-attachment":"scroll","background-type":"","background-media":"","overlay-type":"","overlay-color":"","overlay-opacity":"","overlay-gradient":""},"mobile":{"background-color":"var(--ast-global-color-5)","background-image":"","background-repeat":"repeat","background-position":"center center","background-size":"auto","background-attachment":"scroll","background-type":"","background-media":"","overlay-type":"","overlay-color":"","overlay-opacity":"","overlay-gradient":""}},"footnotes":""},"categories":[12],"tags":[15],"class_list":["post-370","post","type-post","status-publish","format-standard","has-post-thumbnail","hentry","category-inclusao-profissional","tag-noticia"],"aioseo_notices":[],"gutentor_comment":0,"uagb_featured_image_src":{"full":["https:\/\/sinicesp.org.br\/wp-content\/uploads\/2021\/03\/inclusao-2021-06a-pequena.jpg",250,167,false],"thumbnail":["https:\/\/sinicesp.org.br\/wp-content\/uploads\/2021\/03\/inclusao-2021-06a-pequena-150x150.jpg",150,150,true],"medium":["https:\/\/sinicesp.org.br\/wp-content\/uploads\/2021\/03\/inclusao-2021-06a-pequena.jpg",250,167,false],"medium_large":["https:\/\/sinicesp.org.br\/wp-content\/uploads\/2021\/03\/inclusao-2021-06a-pequena.jpg",250,167,false],"large":["https:\/\/sinicesp.org.br\/wp-content\/uploads\/2021\/03\/inclusao-2021-06a-pequena.jpg",250,167,false],"1536x1536":["https:\/\/sinicesp.org.br\/wp-content\/uploads\/2021\/03\/inclusao-2021-06a-pequena.jpg",250,167,false],"2048x2048":["https:\/\/sinicesp.org.br\/wp-content\/uploads\/2021\/03\/inclusao-2021-06a-pequena.jpg",250,167,false]},"uagb_author_info":{"display_name":"Rodrigo","author_link":"https:\/\/sinicesp.org.br\/index.php\/author\/sinicesp\/"},"uagb_comment_info":0,"uagb_excerpt":"A Coordena\u00e7\u00e3o Nacional da Atividade de Inser\u00e7\u00e3o de Pessoas com Defici\u00eancia no Mercado de Trabalho, informou que Auditores Fiscais do Trabalho de todo o pa\u00eds t\u00eam se deparado com in\u00fameros casos de preenchimento incorreto do eSocial, no que diz respeito \u00e0s informa\u00e7\u00f5es de cota de pessoas com defici\u00eancia.","_links":{"self":[{"href":"https:\/\/sinicesp.org.br\/index.php\/wp-json\/wp\/v2\/posts\/370","targetHints":{"allow":["GET"]}}],"collection":[{"href":"https:\/\/sinicesp.org.br\/index.php\/wp-json\/wp\/v2\/posts"}],"about":[{"href":"https:\/\/sinicesp.org.br\/index.php\/wp-json\/wp\/v2\/types\/post"}],"author":[{"embeddable":true,"href":"https:\/\/sinicesp.org.br\/index.php\/wp-json\/wp\/v2\/users\/1"}],"replies":[{"embeddable":true,"href":"https:\/\/sinicesp.org.br\/index.php\/wp-json\/wp\/v2\/comments?post=370"}],"version-history":[{"count":0,"href":"https:\/\/sinicesp.org.br\/index.php\/wp-json\/wp\/v2\/posts\/370\/revisions"}],"wp:featuredmedia":[{"embeddable":true,"href":"https:\/\/sinicesp.org.br\/index.php\/wp-json\/wp\/v2\/media\/371"}],"wp:attachment":[{"href":"https:\/\/sinicesp.org.br\/index.php\/wp-json\/wp\/v2\/media?parent=370"}],"wp:term":[{"taxonomy":"category","embeddable":true,"href":"https:\/\/sinicesp.org.br\/index.php\/wp-json\/wp\/v2\/categories?post=370"},{"taxonomy":"post_tag","embeddable":true,"href":"https:\/\/sinicesp.org.br\/index.php\/wp-json\/wp\/v2\/tags?post=370"}],"curies":[{"name":"wp","href":"https:\/\/api.w.org\/{rel}","templated":true}]}}