{"id":3725,"date":"2023-02-22T09:56:00","date_gmt":"2023-02-22T12:56:00","guid":{"rendered":"https:\/\/sinicesp.org.br\/?p=3725"},"modified":"2023-02-16T15:45:44","modified_gmt":"2023-02-16T18:45:44","slug":"tst-uniformiza-politica-de-conciliacao-e-cria-centro-de-solucao-consensual-de-conflitos","status":"publish","type":"post","link":"https:\/\/sinicesp.org.br\/index.php\/2023\/02\/22\/tst-uniformiza-politica-de-conciliacao-e-cria-centro-de-solucao-consensual-de-conflitos\/","title":{"rendered":"TST uniformiza pol\u00edtica de concilia\u00e7\u00e3o e cria centro de solu\u00e7\u00e3o consensual de conflitos"},"content":{"rendered":"\n<p><\/p>\n\n\n\n<section class=\"wp-block-uagb-section uagb-section__wrap uagb-section__background-color uagb-block-45e17c75\"><div class=\"uagb-section__overlay\"><\/div><div class=\"uagb-section__inner-wrap\">\n<div style=\"height:10px\" aria-hidden=\"true\" class=\"wp-block-spacer\"><\/div>\n\n\n\n<div class=\"wp-block-uagb-advanced-heading uagb-block-e21fd24c\"><h3 class=\"uagb-heading-text\"><br><strong>Boletim Jur\u00eddico n\u00ba 02\/2023 &#8211; 22\/02\/2023 <\/strong><\/h3><div class=\"uagb-separator\"><\/div><\/div>\n\n\n\n<p><\/p>\n<\/div><\/section>\n\n\n\n<section class=\"wp-block-uagb-section uagb-section__wrap uagb-section__background-color uagb-block-c77aa322\"><div class=\"uagb-section__overlay\"><\/div><div class=\"uagb-section__inner-wrap\">\n<h2 class=\"has-text-color wp-block-heading\" id=\"stf-custas-poderao-ser-recolhidas-por-pix-ou-cartao-a-partir-de-abril\" style=\"color:#0767b1\"><strong><strong><strong><strong><strong>TST uniformiza pol\u00edtica de concilia\u00e7\u00e3o e cria centro de solu\u00e7\u00e3o consensual de conflitos<\/strong><\/strong><\/strong><\/strong><\/strong><\/h2>\n\n\n\n<p><\/p>\n\n\n\n<p>O Tribunal Superior do Trabalho contar\u00e1, a partir deste ano, com um Centro Judici\u00e1rio de M\u00e9todos Consensuais de Solu\u00e7\u00e3o de Conflitos (Cejusc\/TST), a exemplo dos que j\u00e1 funcionam &nbsp;nas demais inst\u00e2ncias da Justi\u00e7a do Trabalho e em outros ramos do Judici\u00e1rio. As novas diretrizes foram apresentadas na ter\u00e7a-feira (7) pelo vice-presidente do TST e do Conselho Superior da Justi\u00e7a do Trabalho (CSJT), ministro Aloysio Corr\u00eaa da Veiga. <br><br><strong>Uniformiza\u00e7\u00e3o <\/strong><br><br>De acordo com o ministro, as mudan\u00e7as trazidas pela&nbsp;<a href=\"https:\/\/hdl.handle.net\/20.500.12178\/209774\" target=\"_blank\" rel=\"noreferrer noopener\">Resolu\u00e7\u00e3o Administrativa 2.398\/2022<\/a>&nbsp;levam em conta a necessidade organizar e uniformizar os servi\u00e7os de concilia\u00e7\u00e3o, media\u00e7\u00e3o e outros m\u00e9todos consensuais de solu\u00e7\u00e3o de disputas no \u00e2mbito da Justi\u00e7a do Trabalho, a fim de evitar disparidades. Isso, segundo o vice-presidente, refor\u00e7a a cultura da concilia\u00e7\u00e3o.<br><br>Outro prop\u00f3sito \u00e9 dar maior amplitude \u00e0 concilia\u00e7\u00e3o e estabelecer uma pol\u00edtica judici\u00e1ria de solu\u00e7\u00e3o de conflitos em todos os n\u00edveis. A norma prev\u00ea a transforma\u00e7\u00e3o do N\u00facleo Permanente de Concilia\u00e7\u00e3o (Nupec) no Cejusc\/TST e cria o N\u00facleo de Apoio \u00e0 Concilia\u00e7\u00e3o e Pol\u00edticas P\u00fablicas (Nacopp-TST\/CSJT).<br><br><strong>Cultura<\/strong><br><br>O ministro Aloysio lembrou que a Justi\u00e7a do Trabalho, historicamente, privilegiou a solu\u00e7\u00e3o consensual, mas, durante um per\u00edodo, se afastou desse prop\u00f3sito. \u201cMas voltamos agora, nos \u00faltimos anos, a restabelecer essa cultura\u201d, afirmou.<br><br><strong>Estrutura<\/strong><br><br>O Cejusc\/TST ficar\u00e1 sob a responsabilidade da Vice-Presid\u00eancia do TST, que ter\u00e1, entre suas fun\u00e7\u00f5es, organizar as pautas e adotar as provid\u00eancias necess\u00e1rias \u00e0 realiza\u00e7\u00e3o das audi\u00eancias de media\u00e7\u00e3o e concilia\u00e7\u00e3o nos diss\u00eddios individuais que tramitem no TST.<br><br>O Nacopp ser\u00e1 supervisionado pela ju\u00edza auxiliar da Vice-Presid\u00eancia Roberta Carvalho. Entre suas compet\u00eancias est\u00e1 a organiza\u00e7\u00e3o da Semana da Concilia\u00e7\u00e3o Trabalhista e o suporte \u00e0 Comiss\u00e3o Nacional de Promo\u00e7\u00e3o \u00e0 Concilia\u00e7\u00e3o (Conaproc), \u00f3rg\u00e3o integrante da pol\u00edtica de tratamento adequado das disputas de interesses no \u00e2mbito do Poder Judici\u00e1rio Trabalhista, voltado a auxiliar o CSJT em rela\u00e7\u00e3o ao tema.<br><br><strong>Audi\u00eancias<\/strong><br><br>Para solicitar a designa\u00e7\u00e3o de audi\u00eancia de concilia\u00e7\u00e3o, basta que qualquer uma das partes, atrav\u00e9s de seu advogado, envie peti\u00e7\u00e3o ao relator do processo ou preencha os formul\u00e1rios dispon\u00edveis na p\u00e1gina do TST ou outros meios eletr\u00f4nicos.<br><br><strong>Voca\u00e7\u00e3o natural<\/strong><br><br>O vice-presidente do TST anunciou a novidade durante uma audi\u00eancia de concilia\u00e7\u00e3o realizada hoje entre a Portocel &#8211; Terminal Especializado de Barra do Riacho S.A. , o Sindicato dos Estivadores do Esp\u00edrito Santo e o \u00d3rg\u00e3o de Gest\u00e3o de M\u00e3o de Obra (Ogmo) do Porto Organizado do estado, conduzida pelo relator do processo, ministro Alexandre Ramos.<br><br>Integrante da Conaproc, o ministro ressaltou que a implementa\u00e7\u00e3o do Cejusc no TST ampliar\u00e1, de forma efetiva, a diretriz legal e a voca\u00e7\u00e3o natural da Justi\u00e7a do Trabalho de promover a autocomposi\u00e7\u00e3o em qualquer fase processual ou grau de jurisdi\u00e7\u00e3o. Na sua avalia\u00e7\u00e3o, a iniciativa reduzir\u00e1 o tempo de espera na solu\u00e7\u00e3o dos processos, em benef\u00edcio \u00e0s partes e \u00e0 sociedade.<br><br> <strong>Fonte<\/strong>: TST<\/p>\n\n\n\n<div style=\"height:70px\" aria-hidden=\"true\" class=\"wp-block-spacer\"><\/div>\n\n\n\n<div id=\"section-g73ed7f\" class=\"wp-block-gutentor-e6 section-g73ed7f gutentor-element gutentor-element-image text-align-center-desktop\"><div class=\"gutentor-element-image-box\"><a class=\"gutentor-element-image-link\" href=\"window.print()\"><div class=\"gutentor-image-thumb\"><img decoding=\"async\" class=\"normal-image\" src=\"https:\/\/sinicesp.org.br\/wp-content\/uploads\/2022\/01\/impressora.png\" \/><\/div><\/a><\/div><\/div>\n<\/div><\/section>\n","protected":false},"excerpt":{"rendered":"<p>A cria\u00e7\u00e3o do Cejusc\/TST foi anunciada no dia 7 de fevereiro pelo vice-presidente, ministro Aloysio Corr\u00eaa da Veiga.<\/p>\n","protected":false},"author":1,"featured_media":0,"comment_status":"closed","ping_status":"closed","sticky":false,"template":"","format":"standard","meta":{"om_disable_all_campaigns":false,"_uag_custom_page_level_css":"","_monsterinsights_skip_tracking":false,"_monsterinsights_sitenote_active":false,"_monsterinsights_sitenote_note":"","_monsterinsights_sitenote_category":0,"site-sidebar-layout":"default","site-content-layout":"default","ast-site-content-layout":"default","site-content-style":"default","site-sidebar-style":"default","ast-global-header-display":"","ast-banner-title-visibility":"","ast-main-header-display":"","ast-hfb-above-header-display":"","ast-hfb-below-header-display":"","ast-hfb-mobile-header-display":"","site-post-title":"disabled","ast-breadcrumbs-content":"disabled","ast-featured-img":"","footer-sml-layout":"","ast-disable-related-posts":"","theme-transparent-header-meta":"default","adv-header-id-meta":"","stick-header-meta":"","header-above-stick-meta":"","header-main-stick-meta":"","header-below-stick-meta":"","astra-migrate-meta-layouts":"default","ast-page-background-enabled":"default","ast-page-background-meta":{"desktop":{"background-color":"","background-image":"","background-repeat":"repeat","background-position":"center center","background-size":"auto","background-attachment":"scroll","background-type":"","background-media":"","overlay-type":"","overlay-color":"","overlay-opacity":"","overlay-gradient":""},"tablet":{"background-color":"","background-image":"","background-repeat":"repeat","background-position":"center center","background-size":"auto","background-attachment":"scroll","background-type":"","background-media":"","overlay-type":"","overlay-color":"","overlay-opacity":"","overlay-gradient":""},"mobile":{"background-color":"","background-image":"","background-repeat":"repeat","background-position":"center center","background-size":"auto","background-attachment":"scroll","background-type":"","background-media":"","overlay-type":"","overlay-color":"","overlay-opacity":"","overlay-gradient":""}},"ast-content-background-meta":{"desktop":{"background-color":"var(--ast-global-color-5)","background-image":"","background-repeat":"repeat","background-position":"center center","background-size":"auto","background-attachment":"scroll","background-type":"","background-media":"","overlay-type":"","overlay-color":"","overlay-opacity":"","overlay-gradient":""},"tablet":{"background-color":"var(--ast-global-color-5)","background-image":"","background-repeat":"repeat","background-position":"center center","background-size":"auto","background-attachment":"scroll","background-type":"","background-media":"","overlay-type":"","overlay-color":"","overlay-opacity":"","overlay-gradient":""},"mobile":{"background-color":"var(--ast-global-color-5)","background-image":"","background-repeat":"repeat","background-position":"center center","background-size":"auto","background-attachment":"scroll","background-type":"","background-media":"","overlay-type":"","overlay-color":"","overlay-opacity":"","overlay-gradient":""}},"footnotes":""},"categories":[4],"tags":[274],"class_list":["post-3725","post","type-post","status-publish","format-standard","hentry","category-boletim-juridico","tag-boletim-juridico-no-02-2023-22-02-2023"],"aioseo_notices":[],"gutentor_comment":0,"uagb_featured_image_src":{"full":false,"thumbnail":false,"medium":false,"medium_large":false,"large":false,"1536x1536":false,"2048x2048":false},"uagb_author_info":{"display_name":"Rodrigo","author_link":"https:\/\/sinicesp.org.br\/index.php\/author\/sinicesp\/"},"uagb_comment_info":0,"uagb_excerpt":"A cria\u00e7\u00e3o do Cejusc\/TST foi anunciada no dia 7 de fevereiro pelo vice-presidente, ministro Aloysio Corr\u00eaa da Veiga.","_links":{"self":[{"href":"https:\/\/sinicesp.org.br\/index.php\/wp-json\/wp\/v2\/posts\/3725","targetHints":{"allow":["GET"]}}],"collection":[{"href":"https:\/\/sinicesp.org.br\/index.php\/wp-json\/wp\/v2\/posts"}],"about":[{"href":"https:\/\/sinicesp.org.br\/index.php\/wp-json\/wp\/v2\/types\/post"}],"author":[{"embeddable":true,"href":"https:\/\/sinicesp.org.br\/index.php\/wp-json\/wp\/v2\/users\/1"}],"replies":[{"embeddable":true,"href":"https:\/\/sinicesp.org.br\/index.php\/wp-json\/wp\/v2\/comments?post=3725"}],"version-history":[{"count":0,"href":"https:\/\/sinicesp.org.br\/index.php\/wp-json\/wp\/v2\/posts\/3725\/revisions"}],"wp:attachment":[{"href":"https:\/\/sinicesp.org.br\/index.php\/wp-json\/wp\/v2\/media?parent=3725"}],"wp:term":[{"taxonomy":"category","embeddable":true,"href":"https:\/\/sinicesp.org.br\/index.php\/wp-json\/wp\/v2\/categories?post=3725"},{"taxonomy":"post_tag","embeddable":true,"href":"https:\/\/sinicesp.org.br\/index.php\/wp-json\/wp\/v2\/tags?post=3725"}],"curies":[{"name":"wp","href":"https:\/\/api.w.org\/{rel}","templated":true}]}}