{"id":3835,"date":"2023-03-14T15:24:29","date_gmt":"2023-03-14T18:24:29","guid":{"rendered":"https:\/\/sinicesp.org.br\/?p=3835"},"modified":"2023-03-14T15:24:32","modified_gmt":"2023-03-14T18:24:32","slug":"estudo-mostra-os-desafios-para-a-inclusao-e-a-promocao-de-pessoas-com-deficiencia-no-mercado-de-trabalho","status":"publish","type":"post","link":"https:\/\/sinicesp.org.br\/index.php\/2023\/03\/14\/estudo-mostra-os-desafios-para-a-inclusao-e-a-promocao-de-pessoas-com-deficiencia-no-mercado-de-trabalho\/","title":{"rendered":"Estudo mostra os desafios para a inclus\u00e3o e a promo\u00e7\u00e3o de pessoas com defici\u00eancia no mercado de trabalho"},"content":{"rendered":"\n<section class=\"wp-block-uagb-section uagb-section__wrap uagb-section__background-color uagb-block-d6836473\"><div class=\"uagb-section__overlay\"><\/div><div class=\"uagb-section__inner-wrap\">\n<div style=\"height:10px\" aria-hidden=\"true\" class=\"wp-block-spacer\"><\/div>\n\n\n\n<div class=\"wp-block-uagb-advanced-heading uagb-block-5963e098\"><h3 class=\"uagb-heading-text\"><br><strong>Inclus\u00e3o profissional n\u00ba 05\/2023 &#8211; 14\/03\/2023 <\/strong><\/h3><div class=\"uagb-separator\"><\/div><\/div>\n\n\n\n<p><\/p>\n<\/div><\/section>\n\n\n\n<section class=\"wp-block-uagb-section uagb-section__wrap uagb-section__background-color uagb-block-a639e7b4\"><div class=\"uagb-section__overlay\"><\/div><div class=\"uagb-section__inner-wrap\">\n<h2 class=\"has-text-color wp-block-heading\" style=\"color:#0767b1\"><strong>Estudo mostra os desafios para a inclus\u00e3o e a promo\u00e7\u00e3o de pessoas com defici\u00eancia no mercado de trabalho<\/strong><\/h2>\n\n\n\n<p>Mais do que inclus\u00e3o, os trabalhadores com defici\u00eancia buscam inser\u00e7\u00e3o em condi\u00e7\u00f5es de trabalho que sejam receptivas aos seus direitos e demandas. Empregar pessoas com defici\u00eancia significa propor que os trabalhos em equipe visem a abra\u00e7ar as diversas capacidades humanas, com o reconhecimento de compet\u00eancias profissionais de pessoas com defici\u00eancia. <br><br>Com esse prop\u00f3sito, a empresa Noz Intelig\u00eancia realizou o estudo\u00a0<strong>Pessoas com Defici\u00eancia e Empregabilidade<\/strong>. A pesquisa contou com o apoio de 19 institui\u00e7\u00f5es. O material apresenta levantamento de dados de mais de 4 mil respondentes, sendo 3,7 mil de pessoas com defici\u00eancia, e\/ou com Transtorno do Espectro do Autismo (TEA). <br><br>Os dados completos da pesquisa ser\u00e3o apresentados e comentados em evento a ser realizado no pr\u00f3ximo dia\u00a0<strong>29 de mar\u00e7o<\/strong>, a partir das<strong>\u00a010h00<\/strong>, na sede do Sindicato da Industria da Constru\u00e7\u00e3o Pesada de S\u00e3o Paulo \u2013 SINICESP, localizada na avenida Rebou\u00e7as, 3443, Pinheiros. <br><br>As inscri\u00e7\u00f5es s\u00e3o limitadas e devem ser feitas pelo telefone (11) 3179-5827 ou pelo e-mail\u00a0<a href=\"mailto:juridico@sinicesp.org.br\">juridico@sinicesp.org.br<\/a> <\/p>\n\n\n\n<div style=\"height:70px\" aria-hidden=\"true\" class=\"wp-block-spacer\"><\/div>\n\n\n\n<div id=\"section-g312051\" class=\"wp-block-gutentor-e6 section-g312051 gutentor-element gutentor-element-image text-align-center-desktop\"><div class=\"gutentor-element-image-box\"><a class=\"gutentor-element-image-link\" href=\"window.print()\"><div class=\"gutentor-image-thumb\"><img decoding=\"async\" class=\"normal-image\" src=\"https:\/\/sinicesp.org.br\/wp-content\/uploads\/2022\/01\/impressora.png\" \/><\/div><\/a><\/div><\/div>\n<\/div><\/section>\n","protected":false},"excerpt":{"rendered":"<p>Mais do que inclus\u00e3o, os trabalhadores com defici\u00eancia buscam inser\u00e7\u00e3o em condi\u00e7\u00f5es de trabalho que sejam receptivas aos seus direitos e demandas.<\/p>\n","protected":false},"author":1,"featured_media":0,"comment_status":"closed","ping_status":"closed","sticky":false,"template":"","format":"standard","meta":{"om_disable_all_campaigns":false,"_uag_custom_page_level_css":"","_monsterinsights_skip_tracking":false,"_monsterinsights_sitenote_active":false,"_monsterinsights_sitenote_note":"","_monsterinsights_sitenote_category":0,"site-sidebar-layout":"default","site-content-layout":"default","ast-site-content-layout":"default","site-content-style":"default","site-sidebar-style":"default","ast-global-header-display":"","ast-banner-title-visibility":"","ast-main-header-display":"","ast-hfb-above-header-display":"","ast-hfb-below-header-display":"","ast-hfb-mobile-header-display":"","site-post-title":"disabled","ast-breadcrumbs-content":"disabled","ast-featured-img":"disabled","footer-sml-layout":"","ast-disable-related-posts":"","theme-transparent-header-meta":"default","adv-header-id-meta":"","stick-header-meta":"","header-above-stick-meta":"","header-main-stick-meta":"","header-below-stick-meta":"","astra-migrate-meta-layouts":"default","ast-page-background-enabled":"default","ast-page-background-meta":{"desktop":{"background-color":"","background-image":"","background-repeat":"repeat","background-position":"center center","background-size":"auto","background-attachment":"scroll","background-type":"","background-media":"","overlay-type":"","overlay-color":"","overlay-opacity":"","overlay-gradient":""},"tablet":{"background-color":"","background-image":"","background-repeat":"repeat","background-position":"center center","background-size":"auto","background-attachment":"scroll","background-type":"","background-media":"","overlay-type":"","overlay-color":"","overlay-opacity":"","overlay-gradient":""},"mobile":{"background-color":"","background-image":"","background-repeat":"repeat","background-position":"center center","background-size":"auto","background-attachment":"scroll","background-type":"","background-media":"","overlay-type":"","overlay-color":"","overlay-opacity":"","overlay-gradient":""}},"ast-content-background-meta":{"desktop":{"background-color":"var(--ast-global-color-5)","background-image":"","background-repeat":"repeat","background-position":"center center","background-size":"auto","background-attachment":"scroll","background-type":"","background-media":"","overlay-type":"","overlay-color":"","overlay-opacity":"","overlay-gradient":""},"tablet":{"background-color":"var(--ast-global-color-5)","background-image":"","background-repeat":"repeat","background-position":"center center","background-size":"auto","background-attachment":"scroll","background-type":"","background-media":"","overlay-type":"","overlay-color":"","overlay-opacity":"","overlay-gradient":""},"mobile":{"background-color":"var(--ast-global-color-5)","background-image":"","background-repeat":"repeat","background-position":"center center","background-size":"auto","background-attachment":"scroll","background-type":"","background-media":"","overlay-type":"","overlay-color":"","overlay-opacity":"","overlay-gradient":""}},"footnotes":""},"categories":[12],"tags":[15],"class_list":["post-3835","post","type-post","status-publish","format-standard","hentry","category-inclusao-profissional","tag-noticia"],"aioseo_notices":[],"gutentor_comment":0,"uagb_featured_image_src":{"full":false,"thumbnail":false,"medium":false,"medium_large":false,"large":false,"1536x1536":false,"2048x2048":false},"uagb_author_info":{"display_name":"Rodrigo","author_link":"https:\/\/sinicesp.org.br\/index.php\/author\/sinicesp\/"},"uagb_comment_info":0,"uagb_excerpt":"Mais do que inclus\u00e3o, os trabalhadores com defici\u00eancia buscam inser\u00e7\u00e3o em condi\u00e7\u00f5es de trabalho que sejam receptivas aos seus direitos e demandas.","_links":{"self":[{"href":"https:\/\/sinicesp.org.br\/index.php\/wp-json\/wp\/v2\/posts\/3835","targetHints":{"allow":["GET"]}}],"collection":[{"href":"https:\/\/sinicesp.org.br\/index.php\/wp-json\/wp\/v2\/posts"}],"about":[{"href":"https:\/\/sinicesp.org.br\/index.php\/wp-json\/wp\/v2\/types\/post"}],"author":[{"embeddable":true,"href":"https:\/\/sinicesp.org.br\/index.php\/wp-json\/wp\/v2\/users\/1"}],"replies":[{"embeddable":true,"href":"https:\/\/sinicesp.org.br\/index.php\/wp-json\/wp\/v2\/comments?post=3835"}],"version-history":[{"count":0,"href":"https:\/\/sinicesp.org.br\/index.php\/wp-json\/wp\/v2\/posts\/3835\/revisions"}],"wp:attachment":[{"href":"https:\/\/sinicesp.org.br\/index.php\/wp-json\/wp\/v2\/media?parent=3835"}],"wp:term":[{"taxonomy":"category","embeddable":true,"href":"https:\/\/sinicesp.org.br\/index.php\/wp-json\/wp\/v2\/categories?post=3835"},{"taxonomy":"post_tag","embeddable":true,"href":"https:\/\/sinicesp.org.br\/index.php\/wp-json\/wp\/v2\/tags?post=3835"}],"curies":[{"name":"wp","href":"https:\/\/api.w.org\/{rel}","templated":true}]}}