{"id":3837,"date":"2023-03-15T10:24:57","date_gmt":"2023-03-15T13:24:57","guid":{"rendered":"https:\/\/sinicesp.org.br\/?p=3837"},"modified":"2023-08-23T12:55:00","modified_gmt":"2023-08-23T15:55:00","slug":"governador-de-sao-paulo-afirma-que-vai-priorizar-captacao-de-investimentos","status":"publish","type":"post","link":"https:\/\/sinicesp.org.br\/index.php\/2023\/03\/15\/governador-de-sao-paulo-afirma-que-vai-priorizar-captacao-de-investimentos\/","title":{"rendered":"Governador de S\u00e3o Paulo afirma que vai priorizar capta\u00e7\u00e3o de investimentos"},"content":{"rendered":"\n<section class=\"wp-block-uagb-section uagb-section__wrap uagb-section__background-undefined alignfull uagb-block-54b5e03e\"><div class=\"uagb-section__overlay\"><\/div><div class=\"uagb-section__inner-wrap\"><\/div><\/section>\n\n\n\n<section class=\"wp-block-uagb-section uagb-section__wrap uagb-section__background-color uagb-block-5216d8cd\"><div class=\"uagb-section__overlay\"><\/div><div class=\"uagb-section__inner-wrap\">\n<div style=\"height:11px\" aria-hidden=\"true\" class=\"wp-block-spacer\"><\/div>\n\n\n\n<div class=\"wp-block-uagb-advanced-heading uagb-block-c3cd728e\"><h3 class=\"uagb-heading-text\"><br><strong>\u00daltimas Not\u00edcias n\u00ba 07\/2023 &#8211; 15\/03\/2023 <\/strong><\/h3><div class=\"uagb-separator\"><\/div><\/div>\n\n\n\n<p><\/p>\n<\/div><\/section>\n\n\n\n<section class=\"wp-block-uagb-section uagb-section__wrap uagb-section__background-color uagb-block-f4ea88d0\"><div class=\"uagb-section__overlay\"><\/div><div class=\"uagb-section__inner-wrap\">\n<h2 class=\"wp-block-heading has-text-align-left has-text-color\" id=\"agencia-infra-publica-informacao-sobre-estudo-realizado-pela-brasinfra-sobre-a-nova-lei-de-licitacoes-e-contratos\" style=\"color:#0767b1\"><strong><strong><strong><strong><strong>Governador de S\u00e3o Paulo afirma que vai priorizar capta\u00e7\u00e3o de investimentos<\/strong><\/strong><\/strong><\/strong><\/strong><\/h2>\n\n\n\n<p> O governador do Estado de S\u00e3o Paulo Tarc\u00edsio de Freitas declarou que ter\u00e1 a parceria p\u00fablico privada como um dos pilares para alavancar novos investimentos, gerar empregos e promover o desenvolvimento social. Como destaque desse modelo de gest\u00e3o, Tarc\u00edsio lembrou da resposta \u00e1gil do executivo paulista para mitigar os danos da trag\u00e9dia do Litoral Norte.<br><br>Respondendo a um questionamento do presidente do SINICESP, Luiz Albert Kamilos, presente ao encontro, o governador disse que vai dar continuidade aos contratos em execu\u00e7\u00e3o e realizar a contrata\u00e7\u00e3o de todas as obras j\u00e1 licitadas, garantindo o investimento p\u00fablico para o setor de infraestrutura.<br><br>Tarc\u00edsio de Freitas refor\u00e7ou alguns pilares que devem ser prioridade para a evolu\u00e7\u00e3o do Estado de S\u00e3o Paulo. Entre eles: o social, econ\u00f4mico e tribut\u00e1rio. No quesito social e humano, foi enf\u00e1tico em seu compromisso em resolver as mazelas atuais, focando em deixar a situa\u00e7\u00e3o melhor para o pr\u00f3ximo governo.<br><br>Outro ponto relevante de sua exposi\u00e7\u00e3o, foi o empenho na quest\u00e3o tribut\u00e1ria de S\u00e3o Paulo, que, segundo o governador, vai al\u00e9m do esfor\u00e7o da reforma que tramita no poder federal. \u201cS\u00e3o Paulo tem que fazer a li\u00e7\u00e3o de casa. Pretendemos trabalhar na simplifica\u00e7\u00e3o do fator tribut\u00e1rio e fazend\u00e1rio\u201d, afirmou.<br><br>O encontro com o governador de S\u00e3o Paulo foi durante almo\u00e7o-debate que reuniu 350 empres\u00e1rios paulistas, em evento promovido pelo Grupo Lide.<\/p>\n\n\n\n<div style=\"height:30px\" aria-hidden=\"true\" class=\"wp-block-spacer\"><\/div>\n\n\n\n<div id=\"section-gfec967\" class=\"wp-block-gutentor-e6 section-gfec967 gutentor-element gutentor-element-image gutentor-enabled-width text-align-center-desktop\"><div class=\"gutentor-element-image-box\"><div class=\"gutentor-image-thumb\"><img decoding=\"async\" class=\"normal-image\" src=\"https:\/\/sinicesp.org.br\/wp-content\/uploads\/2023\/03\/ultimas-2023-07.jpg\" \/><\/div><\/div><\/div>\n\n\n\n<div style=\"height:70px\" aria-hidden=\"true\" class=\"wp-block-spacer\"><\/div>\n\n\n\n<div id=\"section-gb9f45c\" class=\"wp-block-gutentor-e6 section-gb9f45c gutentor-element gutentor-element-image text-align-center-desktop\"><div class=\"gutentor-element-image-box\"><a class=\"gutentor-element-image-link\" href=\"window.print()\"><div class=\"gutentor-image-thumb\"><img decoding=\"async\" class=\"normal-image\" src=\"https:\/\/sinicesp.org.br\/wp-content\/uploads\/2022\/01\/impressora.png\" \/><\/div><\/a><\/div><\/div>\n<\/div><\/section>\n","protected":false},"excerpt":{"rendered":"<p>O governador do Estado de S\u00e3o Paulo Tarc\u00edsio de Freitas declarou que ter\u00e1 a parceria p\u00fablico privada como um dos pilares para alavancar novos investimentos, gerar empregos e promover o desenvolvimento social. <\/p>\n","protected":false},"author":2,"featured_media":3839,"comment_status":"closed","ping_status":"closed","sticky":false,"template":"","format":"standard","meta":{"om_disable_all_campaigns":false,"_uag_custom_page_level_css":"","_monsterinsights_skip_tracking":false,"_monsterinsights_sitenote_active":false,"_monsterinsights_sitenote_note":"","_monsterinsights_sitenote_category":0,"site-sidebar-layout":"default","site-content-layout":"plain-container","ast-site-content-layout":"normal-width-container","site-content-style":"unboxed","site-sidebar-style":"unboxed","ast-global-header-display":"","ast-banner-title-visibility":"","ast-main-header-display":"","ast-hfb-above-header-display":"","ast-hfb-below-header-display":"","ast-hfb-mobile-header-display":"","site-post-title":"disabled","ast-breadcrumbs-content":"","ast-featured-img":"disabled","footer-sml-layout":"","ast-disable-related-posts":"","theme-transparent-header-meta":"default","adv-header-id-meta":"","stick-header-meta":"","header-above-stick-meta":"","header-main-stick-meta":"","header-below-stick-meta":"","astra-migrate-meta-layouts":"set","ast-page-background-enabled":"default","ast-page-background-meta":{"desktop":{"background-color":"","background-image":"","background-repeat":"repeat","background-position":"center center","background-size":"auto","background-attachment":"scroll","background-type":"","background-media":"","overlay-type":"","overlay-color":"","overlay-opacity":"","overlay-gradient":""},"tablet":{"background-color":"","background-image":"","background-repeat":"repeat","background-position":"center center","background-size":"auto","background-attachment":"scroll","background-type":"","background-media":"","overlay-type":"","overlay-color":"","overlay-opacity":"","overlay-gradient":""},"mobile":{"background-color":"","background-image":"","background-repeat":"repeat","background-position":"center center","background-size":"auto","background-attachment":"scroll","background-type":"","background-media":"","overlay-type":"","overlay-color":"","overlay-opacity":"","overlay-gradient":""}},"ast-content-background-meta":{"desktop":{"background-color":"var(--ast-global-color-5)","background-image":"","background-repeat":"repeat","background-position":"center center","background-size":"auto","background-attachment":"scroll","background-type":"","background-media":"","overlay-type":"","overlay-color":"","overlay-opacity":"","overlay-gradient":""},"tablet":{"background-color":"var(--ast-global-color-5)","background-image":"","background-repeat":"repeat","background-position":"center center","background-size":"auto","background-attachment":"scroll","background-type":"","background-media":"","overlay-type":"","overlay-color":"","overlay-opacity":"","overlay-gradient":""},"mobile":{"background-color":"var(--ast-global-color-5)","background-image":"","background-repeat":"repeat","background-position":"center center","background-size":"auto","background-attachment":"scroll","background-type":"","background-media":"","overlay-type":"","overlay-color":"","overlay-opacity":"","overlay-gradient":""}},"footnotes":""},"categories":[6],"tags":[282],"class_list":["post-3837","post","type-post","status-publish","format-standard","has-post-thumbnail","hentry","category-ultimas-noticias","tag-ultimas-noticias-no-07-2023-15-03-2023"],"aioseo_notices":[],"gutentor_comment":0,"uagb_featured_image_src":{"full":["https:\/\/sinicesp.org.br\/wp-content\/uploads\/2023\/03\/ultimas-2023-07-pequena.jpg",250,167,false],"thumbnail":["https:\/\/sinicesp.org.br\/wp-content\/uploads\/2023\/03\/ultimas-2023-07-pequena-150x150.jpg",150,150,true],"medium":["https:\/\/sinicesp.org.br\/wp-content\/uploads\/2023\/03\/ultimas-2023-07-pequena.jpg",250,167,false],"medium_large":["https:\/\/sinicesp.org.br\/wp-content\/uploads\/2023\/03\/ultimas-2023-07-pequena.jpg",250,167,false],"large":["https:\/\/sinicesp.org.br\/wp-content\/uploads\/2023\/03\/ultimas-2023-07-pequena.jpg",250,167,false],"1536x1536":["https:\/\/sinicesp.org.br\/wp-content\/uploads\/2023\/03\/ultimas-2023-07-pequena.jpg",250,167,false],"2048x2048":["https:\/\/sinicesp.org.br\/wp-content\/uploads\/2023\/03\/ultimas-2023-07-pequena.jpg",250,167,false]},"uagb_author_info":{"display_name":"Ana Paula Amancio","author_link":"https:\/\/sinicesp.org.br\/index.php\/author\/paula\/"},"uagb_comment_info":0,"uagb_excerpt":"O governador do Estado de S\u00e3o Paulo Tarc\u00edsio de Freitas declarou que ter\u00e1 a parceria p\u00fablico privada como um dos pilares para alavancar novos investimentos, gerar empregos e promover o desenvolvimento social.","_links":{"self":[{"href":"https:\/\/sinicesp.org.br\/index.php\/wp-json\/wp\/v2\/posts\/3837","targetHints":{"allow":["GET"]}}],"collection":[{"href":"https:\/\/sinicesp.org.br\/index.php\/wp-json\/wp\/v2\/posts"}],"about":[{"href":"https:\/\/sinicesp.org.br\/index.php\/wp-json\/wp\/v2\/types\/post"}],"author":[{"embeddable":true,"href":"https:\/\/sinicesp.org.br\/index.php\/wp-json\/wp\/v2\/users\/2"}],"replies":[{"embeddable":true,"href":"https:\/\/sinicesp.org.br\/index.php\/wp-json\/wp\/v2\/comments?post=3837"}],"version-history":[{"count":0,"href":"https:\/\/sinicesp.org.br\/index.php\/wp-json\/wp\/v2\/posts\/3837\/revisions"}],"wp:featuredmedia":[{"embeddable":true,"href":"https:\/\/sinicesp.org.br\/index.php\/wp-json\/wp\/v2\/media\/3839"}],"wp:attachment":[{"href":"https:\/\/sinicesp.org.br\/index.php\/wp-json\/wp\/v2\/media?parent=3837"}],"wp:term":[{"taxonomy":"category","embeddable":true,"href":"https:\/\/sinicesp.org.br\/index.php\/wp-json\/wp\/v2\/categories?post=3837"},{"taxonomy":"post_tag","embeddable":true,"href":"https:\/\/sinicesp.org.br\/index.php\/wp-json\/wp\/v2\/tags?post=3837"}],"curies":[{"name":"wp","href":"https:\/\/api.w.org\/{rel}","templated":true}]}}