{"id":3848,"date":"2023-03-17T14:44:20","date_gmt":"2023-03-17T17:44:20","guid":{"rendered":"https:\/\/sinicesp.org.br\/?p=3848"},"modified":"2023-03-17T14:44:22","modified_gmt":"2023-03-17T17:44:22","slug":"laudo-permanente-volta-a-ser-pauta-em-projeto-de-lei-para-municipio-de-sao-paulo","status":"publish","type":"post","link":"https:\/\/sinicesp.org.br\/index.php\/2023\/03\/17\/laudo-permanente-volta-a-ser-pauta-em-projeto-de-lei-para-municipio-de-sao-paulo\/","title":{"rendered":"Laudo permanente volta a ser pauta em projeto de Lei para munic\u00edpio de S\u00e3o Paulo"},"content":{"rendered":"\n<section class=\"wp-block-uagb-section uagb-section__wrap uagb-section__background-color uagb-block-bf47cbc1\"><div class=\"uagb-section__overlay\"><\/div><div class=\"uagb-section__inner-wrap\">\n<div style=\"height:10px\" aria-hidden=\"true\" class=\"wp-block-spacer\"><\/div>\n\n\n\n<div class=\"wp-block-uagb-advanced-heading uagb-block-e6ba3cfb\"><h3 class=\"uagb-heading-text\"><br><strong>Inclus\u00e3o profissional n\u00ba 06\/2023 &#8211; 17\/03\/2023 <\/strong><\/h3><div class=\"uagb-separator\"><\/div><\/div>\n\n\n\n<p><\/p>\n<\/div><\/section>\n\n\n\n<section class=\"wp-block-uagb-section uagb-section__wrap uagb-section__background-color uagb-block-9ffe2a6c\"><div class=\"uagb-section__overlay\"><\/div><div class=\"uagb-section__inner-wrap\">\n<h2 class=\"has-text-color wp-block-heading\" style=\"color:#0767b1\"><strong>Laudo permanente volta a ser pauta em projeto de Lei para munic\u00edpio de S\u00e3o Paulo<\/strong><\/h2>\n\n\n\n<p>O prefeito de S\u00e3o Paulo, Ricardo Nunes, pode sancionar um projeto de lei que garante a validade indeterminada dos laudos m\u00e9dicos para pessoas com defici\u00eancia de car\u00e1ter permanente e que precisam acessar determinados servi\u00e7os p\u00fablicos na cidade de S\u00e3o Paulo. Depois de sancionado esse projeto de lei ser\u00e1 regulamentado no munic\u00edpio de S\u00e3o Paulo. <br><br>Um projeto de lei semelhante, voltado especificamente para pessoas com autismo, foi vetado pelo governador Tarc\u00edsio de Freitas h\u00e1 poucas semanas, mas ele voltou atr\u00e1s depois de receber muitas cr\u00edticas e afirmou que ir\u00e1 elaborar um projeto que autorize laudos semelhantes para pessoas com defici\u00eancias e condi\u00e7\u00f5es permanentes. O prefeito Ricardo Nunes negou que seu projeto esteja relacionado ao do governador e explicou que projeto de lei foi enviado para a c\u00e2mara em dezembro de 2022. <br><br>De acordo com o senso de 2010 h\u00e1 810 mil pessoas com defici\u00eancia s\u00f3 na cidade de S\u00e3o Paulo e em sua maioria s\u00e3o pessoas com defici\u00eancia visual. \u00a0Beto Pereira, presidente da Organiza\u00e7\u00e3o Nacional de Cegos do Brasil, afirma que a cidade avan\u00e7a muito com a medida, mas ressaltou que as esferas estadual e federal tamb\u00e9m precisam adotar iniciativas semelhantes e complementa \u201cN\u00e3o \u00e9 de hoje que n\u00f3s, das entidades, das organiza\u00e7\u00f5es n\u00e3o governamentais, dos movimentos representativos \u00a0pleiteamos que n\u00f3s, pessoas com defici\u00eancia, tenhamos um laudo definitivo, sem essa necessidade de renova\u00e7\u00e3o peri\u00f3dica, porque se a defici\u00eancia\u00a0 \u00e9 uma defici\u00eancia irrevers\u00edvel\u00a0 n\u00e3o existe essa necessidade e isso acaba gerando um transtorno, um gasto de tempo, muitas vezes de dinheiro, ir em in\u00fameros setores para que a gente tenha que comprovar algo que j\u00e1 est\u00e1 comprovado como uma defici\u00eancia\u201d. <br><br><strong>Fonte: <\/strong>C\u00e2mara Paulista Para Inclus\u00e3o da Pessoa com Defici\u00eancia<\/p>\n\n\n\n<div style=\"height:70px\" aria-hidden=\"true\" class=\"wp-block-spacer\"><\/div>\n\n\n\n<div id=\"section-g18300f\" class=\"wp-block-gutentor-e6 section-g18300f gutentor-element gutentor-element-image text-align-center-desktop\"><div class=\"gutentor-element-image-box\"><a class=\"gutentor-element-image-link\" href=\"window.print()\"><div class=\"gutentor-image-thumb\"><img decoding=\"async\" class=\"normal-image\" src=\"https:\/\/sinicesp.org.br\/wp-content\/uploads\/2022\/01\/impressora.png\" \/><\/div><\/a><\/div><\/div>\n<\/div><\/section>\n","protected":false},"excerpt":{"rendered":"<p>O prefeito de S\u00e3o Paulo, Ricardo Nunes, pode sancionar um projeto de lei que garante a validade indeterminada dos laudos m\u00e9dicos para pessoas com defici\u00eancia de car\u00e1ter permanente e que precisam acessar determinados servi\u00e7os p\u00fablicos na cidade de S\u00e3o Paulo. <\/p>\n","protected":false},"author":1,"featured_media":0,"comment_status":"closed","ping_status":"closed","sticky":false,"template":"","format":"standard","meta":{"om_disable_all_campaigns":false,"_uag_custom_page_level_css":"","_monsterinsights_skip_tracking":false,"_monsterinsights_sitenote_active":false,"_monsterinsights_sitenote_note":"","_monsterinsights_sitenote_category":0,"site-sidebar-layout":"default","site-content-layout":"default","ast-site-content-layout":"default","site-content-style":"default","site-sidebar-style":"default","ast-global-header-display":"","ast-banner-title-visibility":"","ast-main-header-display":"","ast-hfb-above-header-display":"","ast-hfb-below-header-display":"","ast-hfb-mobile-header-display":"","site-post-title":"disabled","ast-breadcrumbs-content":"disabled","ast-featured-img":"disabled","footer-sml-layout":"","ast-disable-related-posts":"","theme-transparent-header-meta":"default","adv-header-id-meta":"","stick-header-meta":"","header-above-stick-meta":"","header-main-stick-meta":"","header-below-stick-meta":"","astra-migrate-meta-layouts":"default","ast-page-background-enabled":"default","ast-page-background-meta":{"desktop":{"background-color":"","background-image":"","background-repeat":"repeat","background-position":"center center","background-size":"auto","background-attachment":"scroll","background-type":"","background-media":"","overlay-type":"","overlay-color":"","overlay-opacity":"","overlay-gradient":""},"tablet":{"background-color":"","background-image":"","background-repeat":"repeat","background-position":"center center","background-size":"auto","background-attachment":"scroll","background-type":"","background-media":"","overlay-type":"","overlay-color":"","overlay-opacity":"","overlay-gradient":""},"mobile":{"background-color":"","background-image":"","background-repeat":"repeat","background-position":"center center","background-size":"auto","background-attachment":"scroll","background-type":"","background-media":"","overlay-type":"","overlay-color":"","overlay-opacity":"","overlay-gradient":""}},"ast-content-background-meta":{"desktop":{"background-color":"var(--ast-global-color-5)","background-image":"","background-repeat":"repeat","background-position":"center center","background-size":"auto","background-attachment":"scroll","background-type":"","background-media":"","overlay-type":"","overlay-color":"","overlay-opacity":"","overlay-gradient":""},"tablet":{"background-color":"var(--ast-global-color-5)","background-image":"","background-repeat":"repeat","background-position":"center center","background-size":"auto","background-attachment":"scroll","background-type":"","background-media":"","overlay-type":"","overlay-color":"","overlay-opacity":"","overlay-gradient":""},"mobile":{"background-color":"var(--ast-global-color-5)","background-image":"","background-repeat":"repeat","background-position":"center center","background-size":"auto","background-attachment":"scroll","background-type":"","background-media":"","overlay-type":"","overlay-color":"","overlay-opacity":"","overlay-gradient":""}},"footnotes":""},"categories":[12],"tags":[15],"class_list":["post-3848","post","type-post","status-publish","format-standard","hentry","category-inclusao-profissional","tag-noticia"],"aioseo_notices":[],"gutentor_comment":0,"uagb_featured_image_src":{"full":false,"thumbnail":false,"medium":false,"medium_large":false,"large":false,"1536x1536":false,"2048x2048":false},"uagb_author_info":{"display_name":"Rodrigo","author_link":"https:\/\/sinicesp.org.br\/index.php\/author\/sinicesp\/"},"uagb_comment_info":0,"uagb_excerpt":"O prefeito de S\u00e3o Paulo, Ricardo Nunes, pode sancionar um projeto de lei que garante a validade indeterminada dos laudos m\u00e9dicos para pessoas com defici\u00eancia de car\u00e1ter permanente e que precisam acessar determinados servi\u00e7os p\u00fablicos na cidade de S\u00e3o Paulo.","_links":{"self":[{"href":"https:\/\/sinicesp.org.br\/index.php\/wp-json\/wp\/v2\/posts\/3848","targetHints":{"allow":["GET"]}}],"collection":[{"href":"https:\/\/sinicesp.org.br\/index.php\/wp-json\/wp\/v2\/posts"}],"about":[{"href":"https:\/\/sinicesp.org.br\/index.php\/wp-json\/wp\/v2\/types\/post"}],"author":[{"embeddable":true,"href":"https:\/\/sinicesp.org.br\/index.php\/wp-json\/wp\/v2\/users\/1"}],"replies":[{"embeddable":true,"href":"https:\/\/sinicesp.org.br\/index.php\/wp-json\/wp\/v2\/comments?post=3848"}],"version-history":[{"count":0,"href":"https:\/\/sinicesp.org.br\/index.php\/wp-json\/wp\/v2\/posts\/3848\/revisions"}],"wp:attachment":[{"href":"https:\/\/sinicesp.org.br\/index.php\/wp-json\/wp\/v2\/media?parent=3848"}],"wp:term":[{"taxonomy":"category","embeddable":true,"href":"https:\/\/sinicesp.org.br\/index.php\/wp-json\/wp\/v2\/categories?post=3848"},{"taxonomy":"post_tag","embeddable":true,"href":"https:\/\/sinicesp.org.br\/index.php\/wp-json\/wp\/v2\/tags?post=3848"}],"curies":[{"name":"wp","href":"https:\/\/api.w.org\/{rel}","templated":true}]}}