{"id":3950,"date":"2023-03-31T15:18:59","date_gmt":"2023-03-31T18:18:59","guid":{"rendered":"https:\/\/sinicesp.org.br\/?p=3950"},"modified":"2023-03-31T15:19:00","modified_gmt":"2023-03-31T18:19:00","slug":"panorama-esg-empresas-brasileiras-priorizam-mais-o-s-do-que-o-e-e-o-g-diz-pesquisa","status":"publish","type":"post","link":"https:\/\/sinicesp.org.br\/index.php\/2023\/03\/31\/panorama-esg-empresas-brasileiras-priorizam-mais-o-s-do-que-o-e-e-o-g-diz-pesquisa\/","title":{"rendered":"Panorama ESG: empresas brasileiras priorizam mais o &#8216;S&#8217; do que o &#8216;E&#8217; e o &#8216;G&#8217;, diz pesquisa"},"content":{"rendered":"\n<section class=\"wp-block-uagb-section uagb-section__wrap uagb-section__background-undefined alignfull uagb-block-47894810\"><div class=\"uagb-section__overlay\"><\/div><div class=\"uagb-section__inner-wrap\"><\/div><\/section>\n\n\n\n<section class=\"wp-block-uagb-section uagb-section__wrap uagb-section__background-color uagb-block-0fb621e3\"><div class=\"uagb-section__overlay\"><\/div><div class=\"uagb-section__inner-wrap\">\n<div style=\"height:10px\" aria-hidden=\"true\" class=\"wp-block-spacer\"><\/div>\n\n\n\n<div class=\"wp-block-uagb-advanced-heading uagb-block-aa88c82a\"><h3 class=\"uagb-heading-text\"><br><strong>31\/03\/2023 <\/strong><\/h3><div class=\"uagb-separator\"><\/div><\/div>\n\n\n\n<p><\/p>\n<\/div><\/section>\n\n\n\n<section class=\"wp-block-uagb-section uagb-section__wrap uagb-section__background-color uagb-block-ab47ed8e\"><div class=\"uagb-section__overlay\"><\/div><div class=\"uagb-section__inner-wrap\">\n<h2 class=\"wp-block-heading has-text-align-left has-text-color\" id=\"organizacoes-se-aliam-para-divulgar-normas-padronizadas-em-esg-e-sustentabilidade\" style=\"color:#0767b1\"><strong><strong>Panorama ESG: empresas brasileiras priorizam mais o &#8216;S&#8217; do que o &#8216;E&#8217; e o &#8216;G&#8217;, diz pesquisa<\/strong><\/strong><\/h2>\n\n\n\n<div style=\"height:15px\" aria-hidden=\"true\" class=\"wp-block-spacer\"><\/div>\n\n\n\n<p><em><strong>Estudo, que ouviu mais de 40 mil empregadores em 41 pa\u00edses, aponta que cumprir a legisla\u00e7\u00e3o e refletir sobre os valores da organiza\u00e7\u00e3o s\u00e3o os grandes impulsionadores do ESG<\/strong> <\/em><br><br>Uma pesquisa do ManpowerGroup, consultoria global com especializa\u00e7\u00e3o em recursos humanos, afirma que 42% das empresas no Brasil est\u00e3o\u00a0priorizando o pilar social\u00a0(o S de ESG), enquanto no contexto global este n\u00famero diminui para 37%. Depois dele, o pilar do meio ambiente (o E, de\u00a0<em>environmental<\/em>) \u00e9 a segunda prioridade, seguida por governan\u00e7a coorporativa (G, de\u00a0<em>governance<\/em>). No Brasil, os estados que mais priorizam o par\u00e2metro social s\u00e3o, em ordem: Paran\u00e1 (com 51%), seguido por Minas Gerais (45%) e Rio de Janeiro (com 42%). A pesquisa ouviu mais de 40 mil empregadores em 41 pa\u00edses. <br><br>Levando em considera\u00e7\u00e3o os dados da pesquisa, fica evidente que a prioriza\u00e7\u00e3o das a\u00e7\u00f5es socais \u00e9 uma tend\u00eancia no Brasil e no mundo. Por esse motivo, \u00e9 importante que cada empresa entenda qual \u00e9 a melhor iniciativa a ser aplicada para gerar um impacto positivo. Dentre as op\u00e7\u00f5es de pr\u00e1ticas sociais, est\u00e3o: a\u00e7\u00f5es de igualdade de g\u00eanero e de abertura \u00e0 diversidade, cumprimento dos\u00a0Objetivos de Desenvolvimento Sustent\u00e1vel da ONU\u00a0e aten\u00e7\u00e3o \u00e0s quest\u00f5es trabalhistas.\u00a0\u00a0 <br><br>\u201cIncorporar os eixos de ESG na realiza\u00e7\u00e3o e no encadeamento das companhias impulsiona comportamentos alinhados a essa agenda. Demanda que colaboradores sejam encorajados a adotar uma postura respons\u00e1vel e consciente em suas pr\u00f3prias a\u00e7\u00f5es di\u00e1rias, bem como incentiva que toda a cadeia se movimente para alcan\u00e7ar esse patamar de atua\u00e7\u00e3o\u201d, afirma Wilma Dal Col, diretora de gest\u00e3o estrat\u00e9gica de pessoas da ManpowerGroup. <br><br>Os consumidores est\u00e3o atentos \u00e0 forma com que as empresas se posicionam socialmente, valorizando a colabora\u00e7\u00e3o e lembrando que a\u00e7\u00f5es sociais podem ser relevantes financeiramente para a atra\u00e7\u00e3o e reten\u00e7\u00e3o de talentos e valoriza\u00e7\u00e3o da marca, pois, hoje, a gera\u00e7\u00e3o Z est\u00e1 exigindo mais das marcas, ressalta a diretora.\u00a0 <br><br><strong>Motivos para ado\u00e7\u00e3o da agenda ESG <br><\/strong><br>Segundo a pesquisa, os principais motivos pelos quais as empresas adotam um programa ESG s\u00e3o para cumprir com a legisla\u00e7\u00e3o e os regulamentos vigentes (42% no Brasil), seguido dos fatores de reflex\u00e3o dos valores da organiza\u00e7\u00e3o, redu\u00e7\u00e3o de custos &#8211; empatados em 39% &#8211; e, em 33%, est\u00e1 o motivo de ganhar vantagem competitiva.\u00a0 <br><br>Pensando nisso, o estudo afirma que a agenda ESG auxilia os empregadores a refor\u00e7arem a marca da empresa e diminuir custos, criando uma rela\u00e7\u00e3o positiva entre as organiza\u00e7\u00f5es, as pessoas que as comp\u00f5em e o planeta.\u00a0 <br><br><strong>A rela\u00e7\u00e3o entre as contrata\u00e7\u00f5es e as pr\u00e1ticas ESG <br><\/strong><br>Quando o assunto \u00e9 contrata\u00e7\u00e3o de novos colaboradores, a pesquisa aponta que 90% das empresas brasileiras v\u00e3o olhar para o time interno para depois tomar a decis\u00e3o de contratar talentos fora da empresa. Neste mesmo contexto, 63% dos empregadores entendem que precisam treinar e desenvolver talentos existentes nos pilares ESG.\u00a0 <br><br>O primeiro desafio para implementar o ESG nas empresas, de qualquer segmento ou porte, \u00e9 conseguir formar uma equipe multidisciplinar para aplicar o planejamento e transform\u00e1-lo em a\u00e7\u00f5es pr\u00e1ticas. Pensando nisso, s\u00f3 5% dos respondentes afirmaram ter todos os talentos necess\u00e1rios dentro da organiza\u00e7\u00e3o.\u00a0 <br><br>\u201cA partir da pesquisa, entendemos que as empresas est\u00e3o construindo suas\u00a0estrat\u00e9gias considerando seus potenciais internos em primeiro lugar. Esse dado \u00e9 relevante para destacar a import\u00e2ncia de desenvolver talentos e apostar em boas pr\u00e1ticas internas\u201d, conclui Wilma. <br><br><strong>Fernanda Bastos<\/strong> &#8211; Rep\u00f3rter de ESG<br>Graduada em Jornalismo pela Universidade Presbiteriana Mackenzie, entrou na EXAME como trainee do programa Imers\u00e3o EXAME em 2022 e hoje atua como Rep\u00f3rter de ESG. Atuou tamb\u00e9m nas \u00e1reas de assessoria de imprensa e social media.. <br><br><strong>Fonte<\/strong>: <a href=\"https:\/\/exame.com\/esg\/panorama-esg-empresas-brasileiras-priorizam-mais-o-s-do-que-o-e-e-o-g-diz-pesquisa\/\" target=\"_blank\" rel=\"noopener\" title=\"\">exame.com<\/a><\/p>\n\n\n\n<div style=\"height:40px\" aria-hidden=\"true\" class=\"wp-block-spacer\"><\/div>\n\n\n\n<div id=\"section-gb13335\" class=\"wp-block-gutentor-e6 section-gb13335 gutentor-element gutentor-element-image text-align-center-desktop\"><div class=\"gutentor-element-image-box\"><a class=\"gutentor-element-image-link\" href=\"window.print()\"><div class=\"gutentor-image-thumb\"><img decoding=\"async\" class=\"normal-image\" src=\"https:\/\/sinicesp.org.br\/wp-content\/uploads\/2022\/01\/impressora.png\" \/><\/div><\/a><\/div><\/div>\n<\/div><\/section>\n","protected":false},"excerpt":{"rendered":"<p>Estudo, que ouviu mais de 40 mil empregadores em 41 pa\u00edses, aponta que cumprir a legisla\u00e7\u00e3o e refletir sobre os valores da organiza\u00e7\u00e3o s\u00e3o os grandes impulsionadores do ESG.<\/p>\n","protected":false},"author":1,"featured_media":0,"comment_status":"closed","ping_status":"closed","sticky":false,"template":"","format":"standard","meta":{"om_disable_all_campaigns":false,"_uag_custom_page_level_css":"","_monsterinsights_skip_tracking":false,"_monsterinsights_sitenote_active":false,"_monsterinsights_sitenote_note":"","_monsterinsights_sitenote_category":0,"site-sidebar-layout":"default","site-content-layout":"plain-container","ast-site-content-layout":"default","site-content-style":"default","site-sidebar-style":"default","ast-global-header-display":"","ast-banner-title-visibility":"","ast-main-header-display":"","ast-hfb-above-header-display":"","ast-hfb-below-header-display":"","ast-hfb-mobile-header-display":"","site-post-title":"disabled","ast-breadcrumbs-content":"","ast-featured-img":"disabled","footer-sml-layout":"","ast-disable-related-posts":"","theme-transparent-header-meta":"default","adv-header-id-meta":"","stick-header-meta":"","header-above-stick-meta":"","header-main-stick-meta":"","header-below-stick-meta":"","astra-migrate-meta-layouts":"default","ast-page-background-enabled":"default","ast-page-background-meta":{"desktop":{"background-color":"","background-image":"","background-repeat":"repeat","background-position":"center center","background-size":"auto","background-attachment":"scroll","background-type":"","background-media":"","overlay-type":"","overlay-color":"","overlay-opacity":"","overlay-gradient":""},"tablet":{"background-color":"","background-image":"","background-repeat":"repeat","background-position":"center center","background-size":"auto","background-attachment":"scroll","background-type":"","background-media":"","overlay-type":"","overlay-color":"","overlay-opacity":"","overlay-gradient":""},"mobile":{"background-color":"","background-image":"","background-repeat":"repeat","background-position":"center center","background-size":"auto","background-attachment":"scroll","background-type":"","background-media":"","overlay-type":"","overlay-color":"","overlay-opacity":"","overlay-gradient":""}},"ast-content-background-meta":{"desktop":{"background-color":"var(--ast-global-color-5)","background-image":"","background-repeat":"repeat","background-position":"center center","background-size":"auto","background-attachment":"scroll","background-type":"","background-media":"","overlay-type":"","overlay-color":"","overlay-opacity":"","overlay-gradient":""},"tablet":{"background-color":"var(--ast-global-color-5)","background-image":"","background-repeat":"repeat","background-position":"center center","background-size":"auto","background-attachment":"scroll","background-type":"","background-media":"","overlay-type":"","overlay-color":"","overlay-opacity":"","overlay-gradient":""},"mobile":{"background-color":"var(--ast-global-color-5)","background-image":"","background-repeat":"repeat","background-position":"center center","background-size":"auto","background-attachment":"scroll","background-type":"","background-media":"","overlay-type":"","overlay-color":"","overlay-opacity":"","overlay-gradient":""}},"footnotes":""},"categories":[132],"tags":[15],"class_list":["post-3950","post","type-post","status-publish","format-standard","hentry","category-responsabilidade-social","tag-noticia"],"aioseo_notices":[],"gutentor_comment":0,"uagb_featured_image_src":{"full":false,"thumbnail":false,"medium":false,"medium_large":false,"large":false,"1536x1536":false,"2048x2048":false},"uagb_author_info":{"display_name":"Rodrigo","author_link":"https:\/\/sinicesp.org.br\/index.php\/author\/sinicesp\/"},"uagb_comment_info":0,"uagb_excerpt":"Estudo, que ouviu mais de 40 mil empregadores em 41 pa\u00edses, aponta que cumprir a legisla\u00e7\u00e3o e refletir sobre os valores da organiza\u00e7\u00e3o s\u00e3o os grandes impulsionadores do ESG.","_links":{"self":[{"href":"https:\/\/sinicesp.org.br\/index.php\/wp-json\/wp\/v2\/posts\/3950","targetHints":{"allow":["GET"]}}],"collection":[{"href":"https:\/\/sinicesp.org.br\/index.php\/wp-json\/wp\/v2\/posts"}],"about":[{"href":"https:\/\/sinicesp.org.br\/index.php\/wp-json\/wp\/v2\/types\/post"}],"author":[{"embeddable":true,"href":"https:\/\/sinicesp.org.br\/index.php\/wp-json\/wp\/v2\/users\/1"}],"replies":[{"embeddable":true,"href":"https:\/\/sinicesp.org.br\/index.php\/wp-json\/wp\/v2\/comments?post=3950"}],"version-history":[{"count":0,"href":"https:\/\/sinicesp.org.br\/index.php\/wp-json\/wp\/v2\/posts\/3950\/revisions"}],"wp:attachment":[{"href":"https:\/\/sinicesp.org.br\/index.php\/wp-json\/wp\/v2\/media?parent=3950"}],"wp:term":[{"taxonomy":"category","embeddable":true,"href":"https:\/\/sinicesp.org.br\/index.php\/wp-json\/wp\/v2\/categories?post=3950"},{"taxonomy":"post_tag","embeddable":true,"href":"https:\/\/sinicesp.org.br\/index.php\/wp-json\/wp\/v2\/tags?post=3950"}],"curies":[{"name":"wp","href":"https:\/\/api.w.org\/{rel}","templated":true}]}}