{"id":3957,"date":"2023-04-04T15:31:36","date_gmt":"2023-04-04T18:31:36","guid":{"rendered":"https:\/\/sinicesp.org.br\/?p=3957"},"modified":"2023-04-04T15:31:38","modified_gmt":"2023-04-04T18:31:38","slug":"pessoas-com-deficiencia-e-empregabilidade","status":"publish","type":"post","link":"https:\/\/sinicesp.org.br\/index.php\/2023\/04\/04\/pessoas-com-deficiencia-e-empregabilidade\/","title":{"rendered":"Pessoas com defici\u00eancia e empregabilidade"},"content":{"rendered":"\n<section class=\"wp-block-uagb-section uagb-section__wrap uagb-section__background-color uagb-block-78298b64\"><div class=\"uagb-section__overlay\"><\/div><div class=\"uagb-section__inner-wrap\">\n<div style=\"height:10px\" aria-hidden=\"true\" class=\"wp-block-spacer\"><\/div>\n\n\n\n<div class=\"wp-block-uagb-advanced-heading uagb-block-c669c5b8\"><h3 class=\"uagb-heading-text\"><br><strong>Sinimail n\u00ba 12\/2023 &#8211; 04\/04\/2023 <\/strong><\/h3><div class=\"uagb-separator\"><\/div><\/div>\n\n\n\n<p><\/p>\n<\/div><\/section>\n\n\n\n<section class=\"wp-block-uagb-section uagb-section__wrap uagb-section__background-color uagb-block-33b06b10\"><div class=\"uagb-section__overlay\"><\/div><div class=\"uagb-section__inner-wrap\">\n<h2 class=\"wp-block-heading has-text-color\" id=\"stf-custas-poderao-ser-recolhidas-por-pix-ou-cartao-a-partir-de-abril\" style=\"color:#0767b1\"><strong><strong><strong><strong><strong><strong>Pessoas com defici\u00eancia e empregabilidade<\/strong><\/strong><\/strong><\/strong><\/strong><\/strong><\/h2>\n\n\n\n<div style=\"height:15px\" aria-hidden=\"true\" class=\"wp-block-spacer\"><\/div>\n\n\n\n<p>Ao longo de 2022, a NOZ Intelig\u00eancia, em parceria com outras institui\u00e7\u00f5es, entre elas, o SINICESP, elaborou o estudo \u201cPessoas com defici\u00eancia e empregabilidade\u201d, que teve como objetivo avaliar e analisar o reconhecimento de profissionais com defici\u00eancia no mercado de trabalho. O material conta com o levantamento de dados de mais de 4 mil respondentes, sendo 3.730 com defici\u00eancia. <br><br>O SINICESP realizou, no dia 29 de mar\u00e7o, encontro em sua sede, para a apresenta\u00e7\u00e3o dos dados e discuss\u00e3o dos resultados apontados. Segundo a advogada do SINICESP, Caroline Melloni M. do Nascimento Cliber, o evento foi importante por permitir que as empresas do setor tenham acesso a dados atualizados e segmentados que podem auxiliar na inclus\u00e3o no setor da constru\u00e7\u00e3o pesada. Al\u00e9m disso, na oportunidade, os participantes puderam falar sobre boas pr\u00e1ticas que v\u00eam desempenhando, dificuldades do dia a dia e poss\u00edveis solu\u00e7\u00f5es. <br><br>Do grupo de pessoas entrevistadas, 55% t\u00eam defici\u00eancia f\u00edsica ou mobilidade reduzida; 21%, defici\u00eancia visual; 21%, auditiva; 2%, intelectual ou mental; 1%, psicossocial e 3%, Transtorno do Espectro Autista (TEA). Sobre a \u00e1rea de forma\u00e7\u00e3o, 36% dos entrevistados afirmaram atuar na \u00e1rea e terem cargo compat\u00edvel com sua especializa\u00e7\u00e3o. <br><br>O estudo mostrou que 51,7% possuem v\u00ednculo empregat\u00edcio com carteira assinada e mais 8,1% est\u00e3o ocupadas, seja por meio de est\u00e1gio, contratos PJ ou como servidores p\u00fablicos. <br><br>Do total de entrevistados, 31,3% est\u00e3o desempregados e \u00e0 procura de uma ocupa\u00e7\u00e3o profissional. Nesse grupo, 10% nunca atuaram profissionalmente sendo que 61% afirmaram faltar vagas e oportunidades, 59% estavam estudando e \u00e0 procura do primeiro emprego e 38% relataram preconceito. <br><br>Para a economista Juliana Vanin, fundadora da Noz Intelig\u00eancia e coordenadora da pesquisa, os dados apontam para um cen\u00e1rio fortemente capacitista no mundo do trabalho. \u201cNo nosso estudo, trouxemos um recorte de pessoas bastante escolarizadas. Isso eliminou a ideia de que (o problema) seria apenas a falta de escolaridade das PCDs\u201d, diz. <br><br>Ainda segundo a pesquisa, 74% das mulheres cisg\u00eaneros com defici\u00eancias afirmaram que sofrem ou j\u00e1 sofreram preconceito devido \u00e0 sua&nbsp; defici\u00eancia, entre os homens cis, o percentual caiu para 65%. <br><br>Na an\u00e1lise dos dados de cargos, \u00e9 poss\u00edvel retomar as quest\u00f5es das desigualdades sociais relacionadas \u00e0 educa\u00e7\u00e3o e como o&nbsp; acesso \u00e9 desigual entre brancos e negros. O percentual com ensino superior em cargos de lideran\u00e7a (m\u00e9dia e alta) \u00e9 de 18%, tr\u00eas vezes maior do que entre pessoas sem ensino superior (6%). <br><br>Entre as pessoas autodeclaradas brancas com defici\u00eancia, 15% afirmaram ocupar cargos de lideran\u00e7a; j\u00e1 entre os negros, o percentual caiu para 10%. <br><br>Outro dado relevante \u00e9 a quantidade de respondentes que declararam casos de ass\u00e9dio moral. As vari\u00e1veis como grau de defici\u00eancia, g\u00eanero,&nbsp; orienta\u00e7\u00e3o sexual e escolaridade parecem fazer alguma diferen\u00e7a. <br><br>O percentual que afirma sofrer ou ter sofrido ass\u00e9dio moral \u00e9 de 55% entre as mulheres cis e 48% entre os homens cis, 49% entre pessoas com defici\u00eancia&nbsp; leve e 53% entre as pessoas com defici\u00eancia moderada e severa.&nbsp; Em&nbsp; todos os perfis analisados, o percentual flutua em torno da&nbsp; taxa de&nbsp; 50%. <br><br>Segundo a NOZ Intelig\u00eancia, pode-se concluir que o ass\u00e9dio moral est\u00e1 presente para metade das pessoas com defici\u00eancia no mercado de trabalho, independentemente de&nbsp; outros fatores que possam agravar a situa\u00e7\u00e3o. <br><br>Para acessar os resultados da pesquisa, <a href=\"https:\/\/www.nozinteligencia.com.br\/pcd\" target=\"_blank\" rel=\"noopener\" title=\"\"><strong>clique aqui<\/strong><\/a>.<\/p>\n\n\n\n<div style=\"height:70px\" aria-hidden=\"true\" class=\"wp-block-spacer\"><\/div>\n\n\n\n<div id=\"section-gc0453b\" class=\"wp-block-gutentor-e6 section-gc0453b gutentor-element gutentor-element-image text-align-center-desktop\"><div class=\"gutentor-element-image-box\"><a class=\"gutentor-element-image-link\" href=\"window.print()\"><div class=\"gutentor-image-thumb\"><img decoding=\"async\" class=\"normal-image\" src=\"https:\/\/sinicesp.org.br\/wp-content\/uploads\/2022\/01\/impressora.png\" \/><\/div><\/a><\/div><\/div>\n<\/div><\/section>\n","protected":false},"excerpt":{"rendered":"<p>Ao longo de 2022, a NOZ Intelig\u00eancia, em parceria com outras institui\u00e7\u00f5es, entre elas, o SINICESP, elaborou o estudo \u201cPessoas com defici\u00eancia e empregabilidade\u201d, que teve como objetivo avaliar e analisar o reconhecimento de profissionais com defici\u00eancia no mercado de trabalho. O material conta com o levantamento de dados de mais de 4 mil respondentes, sendo 3.730 com defici\u00eancia.<\/p>\n","protected":false},"author":1,"featured_media":3958,"comment_status":"closed","ping_status":"closed","sticky":false,"template":"","format":"standard","meta":{"om_disable_all_campaigns":false,"_uag_custom_page_level_css":"","_monsterinsights_skip_tracking":false,"_monsterinsights_sitenote_active":false,"_monsterinsights_sitenote_note":"","_monsterinsights_sitenote_category":0,"site-sidebar-layout":"default","site-content-layout":"default","ast-site-content-layout":"default","site-content-style":"default","site-sidebar-style":"default","ast-global-header-display":"","ast-banner-title-visibility":"","ast-main-header-display":"","ast-hfb-above-header-display":"","ast-hfb-below-header-display":"","ast-hfb-mobile-header-display":"","site-post-title":"disabled","ast-breadcrumbs-content":"disabled","ast-featured-img":"disabled","footer-sml-layout":"","ast-disable-related-posts":"","theme-transparent-header-meta":"default","adv-header-id-meta":"","stick-header-meta":"","header-above-stick-meta":"","header-main-stick-meta":"","header-below-stick-meta":"","astra-migrate-meta-layouts":"default","ast-page-background-enabled":"default","ast-page-background-meta":{"desktop":{"background-color":"","background-image":"","background-repeat":"repeat","background-position":"center center","background-size":"auto","background-attachment":"scroll","background-type":"","background-media":"","overlay-type":"","overlay-color":"","overlay-opacity":"","overlay-gradient":""},"tablet":{"background-color":"","background-image":"","background-repeat":"repeat","background-position":"center center","background-size":"auto","background-attachment":"scroll","background-type":"","background-media":"","overlay-type":"","overlay-color":"","overlay-opacity":"","overlay-gradient":""},"mobile":{"background-color":"","background-image":"","background-repeat":"repeat","background-position":"center center","background-size":"auto","background-attachment":"scroll","background-type":"","background-media":"","overlay-type":"","overlay-color":"","overlay-opacity":"","overlay-gradient":""}},"ast-content-background-meta":{"desktop":{"background-color":"var(--ast-global-color-5)","background-image":"","background-repeat":"repeat","background-position":"center center","background-size":"auto","background-attachment":"scroll","background-type":"","background-media":"","overlay-type":"","overlay-color":"","overlay-opacity":"","overlay-gradient":""},"tablet":{"background-color":"var(--ast-global-color-5)","background-image":"","background-repeat":"repeat","background-position":"center center","background-size":"auto","background-attachment":"scroll","background-type":"","background-media":"","overlay-type":"","overlay-color":"","overlay-opacity":"","overlay-gradient":""},"mobile":{"background-color":"var(--ast-global-color-5)","background-image":"","background-repeat":"repeat","background-position":"center center","background-size":"auto","background-attachment":"scroll","background-type":"","background-media":"","overlay-type":"","overlay-color":"","overlay-opacity":"","overlay-gradient":""}},"footnotes":""},"categories":[3],"tags":[286],"class_list":["post-3957","post","type-post","status-publish","format-standard","has-post-thumbnail","hentry","category-sinimail","tag-sinimail-no-12-2023-04-04-2023"],"aioseo_notices":[],"gutentor_comment":0,"uagb_featured_image_src":{"full":["https:\/\/sinicesp.org.br\/wp-content\/uploads\/2023\/04\/sinimail-2023-12-pequena.jpg",250,167,false],"thumbnail":["https:\/\/sinicesp.org.br\/wp-content\/uploads\/2023\/04\/sinimail-2023-12-pequena-150x150.jpg",150,150,true],"medium":["https:\/\/sinicesp.org.br\/wp-content\/uploads\/2023\/04\/sinimail-2023-12-pequena.jpg",250,167,false],"medium_large":["https:\/\/sinicesp.org.br\/wp-content\/uploads\/2023\/04\/sinimail-2023-12-pequena.jpg",250,167,false],"large":["https:\/\/sinicesp.org.br\/wp-content\/uploads\/2023\/04\/sinimail-2023-12-pequena.jpg",250,167,false],"1536x1536":["https:\/\/sinicesp.org.br\/wp-content\/uploads\/2023\/04\/sinimail-2023-12-pequena.jpg",250,167,false],"2048x2048":["https:\/\/sinicesp.org.br\/wp-content\/uploads\/2023\/04\/sinimail-2023-12-pequena.jpg",250,167,false]},"uagb_author_info":{"display_name":"Rodrigo","author_link":"https:\/\/sinicesp.org.br\/index.php\/author\/sinicesp\/"},"uagb_comment_info":0,"uagb_excerpt":"Ao longo de 2022, a NOZ Intelig\u00eancia, em parceria com outras institui\u00e7\u00f5es, entre elas, o SINICESP, elaborou o estudo \u201cPessoas com defici\u00eancia e empregabilidade\u201d, que teve como objetivo avaliar e analisar o reconhecimento de profissionais com defici\u00eancia no mercado de trabalho. O material conta com o levantamento de dados de mais de 4 mil respondentes,&hellip;","_links":{"self":[{"href":"https:\/\/sinicesp.org.br\/index.php\/wp-json\/wp\/v2\/posts\/3957","targetHints":{"allow":["GET"]}}],"collection":[{"href":"https:\/\/sinicesp.org.br\/index.php\/wp-json\/wp\/v2\/posts"}],"about":[{"href":"https:\/\/sinicesp.org.br\/index.php\/wp-json\/wp\/v2\/types\/post"}],"author":[{"embeddable":true,"href":"https:\/\/sinicesp.org.br\/index.php\/wp-json\/wp\/v2\/users\/1"}],"replies":[{"embeddable":true,"href":"https:\/\/sinicesp.org.br\/index.php\/wp-json\/wp\/v2\/comments?post=3957"}],"version-history":[{"count":0,"href":"https:\/\/sinicesp.org.br\/index.php\/wp-json\/wp\/v2\/posts\/3957\/revisions"}],"wp:featuredmedia":[{"embeddable":true,"href":"https:\/\/sinicesp.org.br\/index.php\/wp-json\/wp\/v2\/media\/3958"}],"wp:attachment":[{"href":"https:\/\/sinicesp.org.br\/index.php\/wp-json\/wp\/v2\/media?parent=3957"}],"wp:term":[{"taxonomy":"category","embeddable":true,"href":"https:\/\/sinicesp.org.br\/index.php\/wp-json\/wp\/v2\/categories?post=3957"},{"taxonomy":"post_tag","embeddable":true,"href":"https:\/\/sinicesp.org.br\/index.php\/wp-json\/wp\/v2\/tags?post=3957"}],"curies":[{"name":"wp","href":"https:\/\/api.w.org\/{rel}","templated":true}]}}