{"id":4342,"date":"2023-07-12T08:44:41","date_gmt":"2023-07-12T11:44:41","guid":{"rendered":"https:\/\/sinicesp.org.br\/?p=4342"},"modified":"2023-07-12T08:44:43","modified_gmt":"2023-07-12T11:44:43","slug":"32o-aniversario-da-lei-de-cotas","status":"publish","type":"post","link":"https:\/\/sinicesp.org.br\/index.php\/2023\/07\/12\/32o-aniversario-da-lei-de-cotas\/","title":{"rendered":"32\u00ba Anivers\u00e1rio da Lei de Cotas"},"content":{"rendered":"\n<section class=\"wp-block-uagb-section uagb-section__wrap uagb-section__background-color uagb-block-0055d0bd\"><div class=\"uagb-section__overlay\"><\/div><div class=\"uagb-section__inner-wrap\">\n<div style=\"height:10px\" aria-hidden=\"true\" class=\"wp-block-spacer\"><\/div>\n\n\n\n<div class=\"wp-block-uagb-advanced-heading uagb-block-b2f86ec2\"><h3 class=\"uagb-heading-text\"><br><strong>Inclus\u00e3o profissional n\u00ba 14\/2023 &#8211; 12\/07\/2023 <\/strong><\/h3><div class=\"uagb-separator\"><\/div><\/div>\n\n\n\n<p><\/p>\n<\/div><\/section>\n\n\n\n<section class=\"wp-block-uagb-section uagb-section__wrap uagb-section__background-color uagb-block-df47e330\"><div class=\"uagb-section__overlay\"><\/div><div class=\"uagb-section__inner-wrap\">\n<h2 class=\"wp-block-heading has-text-color\" style=\"color:#0767b1\"><strong>32\u00ba Anivers\u00e1rio da Lei de Cotas<\/strong><\/h2>\n\n\n\n<div style=\"height:30px\" aria-hidden=\"true\" class=\"wp-block-spacer\"><\/div>\n\n\n\n<p>Est\u00e1 chegando a hora! <br><br>Vamos juntos celebrar o 32\u00ba Anivers\u00e1rio da Lei de Cotas (Lei 8.213\/1991), que acontecer\u00e1 nos dias 24 e 25 de julho. <br><br>Inscreva-se agora mesmo e garanta sua vaga! <br><br>Acesse: <a href=\"https:\/\/forms.gle\/J8dN55EUDAm5qsz5A\" target=\"_blank\" rel=\"noopener\" title=\"\">https:\/\/forms.gle\/J8dN55EUDAm5qsz5A<\/a> <br><br>Confira tamb\u00e9m a programa\u00e7\u00e3o: <a href=\"https:\/\/leidecotas.camarainclusao.com.br\" target=\"_blank\" rel=\"noopener\" title=\"\">https:\/\/leidecotas.camarainclusao.com.br<\/a> <br><br>Contamos com a sua presen\u00e7a!<\/p>\n\n\n\n<div class=\"wp-block-uagb-image uagb-block-3b89db31 wp-block-uagb-image--layout-default wp-block-uagb-image--effect-static wp-block-uagb-image--align-none\"><figure class=\"wp-block-uagb-image__figure\"><img decoding=\"async\" srcset=\"https:\/\/sinicesp.org.br\/wp-content\/uploads\/2023\/07\/32-aniversario-lei-cotas-1024x1024.jpeg \" sizes=\"auto, (max-width: 480px) 150px\" src=\"https:\/\/sinicesp.org.br\/wp-content\/uploads\/2023\/07\/32-aniversario-lei-cotas-1024x1024.jpeg\" alt=\"Imagem descri\u00e7\u00e3o: Arte quadrada com fundo cinza abstrato. No topo, o logotipo do 32\u00ba Anivers\u00e1rio da Lei de Cotas. Abaixo, os dizeres: \u201cComemora\u00e7\u00e3o Especial - 32\u00ba Anivers\u00e1rio da Lei de Cotas \u2013 24 de julho - Pra\u00e7a das Artes, das 9h30 \u00e0s 13h - 25 de julho - SESC 24 de Maio, das 14h \u00e0s 17h \u2013 Venha Celebrar! Vagas limitadas. Inscreva-se \u2013 Link na legenda.!\u201d. No rodap\u00e9 o logotipo da C\u00e2mara Paulista para Inclus\u00e3o da Pessoa com Defici\u00eancia.\" class=\"uag-image-4343\" width=\"1024\" height=\"1024\" title=\"\" loading=\"lazy\"\/><\/figure><\/div>\n\n\n\n<p>Imagem descri\u00e7\u00e3o: Arte quadrada com fundo cinza abstrato. No topo, o logotipo do 32\u00ba Anivers\u00e1rio da Lei de Cotas. Abaixo, os dizeres: \u201cComemora\u00e7\u00e3o Especial &#8211; 32\u00ba Anivers\u00e1rio da Lei de Cotas \u2013 24 de julho &#8211; Pra\u00e7a das Artes, das 9h30 \u00e0s 13h &#8211; 25 de julho &#8211; SESC 24 de Maio, das 14h \u00e0s 17h \u2013 Venha Celebrar! Vagas limitadas. Inscreva-se \u2013 Link na legenda.!\u201d. No rodap\u00e9 o logotipo da C\u00e2mara Paulista para Inclus\u00e3o da Pessoa com Defici\u00eancia.<\/p>\n\n\n\n<div style=\"height:70px\" aria-hidden=\"true\" class=\"wp-block-spacer\"><\/div>\n\n\n\n<div id=\"section-g42cb54\" class=\"wp-block-gutentor-e6 section-g42cb54 gutentor-element gutentor-element-image text-align-center-desktop\"><div class=\"gutentor-element-image-box\"><a class=\"gutentor-element-image-link\" href=\"window.print()\"><div class=\"gutentor-image-thumb\"><img decoding=\"async\" class=\"normal-image\" src=\"https:\/\/sinicesp.org.br\/wp-content\/uploads\/2022\/01\/impressora.png\" \/><\/div><\/a><\/div><\/div>\n<\/div><\/section>\n","protected":false},"excerpt":{"rendered":"<p>O levantamento revelou que as pessoas com defici\u00eancia (PCDs) ainda sofrem com uma s\u00e9rie de barreiras para ter acesso aos estudos e mercado de trabalho, e quando conseguem ser ocupadas, recebem uma remunera\u00e7\u00e3o menor do que as pessoas sem defici\u00eancia.<\/p>\n","protected":false},"author":1,"featured_media":4344,"comment_status":"closed","ping_status":"closed","sticky":false,"template":"","format":"standard","meta":{"om_disable_all_campaigns":false,"_uag_custom_page_level_css":"","_monsterinsights_skip_tracking":false,"_monsterinsights_sitenote_active":false,"_monsterinsights_sitenote_note":"","_monsterinsights_sitenote_category":0,"site-sidebar-layout":"default","site-content-layout":"default","ast-site-content-layout":"default","site-content-style":"default","site-sidebar-style":"default","ast-global-header-display":"","ast-banner-title-visibility":"","ast-main-header-display":"","ast-hfb-above-header-display":"","ast-hfb-below-header-display":"","ast-hfb-mobile-header-display":"","site-post-title":"disabled","ast-breadcrumbs-content":"disabled","ast-featured-img":"disabled","footer-sml-layout":"","ast-disable-related-posts":"","theme-transparent-header-meta":"default","adv-header-id-meta":"","stick-header-meta":"","header-above-stick-meta":"","header-main-stick-meta":"","header-below-stick-meta":"","astra-migrate-meta-layouts":"default","ast-page-background-enabled":"default","ast-page-background-meta":{"desktop":{"background-color":"","background-image":"","background-repeat":"repeat","background-position":"center center","background-size":"auto","background-attachment":"scroll","background-type":"","background-media":"","overlay-type":"","overlay-color":"","overlay-opacity":"","overlay-gradient":""},"tablet":{"background-color":"","background-image":"","background-repeat":"repeat","background-position":"center center","background-size":"auto","background-attachment":"scroll","background-type":"","background-media":"","overlay-type":"","overlay-color":"","overlay-opacity":"","overlay-gradient":""},"mobile":{"background-color":"","background-image":"","background-repeat":"repeat","background-position":"center center","background-size":"auto","background-attachment":"scroll","background-type":"","background-media":"","overlay-type":"","overlay-color":"","overlay-opacity":"","overlay-gradient":""}},"ast-content-background-meta":{"desktop":{"background-color":"var(--ast-global-color-5)","background-image":"","background-repeat":"repeat","background-position":"center center","background-size":"auto","background-attachment":"scroll","background-type":"","background-media":"","overlay-type":"","overlay-color":"","overlay-opacity":"","overlay-gradient":""},"tablet":{"background-color":"var(--ast-global-color-5)","background-image":"","background-repeat":"repeat","background-position":"center center","background-size":"auto","background-attachment":"scroll","background-type":"","background-media":"","overlay-type":"","overlay-color":"","overlay-opacity":"","overlay-gradient":""},"mobile":{"background-color":"var(--ast-global-color-5)","background-image":"","background-repeat":"repeat","background-position":"center center","background-size":"auto","background-attachment":"scroll","background-type":"","background-media":"","overlay-type":"","overlay-color":"","overlay-opacity":"","overlay-gradient":""}},"footnotes":""},"categories":[12],"tags":[315],"class_list":["post-4342","post","type-post","status-publish","format-standard","has-post-thumbnail","hentry","category-inclusao-profissional","tag-evento"],"aioseo_notices":[],"gutentor_comment":0,"uagb_featured_image_src":{"full":["https:\/\/sinicesp.org.br\/wp-content\/uploads\/2023\/07\/inclusao-2023-14-pequena.jpg",250,167,false],"thumbnail":["https:\/\/sinicesp.org.br\/wp-content\/uploads\/2023\/07\/inclusao-2023-14-pequena-150x150.jpg",150,150,true],"medium":["https:\/\/sinicesp.org.br\/wp-content\/uploads\/2023\/07\/inclusao-2023-14-pequena.jpg",250,167,false],"medium_large":["https:\/\/sinicesp.org.br\/wp-content\/uploads\/2023\/07\/inclusao-2023-14-pequena.jpg",250,167,false],"large":["https:\/\/sinicesp.org.br\/wp-content\/uploads\/2023\/07\/inclusao-2023-14-pequena.jpg",250,167,false],"1536x1536":["https:\/\/sinicesp.org.br\/wp-content\/uploads\/2023\/07\/inclusao-2023-14-pequena.jpg",250,167,false],"2048x2048":["https:\/\/sinicesp.org.br\/wp-content\/uploads\/2023\/07\/inclusao-2023-14-pequena.jpg",250,167,false]},"uagb_author_info":{"display_name":"Rodrigo","author_link":"https:\/\/sinicesp.org.br\/index.php\/author\/sinicesp\/"},"uagb_comment_info":0,"uagb_excerpt":"O levantamento revelou que as pessoas com defici\u00eancia (PCDs) ainda sofrem com uma s\u00e9rie de barreiras para ter acesso aos estudos e mercado de trabalho, e quando conseguem ser ocupadas, recebem uma remunera\u00e7\u00e3o menor do que as pessoas sem defici\u00eancia.","_links":{"self":[{"href":"https:\/\/sinicesp.org.br\/index.php\/wp-json\/wp\/v2\/posts\/4342","targetHints":{"allow":["GET"]}}],"collection":[{"href":"https:\/\/sinicesp.org.br\/index.php\/wp-json\/wp\/v2\/posts"}],"about":[{"href":"https:\/\/sinicesp.org.br\/index.php\/wp-json\/wp\/v2\/types\/post"}],"author":[{"embeddable":true,"href":"https:\/\/sinicesp.org.br\/index.php\/wp-json\/wp\/v2\/users\/1"}],"replies":[{"embeddable":true,"href":"https:\/\/sinicesp.org.br\/index.php\/wp-json\/wp\/v2\/comments?post=4342"}],"version-history":[{"count":0,"href":"https:\/\/sinicesp.org.br\/index.php\/wp-json\/wp\/v2\/posts\/4342\/revisions"}],"wp:featuredmedia":[{"embeddable":true,"href":"https:\/\/sinicesp.org.br\/index.php\/wp-json\/wp\/v2\/media\/4344"}],"wp:attachment":[{"href":"https:\/\/sinicesp.org.br\/index.php\/wp-json\/wp\/v2\/media?parent=4342"}],"wp:term":[{"taxonomy":"category","embeddable":true,"href":"https:\/\/sinicesp.org.br\/index.php\/wp-json\/wp\/v2\/categories?post=4342"},{"taxonomy":"post_tag","embeddable":true,"href":"https:\/\/sinicesp.org.br\/index.php\/wp-json\/wp\/v2\/tags?post=4342"}],"curies":[{"name":"wp","href":"https:\/\/api.w.org\/{rel}","templated":true}]}}