{"id":4354,"date":"2023-07-17T12:36:01","date_gmt":"2023-07-17T15:36:01","guid":{"rendered":"https:\/\/sinicesp.org.br\/?p=4354"},"modified":"2023-07-24T14:16:15","modified_gmt":"2023-07-24T17:16:15","slug":"governo-paulista-sanciona-lei-que-viabiliza-construcao-do-trem-intercidades","status":"publish","type":"post","link":"https:\/\/sinicesp.org.br\/index.php\/2023\/07\/17\/governo-paulista-sanciona-lei-que-viabiliza-construcao-do-trem-intercidades\/","title":{"rendered":"Governo paulista sanciona lei que viabiliza constru\u00e7\u00e3o do Trem Intercidades"},"content":{"rendered":"\n<section class=\"wp-block-uagb-section uagb-section__wrap uagb-section__background-undefined alignfull uagb-block-9ce0e027\"><div class=\"uagb-section__overlay\"><\/div><div class=\"uagb-section__inner-wrap\"><\/div><\/section>\n\n\n\n<section class=\"wp-block-uagb-section uagb-section__wrap uagb-section__background-color uagb-block-f44c1623\"><div class=\"uagb-section__overlay\"><\/div><div class=\"uagb-section__inner-wrap\">\n<div style=\"height:11px\" aria-hidden=\"true\" class=\"wp-block-spacer\"><\/div>\n\n\n\n<div class=\"wp-block-uagb-advanced-heading uagb-block-883064af\"><h3 class=\"uagb-heading-text\"><br><strong>\u00daltimas Not\u00edcias n\u00ba 17\/2023 &#8211; 17\/07\/2023 <\/strong><\/h3><div class=\"uagb-separator\"><\/div><\/div>\n<\/div><\/section>\n\n\n\n<section class=\"wp-block-uagb-section uagb-section__wrap uagb-section__background-color uagb-block-c3e833f0\"><div class=\"uagb-section__overlay\"><\/div><div class=\"uagb-section__inner-wrap\">\n<h2 class=\"wp-block-heading has-text-align-left has-text-color\" id=\"agencia-infra-publica-informacao-sobre-estudo-realizado-pela-brasinfra-sobre-a-nova-lei-de-licitacoes-e-contratos\" style=\"color:#0767b1\"><strong><strong><strong><strong><strong><strong>Governo paulista sanciona lei que viabiliza constru\u00e7\u00e3o do Trem Intercidades<\/strong><\/strong><\/strong><\/strong><\/strong><\/strong><\/h2>\n\n\n\n<div style=\"height:30px\" aria-hidden=\"true\" class=\"wp-block-spacer\"><\/div>\n\n\n\n<p>O governador do Estado de S\u00e3o Paulo, Tarc\u00edsio de Freitas, sancionou a lei que viabiliza a constru\u00e7\u00e3o do Trem Intercidades que liga S\u00e3o Paulo a Campinas. Aprovado pela Assembleia Legislativa do Estado de S\u00e3o Paulo no dia 21 de junho, o texto adequa a legisla\u00e7\u00e3o estadual para a capta\u00e7\u00e3o de empr\u00e9stimos de at\u00e9 R$ 6,5 bilh\u00f5es para obras de mobilidade urbana.<br><br>Sancionada, a Lei 17.724\/2023 altera a Lei 17.386\/2021 e autoriza o Executivo a captar, junto a institui\u00e7\u00f5es financeiras, recursos para investimentos em infraestrutura, em especial de mobilidade urbana e transporte intermunicipal.<br><br>Apesar de viabilizar esse tipo de transa\u00e7\u00e3o, a lei n\u00e3o aumentou o saldo dispon\u00edvel para cr\u00e9dito. A norma apenas soma duas quantias j\u00e1 autorizadas pela Alesp em 2013, de 1,5 bilh\u00e3o, e em 2021, de 5 bilh\u00f5es.<br><br>Al\u00e9m do Trem Intercidades (TIC), linha f\u00e9rrea expressa que ligar\u00e1 S\u00e3o Paulo a Campinas em aproximadamente 1h, a lei beneficiar\u00e1 algumas outras obras de mobilidade urbana no Estado. Entre elas, est\u00e3o a revitaliza\u00e7\u00e3o das vias da linha 7-Rubi, que opera entre a Barra Funda e Jundia\u00ed, o Trem Intermetropolitano (TIM), que seguir\u00e1 do munic\u00edpio de Jundia\u00ed com paradas em Louveira, Vinhedo e Valinhos, a moderniza\u00e7\u00e3o e expans\u00e3o da Linha 2-Verde do Metr\u00f4 e obras de mobilidade entre Santos e Guaruj\u00e1.<\/p>\n\n\n\n<div style=\"height:30px\" aria-hidden=\"true\" class=\"wp-block-spacer\"><\/div>\n\n\n\n<div id=\"section-gf379b8\" class=\"wp-block-gutentor-e6 section-gf379b8 gutentor-element gutentor-element-image text-align-center-desktop\"><div class=\"gutentor-element-image-box\"><a class=\"gutentor-element-image-link\" href=\"window.print()\"><div class=\"gutentor-image-thumb\"><img decoding=\"async\" class=\"normal-image\" src=\"https:\/\/sinicesp.org.br\/wp-content\/uploads\/2023\/07\/ultimas-2023-17-Rotativo.jpg\" \/><\/div><\/a><\/div><\/div>\n\n\n\n<div style=\"height:70px\" aria-hidden=\"true\" class=\"wp-block-spacer\"><\/div>\n\n\n\n<div id=\"section-g4d4122\" class=\"wp-block-gutentor-e6 section-g4d4122 gutentor-element gutentor-element-image text-align-center-desktop\"><div class=\"gutentor-element-image-box\"><a class=\"gutentor-element-image-link\" href=\"window.print()\"><div class=\"gutentor-image-thumb\"><img decoding=\"async\" class=\"normal-image\" src=\"https:\/\/sinicesp.org.br\/wp-content\/uploads\/2022\/01\/impressora.png\" \/><\/div><\/a><\/div><\/div>\n<\/div><\/section>\n","protected":false},"excerpt":{"rendered":"<p> O governador do Estado de S\u00e3o Paulo, Tarc\u00edsio de Freitas, sancionou a lei que viabiliza a constru\u00e7\u00e3o do Trem Intercidades que liga S\u00e3o Paulo a Campinas. <\/p>\n","protected":false},"author":2,"featured_media":4357,"comment_status":"closed","ping_status":"closed","sticky":false,"template":"","format":"standard","meta":{"om_disable_all_campaigns":false,"_uag_custom_page_level_css":"","_monsterinsights_skip_tracking":false,"_monsterinsights_sitenote_active":false,"_monsterinsights_sitenote_note":"","_monsterinsights_sitenote_category":0,"site-sidebar-layout":"default","site-content-layout":"plain-container","ast-site-content-layout":"default","site-content-style":"default","site-sidebar-style":"default","ast-global-header-display":"","ast-banner-title-visibility":"","ast-main-header-display":"","ast-hfb-above-header-display":"","ast-hfb-below-header-display":"","ast-hfb-mobile-header-display":"","site-post-title":"disabled","ast-breadcrumbs-content":"","ast-featured-img":"disabled","footer-sml-layout":"","ast-disable-related-posts":"","theme-transparent-header-meta":"default","adv-header-id-meta":"","stick-header-meta":"","header-above-stick-meta":"","header-main-stick-meta":"","header-below-stick-meta":"","astra-migrate-meta-layouts":"default","ast-page-background-enabled":"default","ast-page-background-meta":{"desktop":{"background-color":"","background-image":"","background-repeat":"repeat","background-position":"center center","background-size":"auto","background-attachment":"scroll","background-type":"","background-media":"","overlay-type":"","overlay-color":"","overlay-opacity":"","overlay-gradient":""},"tablet":{"background-color":"","background-image":"","background-repeat":"repeat","background-position":"center center","background-size":"auto","background-attachment":"scroll","background-type":"","background-media":"","overlay-type":"","overlay-color":"","overlay-opacity":"","overlay-gradient":""},"mobile":{"background-color":"","background-image":"","background-repeat":"repeat","background-position":"center center","background-size":"auto","background-attachment":"scroll","background-type":"","background-media":"","overlay-type":"","overlay-color":"","overlay-opacity":"","overlay-gradient":""}},"ast-content-background-meta":{"desktop":{"background-color":"var(--ast-global-color-5)","background-image":"","background-repeat":"repeat","background-position":"center center","background-size":"auto","background-attachment":"scroll","background-type":"","background-media":"","overlay-type":"","overlay-color":"","overlay-opacity":"","overlay-gradient":""},"tablet":{"background-color":"var(--ast-global-color-5)","background-image":"","background-repeat":"repeat","background-position":"center center","background-size":"auto","background-attachment":"scroll","background-type":"","background-media":"","overlay-type":"","overlay-color":"","overlay-opacity":"","overlay-gradient":""},"mobile":{"background-color":"var(--ast-global-color-5)","background-image":"","background-repeat":"repeat","background-position":"center center","background-size":"auto","background-attachment":"scroll","background-type":"","background-media":"","overlay-type":"","overlay-color":"","overlay-opacity":"","overlay-gradient":""}},"footnotes":""},"categories":[6],"tags":[316],"class_list":["post-4354","post","type-post","status-publish","format-standard","has-post-thumbnail","hentry","category-ultimas-noticias","tag-ultimas-noticias-no-17-2023-17-07-2023"],"aioseo_notices":[],"gutentor_comment":0,"uagb_featured_image_src":{"full":["https:\/\/sinicesp.org.br\/wp-content\/uploads\/2023\/07\/ultimas-2023-17-pequena.jpg",250,167,false],"thumbnail":["https:\/\/sinicesp.org.br\/wp-content\/uploads\/2023\/07\/ultimas-2023-17-pequena-150x150.jpg",150,150,true],"medium":["https:\/\/sinicesp.org.br\/wp-content\/uploads\/2023\/07\/ultimas-2023-17-pequena.jpg",250,167,false],"medium_large":["https:\/\/sinicesp.org.br\/wp-content\/uploads\/2023\/07\/ultimas-2023-17-pequena.jpg",250,167,false],"large":["https:\/\/sinicesp.org.br\/wp-content\/uploads\/2023\/07\/ultimas-2023-17-pequena.jpg",250,167,false],"1536x1536":["https:\/\/sinicesp.org.br\/wp-content\/uploads\/2023\/07\/ultimas-2023-17-pequena.jpg",250,167,false],"2048x2048":["https:\/\/sinicesp.org.br\/wp-content\/uploads\/2023\/07\/ultimas-2023-17-pequena.jpg",250,167,false]},"uagb_author_info":{"display_name":"Ana Paula Amancio","author_link":"https:\/\/sinicesp.org.br\/index.php\/author\/paula\/"},"uagb_comment_info":0,"uagb_excerpt":"O governador do Estado de S\u00e3o Paulo, Tarc\u00edsio de Freitas, sancionou a lei que viabiliza a constru\u00e7\u00e3o do Trem Intercidades que liga S\u00e3o Paulo a Campinas.","_links":{"self":[{"href":"https:\/\/sinicesp.org.br\/index.php\/wp-json\/wp\/v2\/posts\/4354","targetHints":{"allow":["GET"]}}],"collection":[{"href":"https:\/\/sinicesp.org.br\/index.php\/wp-json\/wp\/v2\/posts"}],"about":[{"href":"https:\/\/sinicesp.org.br\/index.php\/wp-json\/wp\/v2\/types\/post"}],"author":[{"embeddable":true,"href":"https:\/\/sinicesp.org.br\/index.php\/wp-json\/wp\/v2\/users\/2"}],"replies":[{"embeddable":true,"href":"https:\/\/sinicesp.org.br\/index.php\/wp-json\/wp\/v2\/comments?post=4354"}],"version-history":[{"count":0,"href":"https:\/\/sinicesp.org.br\/index.php\/wp-json\/wp\/v2\/posts\/4354\/revisions"}],"wp:featuredmedia":[{"embeddable":true,"href":"https:\/\/sinicesp.org.br\/index.php\/wp-json\/wp\/v2\/media\/4357"}],"wp:attachment":[{"href":"https:\/\/sinicesp.org.br\/index.php\/wp-json\/wp\/v2\/media?parent=4354"}],"wp:term":[{"taxonomy":"category","embeddable":true,"href":"https:\/\/sinicesp.org.br\/index.php\/wp-json\/wp\/v2\/categories?post=4354"},{"taxonomy":"post_tag","embeddable":true,"href":"https:\/\/sinicesp.org.br\/index.php\/wp-json\/wp\/v2\/tags?post=4354"}],"curies":[{"name":"wp","href":"https:\/\/api.w.org\/{rel}","templated":true}]}}