{"id":4417,"date":"2023-07-26T14:21:07","date_gmt":"2023-07-26T17:21:07","guid":{"rendered":"https:\/\/sinicesp.org.br\/?p=4417"},"modified":"2023-07-26T14:21:11","modified_gmt":"2023-07-26T17:21:11","slug":"stf-determina-suspensao-de-processos-que-tratam-de-contribuicao-previdenciaria-sobre-terco-de-ferias","status":"publish","type":"post","link":"https:\/\/sinicesp.org.br\/index.php\/2023\/07\/26\/stf-determina-suspensao-de-processos-que-tratam-de-contribuicao-previdenciaria-sobre-terco-de-ferias\/","title":{"rendered":"STF determina suspens\u00e3o de processos que tratam de contribui\u00e7\u00e3o previdenci\u00e1ria sobre ter\u00e7o de f\u00e9rias"},"content":{"rendered":"\n<p><\/p>\n\n\n\n<section class=\"wp-block-uagb-section uagb-section__wrap uagb-section__background-color uagb-block-1389adbd\"><div class=\"uagb-section__overlay\"><\/div><div class=\"uagb-section__inner-wrap\">\n<div style=\"height:10px\" aria-hidden=\"true\" class=\"wp-block-spacer\"><\/div>\n\n\n\n<div class=\"wp-block-uagb-advanced-heading uagb-block-e15c1dbc\"><h3 class=\"uagb-heading-text\"><br><strong>Boletim Jur\u00eddico n\u00ba 07\/2023 &#8211; 26\/07\/2023 <\/strong><\/h3><div class=\"uagb-separator\"><\/div><\/div>\n\n\n\n<p><\/p>\n<\/div><\/section>\n\n\n\n<section class=\"wp-block-uagb-section uagb-section__wrap uagb-section__background-color uagb-block-8a18bb66\"><div class=\"uagb-section__overlay\"><\/div><div class=\"uagb-section__inner-wrap\">\n<h2 class=\"wp-block-heading has-text-color\" id=\"stf-custas-poderao-ser-recolhidas-por-pix-ou-cartao-a-partir-de-abril\" style=\"color:#0767b1\">STF determina suspens\u00e3o de processos que tratam de contribui\u00e7\u00e3o previdenci\u00e1ria sobre ter\u00e7o de f\u00e9rias<\/h2>\n\n\n\n<p><\/p>\n\n\n\n<p> <\/p>\n\n\n\n<p><\/p>\n\n\n\n<p>O ministro Andr\u00e9 Mendon\u00e7a, do Supremo Tribunal Federal (STF), determinou a suspens\u00e3o nacional de todos os processos judiciais e administrativos fiscais que discutam a incid\u00eancia da contribui\u00e7\u00e3o previdenci\u00e1ria patronal sobre o ter\u00e7o constitucional de f\u00e9rias. A suspens\u00e3o deve vigorar at\u00e9 que a Corte defina os efeitos da decis\u00e3o tomada no Recurso Extraordin\u00e1rio (RE) 1072485, em agosto de 2020, em que julgou leg\u00edtima a incid\u00eancia.<br><br><strong>Preju\u00edzos<\/strong><br><br>Ap\u00f3s a decis\u00e3o, a empresa autora do recurso, o Minist\u00e9rio P\u00fablico Federal (MPF) e a Associa\u00e7\u00e3o Brasileira da Advocacia Tribut\u00e1ria (Abat), por meio de embargos declarat\u00f3rios, pediram a modula\u00e7\u00e3o da decis\u00e3o, mas, em raz\u00e3o de pedido de destaque no ambiente virtual, a quest\u00e3o ser\u00e1 debatida presencialmente no Plen\u00e1rio.<br><br>Em peti\u00e7\u00e3o, a Abat pediu a suspens\u00e3o nacional dos processos sobre o tema, alegando que Tribunais Regionais Federais estariam aplicando a tese de repercuss\u00e3o geral sem considerar a possibilidade de modula\u00e7\u00e3o, o que pode causar preju\u00edzos \u00e0s partes.<br><br><strong>Resultados anti-ison\u00f4micos<\/strong><br><br>Ao acolher o pedido, o ministro Andr\u00e9 Mendon\u00e7a afirmou que a medida evitar\u00e1 resultados anti-ison\u00f4micos entre contribuintes em situa\u00e7\u00f5es equivalentes. Segundo ele, a suspens\u00e3o se torna ainda mais urgente porque ainda n\u00e3o h\u00e1 previs\u00e3o de julgamento dos embargos declarat\u00f3rios, e, no exame da modula\u00e7\u00e3o, at\u00e9 o pedido de destaque, havia uma divis\u00e3o, com cinco votos de um lado e quatro de outro.<br><br>Leia a \u00edntegra da decis\u00e3o.<\/p>\n\n\n\n<p><br><br><strong>Fonte: STF<\/strong><\/p>\n\n\n\n<div style=\"height:70px\" aria-hidden=\"true\" class=\"wp-block-spacer\"><\/div>\n\n\n\n<div id=\"section-gb68fe4\" class=\"wp-block-gutentor-e6 section-gb68fe4 gutentor-element gutentor-element-image text-align-center-desktop\"><div class=\"gutentor-element-image-box\"><a class=\"gutentor-element-image-link\" href=\"window.print()\"><div class=\"gutentor-image-thumb\"><img decoding=\"async\" class=\"normal-image\" src=\"https:\/\/sinicesp.org.br\/wp-content\/uploads\/2022\/01\/impressora.png\" \/><\/div><\/a><\/div><\/div>\n<\/div><\/section>\n","protected":false},"excerpt":{"rendered":"<p>A suspens\u00e3o foi determinada at\u00e9 a defini\u00e7\u00e3o dos efeitos da decis\u00e3o tomada no Recurso Extraordin\u00e1rio (RE) 1072485, em que a incid\u00eancia foi considerada leg\u00edtima pela Corte Suprema.<\/p>\n","protected":false},"author":2,"featured_media":4430,"comment_status":"closed","ping_status":"closed","sticky":false,"template":"","format":"standard","meta":{"om_disable_all_campaigns":false,"_uag_custom_page_level_css":"","_monsterinsights_skip_tracking":false,"_monsterinsights_sitenote_active":false,"_monsterinsights_sitenote_note":"","_monsterinsights_sitenote_category":0,"site-sidebar-layout":"default","site-content-layout":"default","ast-site-content-layout":"default","site-content-style":"default","site-sidebar-style":"default","ast-global-header-display":"","ast-banner-title-visibility":"","ast-main-header-display":"","ast-hfb-above-header-display":"","ast-hfb-below-header-display":"","ast-hfb-mobile-header-display":"","site-post-title":"disabled","ast-breadcrumbs-content":"disabled","ast-featured-img":"","footer-sml-layout":"","ast-disable-related-posts":"","theme-transparent-header-meta":"default","adv-header-id-meta":"","stick-header-meta":"","header-above-stick-meta":"","header-main-stick-meta":"","header-below-stick-meta":"","astra-migrate-meta-layouts":"default","ast-page-background-enabled":"default","ast-page-background-meta":{"desktop":{"background-color":"","background-image":"","background-repeat":"repeat","background-position":"center center","background-size":"auto","background-attachment":"scroll","background-type":"","background-media":"","overlay-type":"","overlay-color":"","overlay-opacity":"","overlay-gradient":""},"tablet":{"background-color":"","background-image":"","background-repeat":"repeat","background-position":"center center","background-size":"auto","background-attachment":"scroll","background-type":"","background-media":"","overlay-type":"","overlay-color":"","overlay-opacity":"","overlay-gradient":""},"mobile":{"background-color":"","background-image":"","background-repeat":"repeat","background-position":"center center","background-size":"auto","background-attachment":"scroll","background-type":"","background-media":"","overlay-type":"","overlay-color":"","overlay-opacity":"","overlay-gradient":""}},"ast-content-background-meta":{"desktop":{"background-color":"var(--ast-global-color-5)","background-image":"","background-repeat":"repeat","background-position":"center center","background-size":"auto","background-attachment":"scroll","background-type":"","background-media":"","overlay-type":"","overlay-color":"","overlay-opacity":"","overlay-gradient":""},"tablet":{"background-color":"var(--ast-global-color-5)","background-image":"","background-repeat":"repeat","background-position":"center center","background-size":"auto","background-attachment":"scroll","background-type":"","background-media":"","overlay-type":"","overlay-color":"","overlay-opacity":"","overlay-gradient":""},"mobile":{"background-color":"var(--ast-global-color-5)","background-image":"","background-repeat":"repeat","background-position":"center center","background-size":"auto","background-attachment":"scroll","background-type":"","background-media":"","overlay-type":"","overlay-color":"","overlay-opacity":"","overlay-gradient":""}},"footnotes":""},"categories":[4],"tags":[322],"class_list":["post-4417","post","type-post","status-publish","format-standard","has-post-thumbnail","hentry","category-boletim-juridico","tag-boletim-juridico-no-07-2023-26-07-2023"],"aioseo_notices":[],"gutentor_comment":0,"uagb_featured_image_src":{"full":["https:\/\/sinicesp.org.br\/wp-content\/uploads\/2023\/07\/boletim-juridico-2023-07c-pequena.jpg",250,167,false],"thumbnail":["https:\/\/sinicesp.org.br\/wp-content\/uploads\/2023\/07\/boletim-juridico-2023-07c-pequena-150x150.jpg",150,150,true],"medium":["https:\/\/sinicesp.org.br\/wp-content\/uploads\/2023\/07\/boletim-juridico-2023-07c-pequena.jpg",250,167,false],"medium_large":["https:\/\/sinicesp.org.br\/wp-content\/uploads\/2023\/07\/boletim-juridico-2023-07c-pequena.jpg",250,167,false],"large":["https:\/\/sinicesp.org.br\/wp-content\/uploads\/2023\/07\/boletim-juridico-2023-07c-pequena.jpg",250,167,false],"1536x1536":["https:\/\/sinicesp.org.br\/wp-content\/uploads\/2023\/07\/boletim-juridico-2023-07c-pequena.jpg",250,167,false],"2048x2048":["https:\/\/sinicesp.org.br\/wp-content\/uploads\/2023\/07\/boletim-juridico-2023-07c-pequena.jpg",250,167,false]},"uagb_author_info":{"display_name":"Ana Paula Amancio","author_link":"https:\/\/sinicesp.org.br\/index.php\/author\/paula\/"},"uagb_comment_info":0,"uagb_excerpt":"A suspens\u00e3o foi determinada at\u00e9 a defini\u00e7\u00e3o dos efeitos da decis\u00e3o tomada no Recurso Extraordin\u00e1rio (RE) 1072485, em que a incid\u00eancia foi considerada leg\u00edtima pela Corte Suprema.","_links":{"self":[{"href":"https:\/\/sinicesp.org.br\/index.php\/wp-json\/wp\/v2\/posts\/4417","targetHints":{"allow":["GET"]}}],"collection":[{"href":"https:\/\/sinicesp.org.br\/index.php\/wp-json\/wp\/v2\/posts"}],"about":[{"href":"https:\/\/sinicesp.org.br\/index.php\/wp-json\/wp\/v2\/types\/post"}],"author":[{"embeddable":true,"href":"https:\/\/sinicesp.org.br\/index.php\/wp-json\/wp\/v2\/users\/2"}],"replies":[{"embeddable":true,"href":"https:\/\/sinicesp.org.br\/index.php\/wp-json\/wp\/v2\/comments?post=4417"}],"version-history":[{"count":0,"href":"https:\/\/sinicesp.org.br\/index.php\/wp-json\/wp\/v2\/posts\/4417\/revisions"}],"wp:featuredmedia":[{"embeddable":true,"href":"https:\/\/sinicesp.org.br\/index.php\/wp-json\/wp\/v2\/media\/4430"}],"wp:attachment":[{"href":"https:\/\/sinicesp.org.br\/index.php\/wp-json\/wp\/v2\/media?parent=4417"}],"wp:term":[{"taxonomy":"category","embeddable":true,"href":"https:\/\/sinicesp.org.br\/index.php\/wp-json\/wp\/v2\/categories?post=4417"},{"taxonomy":"post_tag","embeddable":true,"href":"https:\/\/sinicesp.org.br\/index.php\/wp-json\/wp\/v2\/tags?post=4417"}],"curies":[{"name":"wp","href":"https:\/\/api.w.org\/{rel}","templated":true}]}}