{"id":4506,"date":"2023-08-16T11:19:20","date_gmt":"2023-08-16T14:19:20","guid":{"rendered":"https:\/\/sinicesp.org.br\/?p=4506"},"modified":"2023-08-16T11:19:23","modified_gmt":"2023-08-16T14:19:23","slug":"numero-de-novas-vagas-na-construcao-pesada-apresenta-pequena-queda-em-junho","status":"publish","type":"post","link":"https:\/\/sinicesp.org.br\/index.php\/2023\/08\/16\/numero-de-novas-vagas-na-construcao-pesada-apresenta-pequena-queda-em-junho\/","title":{"rendered":"N\u00famero de novas vagas na constru\u00e7\u00e3o pesada apresenta pequena queda em junho"},"content":{"rendered":"\n<section class=\"wp-block-uagb-section uagb-section__wrap uagb-section__background-color uagb-block-5ac4acad\"><div class=\"uagb-section__overlay\"><\/div><div class=\"uagb-section__inner-wrap\">\n<div style=\"height:10px\" aria-hidden=\"true\" class=\"wp-block-spacer\"><\/div>\n\n\n\n<div class=\"wp-block-uagb-advanced-heading uagb-block-0fdd7454\"><h3 class=\"uagb-heading-text\"><br><strong>Sinimail n\u00ba 27\/2023 &#8211; 16\/08\/2023 <\/strong><\/h3><div class=\"uagb-separator\"><\/div><\/div>\n\n\n\n<p><\/p>\n<\/div><\/section>\n\n\n\n<section class=\"wp-block-uagb-section uagb-section__wrap uagb-section__background-color uagb-block-2e4a2569\"><div class=\"uagb-section__overlay\"><\/div><div class=\"uagb-section__inner-wrap\">\n<h2 class=\"wp-block-heading has-text-color\" id=\"stf-custas-poderao-ser-recolhidas-por-pix-ou-cartao-a-partir-de-abril\" style=\"color:#0767b1\"><strong><strong><strong><strong><strong><strong><strong><strong>N\u00famero de novas vagas na constru\u00e7\u00e3o pesada apresenta pequena queda em junho<\/strong><\/strong><\/strong><\/strong><\/strong><\/strong><\/strong><\/strong><\/h2>\n\n\n\n<div style=\"height:15px\" aria-hidden=\"true\" class=\"wp-block-spacer\"><\/div>\n\n\n\n<p> <\/p>\n\n\n\n<p>O n\u00edvel de emprego do setor da constru\u00e7\u00e3o pesada paulista apresentou queda no m\u00eas de junho, em compara\u00e7\u00e3o com o m\u00eas anterior, com o registro de 1.408 vagas. Em maio, foram 1.560 novas vagas. Os dados s\u00e3o do Minist\u00e9rio do Trabalho e Emprego.<br><br>Desde o come\u00e7o do ano, o setor acumula o saldo positivo de 9.920 vagas. Atualmente, as construtoras paulistas empregam 98.558 trabalhadores ativos nas obras de infraestrutura.<br><br>O segmento de \u201cConstru\u00e7\u00e3o de rodovias e ferrovias\u201d responde por 42,29% das novas vagas. Em segundo lugar est\u00e1 \u201cObras de urbaniza\u00e7\u00e3o, ruas pra\u00e7as e cal\u00e7adas\u201d com 20,89%, seguido de \u201cObras de terraplenagem\u201d com 19,34%.<br><br>Em n\u00edvel nacional, o setor responde por 384.136 trabalhadores ativos. Somente no m\u00eas de maio, foram registrados 9.591 novos postos de trabalho.<br>Da mesma forma que ocorreu em S\u00e3o Paulo, os setores de \u201cConstru\u00e7\u00e3o de rodovias e ferrovias\u201d; \u201cObras de urbaniza\u00e7\u00e3o, ruas pra\u00e7as e cal\u00e7adas\u201d e \u201cObras de terraplenagem\u201d lideraram o ranking das vagas.<br><br>Segundo Carlos Prado, gerente t\u00e9cnico do SINICESP, em ambos os casos, embora ainda seja positivo o n\u00edvel de contrata\u00e7\u00e3o, h\u00e1 uma sinaliza\u00e7\u00e3o preocupante de desacelera\u00e7\u00e3o no ritmo de cria\u00e7\u00e3o de vagas, caso n\u00e3o sejam iniciadas novas obras. Segundo ele, essa desacelera\u00e7\u00e3o dever\u00e1 ser sentida de forma mais contundente nos pr\u00f3ximos meses.<\/p>\n\n\n\n<p><br><br><strong>S\u00c3O PAULO<\/strong><\/p>\n\n\n\n<div style=\"height:30px\" aria-hidden=\"true\" class=\"wp-block-spacer\"><\/div>\n\n\n\n<div id=\"section-gc8cd90\" class=\"wp-block-gutentor-e6 section-gc8cd90 gutentor-element gutentor-element-image gutentor-enabled-width text-align-center-desktop\"><div class=\"gutentor-element-image-box\"><div class=\"gutentor-image-thumb\"><img decoding=\"async\" class=\"normal-image\" src=\"https:\/\/sinicesp.org.br\/wp-content\/uploads\/2023\/08\/sinimail-2023-27-a.jpg\" \/><\/div><\/div><\/div>\n\n\n\n<div style=\"height:30px\" aria-hidden=\"true\" class=\"wp-block-spacer\"><\/div>\n\n\n\n<div id=\"section-g79681e\" class=\"wp-block-gutentor-e6 section-g79681e gutentor-element gutentor-element-image gutentor-enabled-width text-align-center-desktop\"><div class=\"gutentor-element-image-box\"><div class=\"gutentor-image-thumb\"><img decoding=\"async\" class=\"normal-image\" src=\"https:\/\/sinicesp.org.br\/wp-content\/uploads\/2023\/08\/sinimail-2023-27-b.jpg\" \/><\/div><\/div><\/div>\n\n\n\n<div style=\"height:30px\" aria-hidden=\"true\" class=\"wp-block-spacer\"><\/div>\n\n\n\n<p><strong><strong>BRASIL<\/strong><\/strong><\/p>\n\n\n\n<div style=\"height:30px\" aria-hidden=\"true\" class=\"wp-block-spacer\"><\/div>\n\n\n\n<div id=\"section-gcc713d\" class=\"wp-block-gutentor-e6 section-gcc713d gutentor-element gutentor-element-image gutentor-enabled-width text-align-center-desktop\"><div class=\"gutentor-element-image-box\"><div class=\"gutentor-image-thumb\"><img decoding=\"async\" class=\"normal-image\" src=\"https:\/\/sinicesp.org.br\/wp-content\/uploads\/2023\/08\/sinimail-2023-27-c.jpg\" \/><\/div><\/div><\/div>\n\n\n\n<div style=\"height:30px\" aria-hidden=\"true\" class=\"wp-block-spacer\"><\/div>\n\n\n\n<div style=\"height:70px\" aria-hidden=\"true\" class=\"wp-block-spacer\"><\/div>\n\n\n\n<div id=\"section-g4fc62d\" class=\"wp-block-gutentor-e6 section-g4fc62d gutentor-element gutentor-element-image text-align-center-desktop\"><div class=\"gutentor-element-image-box\"><a class=\"gutentor-element-image-link\" href=\"window.print()\"><div class=\"gutentor-image-thumb\"><img decoding=\"async\" class=\"normal-image\" src=\"https:\/\/sinicesp.org.br\/wp-content\/uploads\/2022\/01\/impressora.png\" \/><\/div><\/a><\/div><\/div>\n<\/div><\/section>\n\n\n\n<p><\/p>\n\n\n\n<p><\/p>\n","protected":false},"excerpt":{"rendered":"<p>O n\u00edvel de emprego do setor da constru\u00e7\u00e3o pesada paulista apresentou queda no m\u00eas de junho, em compara\u00e7\u00e3o com o m\u00eas anterior, com o registro de 1.408 vagas. Em maio, foram 1.560 novas vagas. Os dados s\u00e3o do Minist\u00e9rio do Trabalho e Emprego.<\/p>\n","protected":false},"author":2,"featured_media":4507,"comment_status":"closed","ping_status":"closed","sticky":false,"template":"","format":"standard","meta":{"om_disable_all_campaigns":false,"_uag_custom_page_level_css":"","_monsterinsights_skip_tracking":false,"_monsterinsights_sitenote_active":false,"_monsterinsights_sitenote_note":"","_monsterinsights_sitenote_category":0,"site-sidebar-layout":"default","site-content-layout":"default","ast-site-content-layout":"default","site-content-style":"default","site-sidebar-style":"default","ast-global-header-display":"","ast-banner-title-visibility":"","ast-main-header-display":"","ast-hfb-above-header-display":"","ast-hfb-below-header-display":"","ast-hfb-mobile-header-display":"","site-post-title":"disabled","ast-breadcrumbs-content":"disabled","ast-featured-img":"disabled","footer-sml-layout":"","ast-disable-related-posts":"","theme-transparent-header-meta":"default","adv-header-id-meta":"","stick-header-meta":"","header-above-stick-meta":"","header-main-stick-meta":"","header-below-stick-meta":"","astra-migrate-meta-layouts":"default","ast-page-background-enabled":"default","ast-page-background-meta":{"desktop":{"background-color":"","background-image":"","background-repeat":"repeat","background-position":"center center","background-size":"auto","background-attachment":"scroll","background-type":"","background-media":"","overlay-type":"","overlay-color":"","overlay-opacity":"","overlay-gradient":""},"tablet":{"background-color":"","background-image":"","background-repeat":"repeat","background-position":"center center","background-size":"auto","background-attachment":"scroll","background-type":"","background-media":"","overlay-type":"","overlay-color":"","overlay-opacity":"","overlay-gradient":""},"mobile":{"background-color":"","background-image":"","background-repeat":"repeat","background-position":"center center","background-size":"auto","background-attachment":"scroll","background-type":"","background-media":"","overlay-type":"","overlay-color":"","overlay-opacity":"","overlay-gradient":""}},"ast-content-background-meta":{"desktop":{"background-color":"var(--ast-global-color-5)","background-image":"","background-repeat":"repeat","background-position":"center center","background-size":"auto","background-attachment":"scroll","background-type":"","background-media":"","overlay-type":"","overlay-color":"","overlay-opacity":"","overlay-gradient":""},"tablet":{"background-color":"var(--ast-global-color-5)","background-image":"","background-repeat":"repeat","background-position":"center center","background-size":"auto","background-attachment":"scroll","background-type":"","background-media":"","overlay-type":"","overlay-color":"","overlay-opacity":"","overlay-gradient":""},"mobile":{"background-color":"var(--ast-global-color-5)","background-image":"","background-repeat":"repeat","background-position":"center center","background-size":"auto","background-attachment":"scroll","background-type":"","background-media":"","overlay-type":"","overlay-color":"","overlay-opacity":"","overlay-gradient":""}},"footnotes":""},"categories":[3],"tags":[328],"class_list":["post-4506","post","type-post","status-publish","format-standard","has-post-thumbnail","hentry","category-sinimail","tag-sinimail-no-27-2023-16-08-2023"],"aioseo_notices":[],"gutentor_comment":0,"uagb_featured_image_src":{"full":["https:\/\/sinicesp.org.br\/wp-content\/uploads\/2023\/08\/sinimail-2023-27-pequena.jpg",250,167,false],"thumbnail":["https:\/\/sinicesp.org.br\/wp-content\/uploads\/2023\/08\/sinimail-2023-27-pequena-150x150.jpg",150,150,true],"medium":["https:\/\/sinicesp.org.br\/wp-content\/uploads\/2023\/08\/sinimail-2023-27-pequena.jpg",250,167,false],"medium_large":["https:\/\/sinicesp.org.br\/wp-content\/uploads\/2023\/08\/sinimail-2023-27-pequena.jpg",250,167,false],"large":["https:\/\/sinicesp.org.br\/wp-content\/uploads\/2023\/08\/sinimail-2023-27-pequena.jpg",250,167,false],"1536x1536":["https:\/\/sinicesp.org.br\/wp-content\/uploads\/2023\/08\/sinimail-2023-27-pequena.jpg",250,167,false],"2048x2048":["https:\/\/sinicesp.org.br\/wp-content\/uploads\/2023\/08\/sinimail-2023-27-pequena.jpg",250,167,false]},"uagb_author_info":{"display_name":"Ana Paula Amancio","author_link":"https:\/\/sinicesp.org.br\/index.php\/author\/paula\/"},"uagb_comment_info":0,"uagb_excerpt":"O n\u00edvel de emprego do setor da constru\u00e7\u00e3o pesada paulista apresentou queda no m\u00eas de junho, em compara\u00e7\u00e3o com o m\u00eas anterior, com o registro de 1.408 vagas. Em maio, foram 1.560 novas vagas. Os dados s\u00e3o do Minist\u00e9rio do Trabalho e Emprego.","_links":{"self":[{"href":"https:\/\/sinicesp.org.br\/index.php\/wp-json\/wp\/v2\/posts\/4506","targetHints":{"allow":["GET"]}}],"collection":[{"href":"https:\/\/sinicesp.org.br\/index.php\/wp-json\/wp\/v2\/posts"}],"about":[{"href":"https:\/\/sinicesp.org.br\/index.php\/wp-json\/wp\/v2\/types\/post"}],"author":[{"embeddable":true,"href":"https:\/\/sinicesp.org.br\/index.php\/wp-json\/wp\/v2\/users\/2"}],"replies":[{"embeddable":true,"href":"https:\/\/sinicesp.org.br\/index.php\/wp-json\/wp\/v2\/comments?post=4506"}],"version-history":[{"count":0,"href":"https:\/\/sinicesp.org.br\/index.php\/wp-json\/wp\/v2\/posts\/4506\/revisions"}],"wp:featuredmedia":[{"embeddable":true,"href":"https:\/\/sinicesp.org.br\/index.php\/wp-json\/wp\/v2\/media\/4507"}],"wp:attachment":[{"href":"https:\/\/sinicesp.org.br\/index.php\/wp-json\/wp\/v2\/media?parent=4506"}],"wp:term":[{"taxonomy":"category","embeddable":true,"href":"https:\/\/sinicesp.org.br\/index.php\/wp-json\/wp\/v2\/categories?post=4506"},{"taxonomy":"post_tag","embeddable":true,"href":"https:\/\/sinicesp.org.br\/index.php\/wp-json\/wp\/v2\/tags?post=4506"}],"curies":[{"name":"wp","href":"https:\/\/api.w.org\/{rel}","templated":true}]}}