{"id":4642,"date":"2023-08-24T09:24:42","date_gmt":"2023-08-24T12:24:42","guid":{"rendered":"https:\/\/sinicesp.org.br\/?p=4642"},"modified":"2023-08-24T09:31:05","modified_gmt":"2023-08-24T12:31:05","slug":"forum-de-infraestrutura-avaliara-as-oportunidades-de-expansao-dos-modais-de-transporte-no-brasil","status":"publish","type":"post","link":"https:\/\/sinicesp.org.br\/index.php\/2023\/08\/24\/forum-de-infraestrutura-avaliara-as-oportunidades-de-expansao-dos-modais-de-transporte-no-brasil\/","title":{"rendered":"F\u00f3rum de infraestrutura avaliar\u00e1 as oportunidades de expans\u00e3o dos modais de transporte no Brasil"},"content":{"rendered":"\n<section class=\"wp-block-uagb-section uagb-section__wrap uagb-section__background-color uagb-block-5ac4acad\"><div class=\"uagb-section__overlay\"><\/div><div class=\"uagb-section__inner-wrap\">\n<div style=\"height:10px\" aria-hidden=\"true\" class=\"wp-block-spacer\"><\/div>\n\n\n\n<div class=\"wp-block-uagb-advanced-heading uagb-block-0fdd7454\"><h3 class=\"uagb-heading-text\"><br><strong>Sinimail n\u00ba 29\/2023 &#8211; 24\/08\/2023 <\/strong><\/h3><div class=\"uagb-separator\"><\/div><\/div>\n<\/div><\/section>\n\n\n\n<section class=\"wp-block-uagb-section uagb-section__wrap uagb-section__background-color uagb-block-2e4a2569\"><div class=\"uagb-section__overlay\"><\/div><div class=\"uagb-section__inner-wrap\">\n<h2 class=\"wp-block-heading has-text-color\" id=\"stf-custas-poderao-ser-recolhidas-por-pix-ou-cartao-a-partir-de-abril\" style=\"color:#0767b1\"><strong><strong><strong><strong><strong><strong><strong><strong>F\u00f3rum de infraestrutura avaliar\u00e1 as oportunidades de expans\u00e3o dos modais de transporte no Brasil<\/strong><\/strong><\/strong><\/strong><\/strong><\/strong><\/strong><\/strong><\/h2>\n\n\n\n<div style=\"height:15px\" aria-hidden=\"true\" class=\"wp-block-spacer\"><\/div>\n\n\n\n<p> A Lei Or\u00e7ament\u00e1ria Anual (LOA), sancionada no in\u00edcio deste ano, previa investimentos em infraestrutura de transporte de mais de R$ 17 bilh\u00f5es. Desse montante, R$ 16,4 bilh\u00f5es deveriam ser destinados para transporte terrestre e tr\u00e2nsito, R$ 2,12 bilh\u00f5es para transporte aquavi\u00e1rio e R$ 603 milh\u00f5es para avia\u00e7\u00e3o civil.<br><br>Para compreender o panorama desses investimentos, a Associa\u00e7\u00e3o Brasileira de Tecnologia para Constru\u00e7\u00e3o e Minera\u00e7\u00e3o (Sobratema) realizar\u00e1 o 9\u00ba F\u00f3rum de Infraestrutura Grandes Constru\u00e7\u00f5es, no dia 24 de agosto, com transmiss\u00e3o online a partir das 15h, pelo site <a href=\"https:\/\/www.sobratemaforum.com.br\/\" target=\"_blank\" rel=\"noopener\" title=\"\">https:\/\/www.sobratemaforum.com.br\/<\/a>.<br><br>Com o tema central \u201cModais de Transporte: Novos Caminhos\u201d, avaliar\u00e1 as oportunidades e os desafios para expans\u00e3o dos modais rodovi\u00e1rio, ferrovi\u00e1rio e aeroportu\u00e1rio, bem como tra\u00e7ar\u00e1 um panorama da infraestrutura no Pa\u00eds e o papel das concess\u00f5es e do investimento privado para o desenvolvimento sustent\u00e1vel do transporte no Pa\u00eds.<br><br>A programa\u00e7\u00e3o contar\u00e1 com quatro palestras, a serem ministradas por Rafael Martins de Souza, pesquisador da Funda\u00e7\u00e3o Get\u00falio Vargas, Vicente Abate, presidente da Associa\u00e7\u00e3o Brasileira da Ind\u00fastria Ferrovi\u00e1ria (Abifer), Adalberto Febeliano, vice-presidente de Opera\u00e7\u00f5es A\u00e9reas da Modern Log\u00edstics e Danniel Zveiter, presidente da Associa\u00e7\u00e3o Nacional das Empresas de Obras Rodovi\u00e1rias\u00a0 (Aneor). Tamb\u00e9m haver\u00e1 a participa\u00e7\u00e3o de Jos\u00e9 Alberto Pereira Ribeiro, presidente da Associa\u00e7\u00e3o Brasileira dos Sindicatos e Associa\u00e7\u00f5es de Classe de Infraestrutura (Brasinfra).<br><br>Os especialistas tamb\u00e9m apontar\u00e3o os caminhos que a infraestrutura no Brasil pode percorrer nos pr\u00f3ximos anos e quais as tend\u00eancias que permeiam cada modal de transporte, a fim de projetar uma avalia\u00e7\u00e3o para os pr\u00f3ximos anos.<br><br>O F\u00f3rum de Infraestrutura Grandes Constru\u00e7\u00f5es \u00e9 direcionado para executivos, consultores, administradores, engenheiros, diretores, gerentes e profissionais atuantes nos setores de infraestrutura de transporte, constru\u00e7\u00e3o e equipamentos. O evento tem se caracterizado por debater os mais relevantes temas da infraestrutura brasileira, com o objetivo de contribuir para diminuir o d\u00e9ficit no setor e para criar um ambiente colaborativo entre iniciativa privada, poder p\u00fablico e sociedade.<br><br><strong>9\u00ba F\u00f3rum de Infraestrutura Grandes Constru\u00e7\u00f5es &#8211; Modais de Transporte: novos caminhos<br><\/strong>Data: 24\/08\/2023<br>In\u00edcio: 15 horas<br>Inscri\u00e7\u00f5es: Gratuitas e obrigat\u00f3rias para acesso \u00e0 \u00e1rea do site na qual ser\u00e1 transmitido o evento:<br><a href=\"https:\/\/www.sobratemaforum.com.br\/Inscricao\" target=\"_blank\" rel=\"noopener\" title=\"\">https:\/\/www.sobratemaforum.com.br\/Inscricao<\/a><\/p>\n\n\n\n<div style=\"height:30px\" aria-hidden=\"true\" class=\"wp-block-spacer\"><\/div>\n\n\n\n<div id=\"section-gb332a8\" class=\"wp-block-gutentor-e6 section-gb332a8 gutentor-element gutentor-element-image gutentor-enabled-width text-align-center-desktop\"><div class=\"gutentor-element-image-box\"><div class=\"gutentor-image-thumb\"><img decoding=\"async\" class=\"normal-image\" src=\"https:\/\/sinicesp.org.br\/wp-content\/uploads\/2023\/08\/029.jpg\" \/><\/div><\/div><\/div>\n\n\n\n<div style=\"height:70px\" aria-hidden=\"true\" class=\"wp-block-spacer\"><\/div>\n\n\n\n<div id=\"section-g2ea2a0\" class=\"wp-block-gutentor-e6 section-g2ea2a0 gutentor-element gutentor-element-image text-align-center-desktop\"><div class=\"gutentor-element-image-box\"><a class=\"gutentor-element-image-link\" href=\"window.print()\"><div class=\"gutentor-image-thumb\"><img decoding=\"async\" class=\"normal-image\" src=\"https:\/\/sinicesp.org.br\/wp-content\/uploads\/2022\/01\/impressora.png\" \/><\/div><\/a><\/div><\/div>\n<\/div><\/section>\n\n\n\n<p><br><\/p>\n\n\n\n<p><\/p>\n\n\n\n<p><\/p>\n","protected":false},"excerpt":{"rendered":"<p>A Lei Or\u00e7ament\u00e1ria Anual (LOA), sancionada no in\u00edcio deste ano, previa investimentos em infraestrutura de transporte de mais de R$ 17 bilh\u00f5es. Desse montante, R$ 16,4 bilh\u00f5es deveriam ser destinados para transporte terrestre e tr\u00e2nsito, R$ 2,12 bilh\u00f5es para transporte aquavi\u00e1rio e R$ 603 milh\u00f5es para avia\u00e7\u00e3o civil.<\/p>\n","protected":false},"author":1,"featured_media":4643,"comment_status":"closed","ping_status":"closed","sticky":false,"template":"","format":"standard","meta":{"om_disable_all_campaigns":false,"_uag_custom_page_level_css":"","_monsterinsights_skip_tracking":false,"_monsterinsights_sitenote_active":false,"_monsterinsights_sitenote_note":"","_monsterinsights_sitenote_category":0,"site-sidebar-layout":"default","site-content-layout":"default","ast-site-content-layout":"default","site-content-style":"default","site-sidebar-style":"default","ast-global-header-display":"","ast-banner-title-visibility":"","ast-main-header-display":"","ast-hfb-above-header-display":"","ast-hfb-below-header-display":"","ast-hfb-mobile-header-display":"","site-post-title":"disabled","ast-breadcrumbs-content":"disabled","ast-featured-img":"disabled","footer-sml-layout":"","ast-disable-related-posts":"","theme-transparent-header-meta":"default","adv-header-id-meta":"","stick-header-meta":"","header-above-stick-meta":"","header-main-stick-meta":"","header-below-stick-meta":"","astra-migrate-meta-layouts":"set","ast-page-background-enabled":"default","ast-page-background-meta":{"desktop":{"background-color":"","background-image":"","background-repeat":"repeat","background-position":"center center","background-size":"auto","background-attachment":"scroll","background-type":"","background-media":"","overlay-type":"","overlay-color":"","overlay-opacity":"","overlay-gradient":""},"tablet":{"background-color":"","background-image":"","background-repeat":"repeat","background-position":"center center","background-size":"auto","background-attachment":"scroll","background-type":"","background-media":"","overlay-type":"","overlay-color":"","overlay-opacity":"","overlay-gradient":""},"mobile":{"background-color":"","background-image":"","background-repeat":"repeat","background-position":"center center","background-size":"auto","background-attachment":"scroll","background-type":"","background-media":"","overlay-type":"","overlay-color":"","overlay-opacity":"","overlay-gradient":""}},"ast-content-background-meta":{"desktop":{"background-color":"var(--ast-global-color-5)","background-image":"","background-repeat":"repeat","background-position":"center center","background-size":"auto","background-attachment":"scroll","background-type":"","background-media":"","overlay-type":"","overlay-color":"","overlay-opacity":"","overlay-gradient":""},"tablet":{"background-color":"var(--ast-global-color-5)","background-image":"","background-repeat":"repeat","background-position":"center center","background-size":"auto","background-attachment":"scroll","background-type":"","background-media":"","overlay-type":"","overlay-color":"","overlay-opacity":"","overlay-gradient":""},"mobile":{"background-color":"var(--ast-global-color-5)","background-image":"","background-repeat":"repeat","background-position":"center center","background-size":"auto","background-attachment":"scroll","background-type":"","background-media":"","overlay-type":"","overlay-color":"","overlay-opacity":"","overlay-gradient":""}},"footnotes":""},"categories":[3],"tags":[331],"class_list":["post-4642","post","type-post","status-publish","format-standard","has-post-thumbnail","hentry","category-sinimail","tag-sinimail-no-29-2023-24-08-2023"],"aioseo_notices":[],"gutentor_comment":0,"uagb_featured_image_src":{"full":["https:\/\/sinicesp.org.br\/wp-content\/uploads\/2023\/08\/sinimail-2023-29-pequena.jpg",250,167,false],"thumbnail":["https:\/\/sinicesp.org.br\/wp-content\/uploads\/2023\/08\/sinimail-2023-29-pequena-150x150.jpg",150,150,true],"medium":["https:\/\/sinicesp.org.br\/wp-content\/uploads\/2023\/08\/sinimail-2023-29-pequena.jpg",250,167,false],"medium_large":["https:\/\/sinicesp.org.br\/wp-content\/uploads\/2023\/08\/sinimail-2023-29-pequena.jpg",250,167,false],"large":["https:\/\/sinicesp.org.br\/wp-content\/uploads\/2023\/08\/sinimail-2023-29-pequena.jpg",250,167,false],"1536x1536":["https:\/\/sinicesp.org.br\/wp-content\/uploads\/2023\/08\/sinimail-2023-29-pequena.jpg",250,167,false],"2048x2048":["https:\/\/sinicesp.org.br\/wp-content\/uploads\/2023\/08\/sinimail-2023-29-pequena.jpg",250,167,false]},"uagb_author_info":{"display_name":"Rodrigo","author_link":"https:\/\/sinicesp.org.br\/index.php\/author\/sinicesp\/"},"uagb_comment_info":0,"uagb_excerpt":"A Lei Or\u00e7ament\u00e1ria Anual (LOA), sancionada no in\u00edcio deste ano, previa investimentos em infraestrutura de transporte de mais de R$ 17 bilh\u00f5es. Desse montante, R$ 16,4 bilh\u00f5es deveriam ser destinados para transporte terrestre e tr\u00e2nsito, R$ 2,12 bilh\u00f5es para transporte aquavi\u00e1rio e R$ 603 milh\u00f5es para avia\u00e7\u00e3o civil.","_links":{"self":[{"href":"https:\/\/sinicesp.org.br\/index.php\/wp-json\/wp\/v2\/posts\/4642","targetHints":{"allow":["GET"]}}],"collection":[{"href":"https:\/\/sinicesp.org.br\/index.php\/wp-json\/wp\/v2\/posts"}],"about":[{"href":"https:\/\/sinicesp.org.br\/index.php\/wp-json\/wp\/v2\/types\/post"}],"author":[{"embeddable":true,"href":"https:\/\/sinicesp.org.br\/index.php\/wp-json\/wp\/v2\/users\/1"}],"replies":[{"embeddable":true,"href":"https:\/\/sinicesp.org.br\/index.php\/wp-json\/wp\/v2\/comments?post=4642"}],"version-history":[{"count":0,"href":"https:\/\/sinicesp.org.br\/index.php\/wp-json\/wp\/v2\/posts\/4642\/revisions"}],"wp:featuredmedia":[{"embeddable":true,"href":"https:\/\/sinicesp.org.br\/index.php\/wp-json\/wp\/v2\/media\/4643"}],"wp:attachment":[{"href":"https:\/\/sinicesp.org.br\/index.php\/wp-json\/wp\/v2\/media?parent=4642"}],"wp:term":[{"taxonomy":"category","embeddable":true,"href":"https:\/\/sinicesp.org.br\/index.php\/wp-json\/wp\/v2\/categories?post=4642"},{"taxonomy":"post_tag","embeddable":true,"href":"https:\/\/sinicesp.org.br\/index.php\/wp-json\/wp\/v2\/tags?post=4642"}],"curies":[{"name":"wp","href":"https:\/\/api.w.org\/{rel}","templated":true}]}}