{"id":4757,"date":"2023-09-15T10:30:02","date_gmt":"2023-09-15T13:30:02","guid":{"rendered":"https:\/\/sinicesp.org.br\/?p=4757"},"modified":"2023-09-15T10:30:49","modified_gmt":"2023-09-15T13:30:49","slug":"vivi-capacitismo-por-todos-os-empregos-pelos-quais-passei-21-de-setembro-dia-nacional-da-luta-das-pessoas-com-deficiencia","status":"publish","type":"post","link":"https:\/\/sinicesp.org.br\/index.php\/2023\/09\/15\/vivi-capacitismo-por-todos-os-empregos-pelos-quais-passei-21-de-setembro-dia-nacional-da-luta-das-pessoas-com-deficiencia\/","title":{"rendered":"\u201cVivi capacitismo por todos os empregos pelos quais passei\u201d 21 de setembro, Dia Nacional da Luta das Pessoas com Defici\u00eancia"},"content":{"rendered":"\n<section class=\"wp-block-uagb-section uagb-section__wrap uagb-section__background-color uagb-block-8ff5104a\"><div class=\"uagb-section__overlay\"><\/div><div class=\"uagb-section__inner-wrap\">\n<div style=\"height:10px\" aria-hidden=\"true\" class=\"wp-block-spacer\"><\/div>\n\n\n\n<div class=\"wp-block-uagb-advanced-heading uagb-block-a69e6b06\"><h3 class=\"uagb-heading-text\"><br><strong>Inclus\u00e3o profissional n\u00ba 17\/2023 &#8211; 15\/09\/2022 <\/strong><\/h3><div class=\"uagb-separator\"><\/div><\/div>\n\n\n\n<p><\/p>\n<\/div><\/section>\n\n\n\n<section class=\"wp-block-uagb-section uagb-section__wrap uagb-section__background-color uagb-block-e06a446c\"><div class=\"uagb-section__overlay\"><\/div><div class=\"uagb-section__inner-wrap\">\n<h2 class=\"wp-block-heading has-text-color\" style=\"color:#0767b1\"><strong>\u201cVivi capacitismo por todos os empregos pelos quais passei\u201d 21 de setembro, Dia Nacional da Luta das Pessoas com Defici\u00eancia<\/strong><\/h2>\n\n\n\n<div style=\"height:30px\" aria-hidden=\"true\" class=\"wp-block-spacer\"><\/div>\n\n\n\n<p><strong>* Por Sergio Gomes<\/strong><\/p>\n\n\n\n<div style=\"height:30px\" aria-hidden=\"true\" class=\"wp-block-spacer\"><\/div>\n\n\n\n<div id=\"section-g3ca3d8\" class=\"wp-block-gutentor-e6 section-g3ca3d8 gutentor-element gutentor-element-image text-align-center-desktop\"><div class=\"gutentor-element-image-box\"><div class=\"gutentor-image-thumb\"><img decoding=\"async\" class=\"normal-image\" src=\"https:\/\/sinicesp.org.br\/wp-content\/uploads\/2023\/09\/inclusao-2023-17-pequena.jpg\" \/><\/div><\/div><\/div>\n\n\n\n<p class=\"has-text-align-center has-small-font-size\"><strong>foto de Leandra em 2006, na abertura da novela P\u00e1ginas da Vida<\/strong><\/p>\n\n\n\n<div style=\"height:30px\" aria-hidden=\"true\" class=\"wp-block-spacer\"><\/div>\n\n\n\n<p><strong>1- Voc\u00ea est\u00e1 h\u00e1 mais de 20 anos na luta pelos direitos das pessoas com defici\u00eancia. Nesse tempo quais foram as maiores dificuldades e que ainda persistem, al\u00e9m do capacitismo e do preconceito?<\/strong> <br><br><strong>Leandra Migotto Certeza<\/strong>\u00a0Quando trabalhei como jornalista, as poucas leis que j\u00e1 existiam n\u00e3o eram conhecidas e muito menos respeitadas e cumpridas. Hoje pouca coisa mudou e ainda falta MUITO para garantir a cidadania na pr\u00e1tica das pessoas com defici\u00eancia no Brasil! Como ativista social desde 1996 eu vivi situa\u00e7\u00f5es terr\u00edveis dentro dos \u00f3rg\u00e3os p\u00fablicos e at\u00e9 em associa\u00e7\u00f5es que tamb\u00e9m eram dominadas por pessoas sem defici\u00eancia que n\u00e3o deixavam as pessoas com defici\u00eancia serem ouvidas! Assim como na minha \u00e9poca, a maioria das empresas de recursos humanos hoje, ainda n\u00e3o s\u00e3o comandadas por profissionais com defici\u00eancia, assim como empresas de outros setores. Falta protagonismo porque existe capacitismo e barreiras atitudinais, f\u00edsicas e comunicacionais! N\u00e3o se pode esquecer que ABSOLUTAMENTE todos os SERES HUMANOS podem adquirir qualquer situa\u00e7\u00e3o de defici\u00eancia em qualquer mil\u00e9simo de segundo! Todos os seres humanos est\u00e3o sujeitos a acidentes de tr\u00e2nsito, viol\u00eancias, ou demais situa\u00e7\u00f5es como o envelhecimento que as deixar\u00e3o com sequelas para conseguirem ouvir, enxergar ou caminhar, por exemplo. <br><br><strong>2- Sobre mercado de trabalho: quais foram suas maiores dificuldades para ingressar no mercado de trabalho e hoje como isso mudou?<\/strong> <br><br><strong>Leandra Migotto Certeza<\/strong>\u00a0Eu vivi situa\u00e7\u00f5es de preconceito, discrimina\u00e7\u00e3o e capacitismo em todos os empregos pelos quais passei. Os momentos mais dolorosos e que deixam marcas na minha vida, infelizmente, aconteceram dentro de grandes empresas que se diziam lutar por uma suposta \u2018inclus\u00e3o\u2019; e at\u00e9 com empreendedores da \u00e1rea da inclus\u00e3o que a pouco tempo me ofereceram fun\u00e7\u00f5es incompat\u00edveis com a minha forma\u00e7\u00e3o e experi\u00eancia profissional, al\u00e9m de pagar baixos valores ou pedir que eu escrevesse reportagens sem assinar o meu nome como jornalista!!! S\u00e3o situa\u00e7\u00f5es que se repetem diariamente ainda! Eu sempre leio relatos de pessoas com defici\u00eancia que s\u00e3o convidadas para realizarem palestras e outros trabalhos voluntariamente ou com valores bem abaixo do mercado. Os jovens de hoje s\u00e3o discriminados exatamente como eu fui um dia. Terr\u00edvel essa situa\u00e7\u00e3o! Eu espero n\u00e3o morrer sem ver uma grande mudan\u00e7a de paradigma!\u00a0\u00a0 <br><br><strong>3- Quais s\u00e3o as atitudes mais eficientes para garantir a inclus\u00e3o de pessoas com defici\u00eancia na sociedade?<\/strong> <br><br><strong>Leandra Migotto Certeza<\/strong>\u00a0Acredito que a a\u00e7\u00e3o primordial que conduz a outras eficientes \u00e9 o respeito ao protagonismo das pessoas com defici\u00eancia em absolutamente todos os setores da sociedade: sa\u00fade, pesquisas, educa\u00e7\u00e3o, trabalho, pol\u00edtica, cultura, esportes, lazer entre outras. Quando todas as pessoas com defici\u00eancia (f\u00edsica, auditiva, visual, intelectual, mental, surdocegueira e m\u00faltipla) foram ouvidas e respeitadas em todas as suas necessidades espec\u00edficas, as demais a\u00e7\u00f5es de acessibilidade, inclus\u00e3o e cidadania ir\u00e3o ser mais eficientes e constantes. E para garantir esse protagonismo das pessoas com defici\u00eancia no trabalho \u00e9 preciso primeiro lutar por um sistema educacional verdadeiramente inclusivo em toda a rede de ensino no Brasil. <br><br><strong>4- O que significa o 21 de setembro \u2013 Dia Nacional de Luta da Pessoa com Defici\u00eancia hoje, depois de mais de 40 anos de lutas, novas legisla\u00e7\u00f5es e novos ativistas tamb\u00e9m nas redes sociais?<\/strong> <br><br><strong>Leandra Migotto Certeza<\/strong>\u00a0O que ainda persiste hoje \u00e9 o n\u00e3o cumprimento do lema das pessoas com defici\u00eancia: \u201cNada sobre n\u00f3s, sem n\u00f3s\u201d!! E para isso, as pessoas sem defici\u00eancia precisam lutar junto com quem tem defici\u00eancia para serem anti capacitistas todos os dias do ano e n\u00e3o s\u00f3 nas datas comemorativas, como o Dia Nacional ou Internacional de Lutas das Pessoas com Defici\u00eancia.\u00a0\u00a0\u00a0 <br><br>Os movimentos das pessoas negras com defici\u00eancia e das pessoas LGBTQIAP+ com defici\u00eancia, conseguiram serem vistas por meio das redes sociais como seres humanos que lutam diariamente por seus direitos! Por\u00e9m ainda falta muito para garantir que a interseccionalidade da defici\u00eancia com etnias, g\u00eaneros, idades, por exemplo, fa\u00e7am parte das pol\u00edticas p\u00fablicas com lugar de fala para quem mais necessita ser ouvido e respeitado! <br><br><strong>Para conhecer a carreira de Leandra Migotto Certeza, mulher com defici\u00eancia f\u00edsica, poeta, escritora, ativista social desde 1996 e idealizadora da Coletiva Girassol \u2013 Protagonismo das Escritoras com Defici\u00eancia:<\/strong> <br><br><a href=\"https:\/\/www.linkedin.com\/in\/leandra-migotto-certeza-00a12141\/\" target=\"_blank\" rel=\"noopener\" title=\"\">https:\/\/www.linkedin.com\/in\/leandra-migotto-certeza-00a12141\/<\/a> <br><br>\u201cEu era merecedor de caridade mas n\u00e3o de cidadania\u201d.\u00a0<strong>Conhe\u00e7a a hist\u00f3ria dos Movimentos Pol\u00edticos e Sociais das Pessoas com Defici\u00eancia no Brasil<\/strong>. Lan\u00e7ado em 2010, o document\u00e1rio HIST\u00d3RIA DO MOVIMENTO POL\u00cdTICO DAS PESSOAS COM DEFICI\u00caNCIA NO BRASIL, de Aluizio Salles Junior\/Fazenda Filmes, \u00e9 uma produ\u00e7\u00e3o da Organiza\u00e7\u00e3o dos Estados Ibero-americanos \u2013 OEI e da Secretaria de Direitos Humanos, na gest\u00e3o da secret\u00e1ria Izabel Maior. A partir da mem\u00f3ria e da documenta\u00e7\u00e3o de 25 ativistas pioneiros, pessoas decisivas para as conquistas, que refizeram o percurso \u00e1rduo de um segmento socialmente invis\u00edvel. <br><br><strong>\u00c9 preciso falar sobre anticapacitismo com qualifica\u00e7\u00e3o!<\/strong>\u00a0E existem pessoas com defici\u00eancia que fazem esse trabalho de conscientiza\u00e7\u00e3o com brilhantismo, como a Janela da Patty: @janeladapatty <br><br>* Sergio Gomes, que escreve para o site da C\u00e2mara Paulista de Inclus\u00e3o. S\u00e9rgio \u00e9 tamb\u00e9m uma pessoa com esquizofrenia. <br><br><strong>Fonte<\/strong>: C\u00e2mara Paulista para Inclus\u00e3o da Pessoa com Defici\u00eancia <\/p>\n\n\n\n<div style=\"height:70px\" aria-hidden=\"true\" class=\"wp-block-spacer\"><\/div>\n\n\n\n<div id=\"section-g4be060\" class=\"wp-block-gutentor-e6 section-g4be060 gutentor-element gutentor-element-image text-align-center-desktop\"><div class=\"gutentor-element-image-box\"><a class=\"gutentor-element-image-link\" href=\"window.print()\"><div class=\"gutentor-image-thumb\"><img decoding=\"async\" class=\"normal-image\" src=\"https:\/\/sinicesp.org.br\/wp-content\/uploads\/2022\/01\/impressora.png\" \/><\/div><\/a><\/div><\/div>\n<\/div><\/section>\n","protected":false},"excerpt":{"rendered":"<p>Para proporcionar maior conhecimento sobre a data, o jornalista da C\u00e2mara Paulista pela Inclus\u00e3o, Sergio Gomes, entrevistou Leandra Migotto Certeza, jornalista e ativista pelos direitos das pessoas com defici\u00eancia, e trouxe no final da reportagem um document\u00e1rio sobre a hist\u00f3ria do movimento pol\u00edtico social de pessoas com defici\u00eancia no Brasil, com 25 entrevistas. Conhe\u00e7a essa hist\u00f3ria.<\/p>\n","protected":false},"author":1,"featured_media":4758,"comment_status":"closed","ping_status":"closed","sticky":false,"template":"","format":"standard","meta":{"om_disable_all_campaigns":false,"_uag_custom_page_level_css":"","_monsterinsights_skip_tracking":false,"_monsterinsights_sitenote_active":false,"_monsterinsights_sitenote_note":"","_monsterinsights_sitenote_category":0,"site-sidebar-layout":"default","site-content-layout":"default","ast-site-content-layout":"default","site-content-style":"default","site-sidebar-style":"default","ast-global-header-display":"","ast-banner-title-visibility":"","ast-main-header-display":"","ast-hfb-above-header-display":"","ast-hfb-below-header-display":"","ast-hfb-mobile-header-display":"","site-post-title":"disabled","ast-breadcrumbs-content":"disabled","ast-featured-img":"disabled","footer-sml-layout":"","ast-disable-related-posts":"","theme-transparent-header-meta":"default","adv-header-id-meta":"","stick-header-meta":"","header-above-stick-meta":"","header-main-stick-meta":"","header-below-stick-meta":"","astra-migrate-meta-layouts":"set","ast-page-background-enabled":"default","ast-page-background-meta":{"desktop":{"background-color":"","background-image":"","background-repeat":"repeat","background-position":"center center","background-size":"auto","background-attachment":"scroll","background-type":"","background-media":"","overlay-type":"","overlay-color":"","overlay-opacity":"","overlay-gradient":""},"tablet":{"background-color":"","background-image":"","background-repeat":"repeat","background-position":"center center","background-size":"auto","background-attachment":"scroll","background-type":"","background-media":"","overlay-type":"","overlay-color":"","overlay-opacity":"","overlay-gradient":""},"mobile":{"background-color":"","background-image":"","background-repeat":"repeat","background-position":"center center","background-size":"auto","background-attachment":"scroll","background-type":"","background-media":"","overlay-type":"","overlay-color":"","overlay-opacity":"","overlay-gradient":""}},"ast-content-background-meta":{"desktop":{"background-color":"var(--ast-global-color-5)","background-image":"","background-repeat":"repeat","background-position":"center center","background-size":"auto","background-attachment":"scroll","background-type":"","background-media":"","overlay-type":"","overlay-color":"","overlay-opacity":"","overlay-gradient":""},"tablet":{"background-color":"var(--ast-global-color-5)","background-image":"","background-repeat":"repeat","background-position":"center center","background-size":"auto","background-attachment":"scroll","background-type":"","background-media":"","overlay-type":"","overlay-color":"","overlay-opacity":"","overlay-gradient":""},"mobile":{"background-color":"var(--ast-global-color-5)","background-image":"","background-repeat":"repeat","background-position":"center center","background-size":"auto","background-attachment":"scroll","background-type":"","background-media":"","overlay-type":"","overlay-color":"","overlay-opacity":"","overlay-gradient":""}},"footnotes":""},"categories":[12],"tags":[109],"class_list":["post-4757","post","type-post","status-publish","format-standard","has-post-thumbnail","hentry","category-inclusao-profissional","tag-entrevista"],"aioseo_notices":[],"gutentor_comment":0,"uagb_featured_image_src":{"full":["https:\/\/sinicesp.org.br\/wp-content\/uploads\/2023\/09\/inclusao-2023-17-pequena.jpg",250,167,false],"thumbnail":["https:\/\/sinicesp.org.br\/wp-content\/uploads\/2023\/09\/inclusao-2023-17-pequena-150x150.jpg",150,150,true],"medium":["https:\/\/sinicesp.org.br\/wp-content\/uploads\/2023\/09\/inclusao-2023-17-pequena.jpg",250,167,false],"medium_large":["https:\/\/sinicesp.org.br\/wp-content\/uploads\/2023\/09\/inclusao-2023-17-pequena.jpg",250,167,false],"large":["https:\/\/sinicesp.org.br\/wp-content\/uploads\/2023\/09\/inclusao-2023-17-pequena.jpg",250,167,false],"1536x1536":["https:\/\/sinicesp.org.br\/wp-content\/uploads\/2023\/09\/inclusao-2023-17-pequena.jpg",250,167,false],"2048x2048":["https:\/\/sinicesp.org.br\/wp-content\/uploads\/2023\/09\/inclusao-2023-17-pequena.jpg",250,167,false]},"uagb_author_info":{"display_name":"Rodrigo","author_link":"https:\/\/sinicesp.org.br\/index.php\/author\/sinicesp\/"},"uagb_comment_info":0,"uagb_excerpt":"Para proporcionar maior conhecimento sobre a data, o jornalista da C\u00e2mara Paulista pela Inclus\u00e3o, Sergio Gomes, entrevistou Leandra Migotto Certeza, jornalista e ativista pelos direitos das pessoas com defici\u00eancia, e trouxe no final da reportagem um document\u00e1rio sobre a hist\u00f3ria do movimento pol\u00edtico social de pessoas com defici\u00eancia no Brasil, com 25 entrevistas. Conhe\u00e7a essa&hellip;","_links":{"self":[{"href":"https:\/\/sinicesp.org.br\/index.php\/wp-json\/wp\/v2\/posts\/4757","targetHints":{"allow":["GET"]}}],"collection":[{"href":"https:\/\/sinicesp.org.br\/index.php\/wp-json\/wp\/v2\/posts"}],"about":[{"href":"https:\/\/sinicesp.org.br\/index.php\/wp-json\/wp\/v2\/types\/post"}],"author":[{"embeddable":true,"href":"https:\/\/sinicesp.org.br\/index.php\/wp-json\/wp\/v2\/users\/1"}],"replies":[{"embeddable":true,"href":"https:\/\/sinicesp.org.br\/index.php\/wp-json\/wp\/v2\/comments?post=4757"}],"version-history":[{"count":0,"href":"https:\/\/sinicesp.org.br\/index.php\/wp-json\/wp\/v2\/posts\/4757\/revisions"}],"wp:featuredmedia":[{"embeddable":true,"href":"https:\/\/sinicesp.org.br\/index.php\/wp-json\/wp\/v2\/media\/4758"}],"wp:attachment":[{"href":"https:\/\/sinicesp.org.br\/index.php\/wp-json\/wp\/v2\/media?parent=4757"}],"wp:term":[{"taxonomy":"category","embeddable":true,"href":"https:\/\/sinicesp.org.br\/index.php\/wp-json\/wp\/v2\/categories?post=4757"},{"taxonomy":"post_tag","embeddable":true,"href":"https:\/\/sinicesp.org.br\/index.php\/wp-json\/wp\/v2\/tags?post=4757"}],"curies":[{"name":"wp","href":"https:\/\/api.w.org\/{rel}","templated":true}]}}