{"id":4842,"date":"2023-10-09T08:34:00","date_gmt":"2023-10-09T11:34:00","guid":{"rendered":"https:\/\/sinicesp.org.br\/?p=4842"},"modified":"2023-10-09T08:34:02","modified_gmt":"2023-10-09T11:34:02","slug":"trt-15-concede-liminar-contra-convencao-coletiva-que-excluiu-os-profissionais-da-area-de-vigilancia-da-base-de-calculo-da-cota-de-aprendizes-e-de-pcds","status":"publish","type":"post","link":"https:\/\/sinicesp.org.br\/index.php\/2023\/10\/09\/trt-15-concede-liminar-contra-convencao-coletiva-que-excluiu-os-profissionais-da-area-de-vigilancia-da-base-de-calculo-da-cota-de-aprendizes-e-de-pcds\/","title":{"rendered":"TRT-15 concede liminar contra Conven\u00e7\u00e3o Coletiva que excluiu os profissionais da \u00e1rea de vigil\u00e2ncia da base de c\u00e1lculo da cota de aprendizes e de PCDs"},"content":{"rendered":"\n<section class=\"wp-block-uagb-section uagb-section__wrap uagb-section__background-color uagb-block-0fb1b19a\"><div class=\"uagb-section__overlay\"><\/div><div class=\"uagb-section__inner-wrap\">\n<div style=\"height:10px\" aria-hidden=\"true\" class=\"wp-block-spacer\"><\/div>\n\n\n\n<div class=\"wp-block-uagb-advanced-heading uagb-block-feb22a87\"><h3 class=\"uagb-heading-text\"><br><strong>Inclus\u00e3o profissional n\u00ba 18\/2023 &#8211; 09\/10\/2023 <\/strong><\/h3><div class=\"uagb-separator\"><\/div><\/div>\n\n\n\n<p><\/p>\n<\/div><\/section>\n\n\n\n<section class=\"wp-block-uagb-section uagb-section__wrap uagb-section__background-color uagb-block-08ad0879\"><div class=\"uagb-section__overlay\"><\/div><div class=\"uagb-section__inner-wrap\">\n<h2 class=\"wp-block-heading has-text-color\" style=\"color:#0767b1\"><strong>TRT-15 concede liminar contra Conven\u00e7\u00e3o Coletiva que excluiu os profissionais da \u00e1rea de vigil\u00e2ncia da base de c\u00e1lculo da cota de aprendizes e de PCDs<\/strong><\/h2>\n\n\n\n<div style=\"height:30px\" aria-hidden=\"true\" class=\"wp-block-spacer\"><\/div>\n\n\n\n<p>Em tutela de urg\u00eancia, o desembargador \u00a0do Tribunal Regional do Trabalho da 15\u00aa Regi\u00e3o, Jo\u00e3o Batista Martins C\u00e9sar, determinou, na quarta-feira, 4\/10, \u00a0a suspens\u00e3o dos efeitos de cl\u00e1usula da Conven\u00e7\u00e3o Coletiva de Trabalho que exclu\u00eda das fun\u00e7\u00f5es que exigiam porte de arma e curso de forma\u00e7\u00e3o de vigilante da base de c\u00e1lculo da cota de aprendizagem e para pessoas com defici\u00eancia (PCDs). Na decis\u00e3o, o magistrado ressaltou que \u201ca educa\u00e7\u00e3o profissional, a\u00ed inclu\u00edda a aprendizagem, al\u00e9m de ser um direito fundamental no nosso ordenamento jur\u00eddico, \u00e9 um direito universal, e todos os esfor\u00e7os devem ser feitos para a sua efetiva\u00e7\u00e3o.\u201d <br><br>A a\u00e7\u00e3o foi proposta pelo Minist\u00e9rio P\u00fablico em face de Conven\u00e7\u00e3o Coletiva de Trabalho (CCT) celebrada entre \u00a0o Sindicato das Empresas de Seguran\u00e7a Privada, Seguran\u00e7a Eletr\u00f4nica e Cursos de Forma\u00e7\u00e3o do \u00a0Estado de S\u00e3o Paulo, Sindicato (Sesvesp) e Sindicato dos Empregados em Empresas de Seguran\u00e7a e Vigil\u00e2ncia de \u00a0Presidente Prudente e \u00a0Regi\u00e3o, \u00a0a qual \u00a0rejeitava as cotas de aprendizes e de pessoas com defici\u00eancia na forma\u00e7\u00e3o de profissionais de seguran\u00e7a privada. \u201cO atendimento \u00e0 porcentagem exigida na cota de aprendizagem, deve ser feito exclusivamente atrav\u00e9s do dimensionamento do setor administrativo\u201d, afirmava a 26\u00aa cl\u00e1usula da CCT. <br><br>Em sua fundamenta\u00e7\u00e3o, o magistrado mencionou entendimento do Tribunal Superior do Trabalho \u201cpela possibilidade de contrata\u00e7\u00e3o de jovens aprendizes na fun\u00e7\u00e3o de seguran\u00e7a privada\u201d, sendo que \u201c se imp\u00f5e a necessidade de c\u00f4mputo do n\u00famero desses profissionais na apura\u00e7\u00e3o dos montantes m\u00ednimos e m\u00e1ximos de vagas a serem ocupadas por aprendizes, na forma dos arts. 428 e 429 da CLT.\u201d <br><br>Nesse percurso, Jo\u00e3o Batista Martins C\u00e9sar \u00a0evidenciou que \u201ca limita\u00e7\u00e3o da base de c\u00e1lculo da cota prevista no artigo 429 da CLT por norma coletiva transpassa o interesse coletivo das categorias representadas, para alcan\u00e7ar e regular direito difuso dissociado das condi\u00e7\u00f5es de trabalho.\u201d O desembargador ainda ressaltou que tal cl\u00e1usula \u201cignora o direito fundamental \u00e0 qualifica\u00e7\u00e3o profissional de nossos adolescentes e jovens\u201d, e tamb\u00e9m apontou que \u00a0os sindicatos profissional e patronal n\u00e3o det\u00e9m legitimidade para dispor sobre mat\u00e9ria alusiva aos interesses difusos dos trabalhadores. \u201cTrata-se de mat\u00e9ria de ordem e de pol\u00edticas p\u00fablicas, que n\u00e3o \u00e9 \u00a0pass\u00edvel de negocia\u00e7\u00e3o coletiva, sob pena de viola\u00e7\u00e3o do art. 611 da CLT\u201d, refor\u00e7a o magistrado. <br><br><strong>Lei do Jovem Aprendiz<\/strong> <br><br>A Lei n\u00ba 10.097\/00 \u00a0prev\u00ea que os estabelecimentos de qualquer natureza s\u00e3o obrigados a empregar e matricular nos cursos dos Servi\u00e7os Nacionais de Aprendizagem n\u00famero de aprendizes equivalente a 5%, no m\u00ednimo, e 15% por cento, no m\u00e1ximo, dos trabalhadores existentes em cada estabelecimento, cujas fun\u00e7\u00f5es demandem forma\u00e7\u00e3o profissional. <br><br><a href=\"https:\/\/pje.trt15.jus.br\/consultaprocessual\/\" target=\"_blank\" rel=\"noopener\" title=\"\">Processo n\u00ba: 0048205-18.2023.5.15.0000<\/a> <br><br><strong>Fonte<\/strong>: TRT 15-15<\/p>\n\n\n\n<div style=\"height:70px\" aria-hidden=\"true\" class=\"wp-block-spacer\"><\/div>\n\n\n\n<div id=\"section-gc28f97\" class=\"wp-block-gutentor-e6 section-gc28f97 gutentor-element gutentor-element-image text-align-center-desktop\"><div class=\"gutentor-element-image-box\"><a class=\"gutentor-element-image-link\" href=\"window.print()\"><div class=\"gutentor-image-thumb\"><img decoding=\"async\" class=\"normal-image\" src=\"https:\/\/sinicesp.org.br\/wp-content\/uploads\/2022\/01\/impressora.png\" \/><\/div><\/a><\/div><\/div>\n<\/div><\/section>\n","protected":false},"excerpt":{"rendered":"<p>A a\u00e7\u00e3o foi proposta pelo Minist\u00e9rio P\u00fablico em face de Conven\u00e7\u00e3o Coletiva de Trabalho (CCT) celebrada.<\/p>\n","protected":false},"author":1,"featured_media":0,"comment_status":"closed","ping_status":"closed","sticky":false,"template":"","format":"standard","meta":{"om_disable_all_campaigns":false,"_uag_custom_page_level_css":"","_monsterinsights_skip_tracking":false,"_monsterinsights_sitenote_active":false,"_monsterinsights_sitenote_note":"","_monsterinsights_sitenote_category":0,"site-sidebar-layout":"default","site-content-layout":"default","ast-site-content-layout":"default","site-content-style":"default","site-sidebar-style":"default","ast-global-header-display":"","ast-banner-title-visibility":"","ast-main-header-display":"","ast-hfb-above-header-display":"","ast-hfb-below-header-display":"","ast-hfb-mobile-header-display":"","site-post-title":"disabled","ast-breadcrumbs-content":"disabled","ast-featured-img":"disabled","footer-sml-layout":"","ast-disable-related-posts":"","theme-transparent-header-meta":"default","adv-header-id-meta":"","stick-header-meta":"","header-above-stick-meta":"","header-main-stick-meta":"","header-below-stick-meta":"","astra-migrate-meta-layouts":"set","ast-page-background-enabled":"default","ast-page-background-meta":{"desktop":{"background-color":"","background-image":"","background-repeat":"repeat","background-position":"center center","background-size":"auto","background-attachment":"scroll","background-type":"","background-media":"","overlay-type":"","overlay-color":"","overlay-opacity":"","overlay-gradient":""},"tablet":{"background-color":"","background-image":"","background-repeat":"repeat","background-position":"center center","background-size":"auto","background-attachment":"scroll","background-type":"","background-media":"","overlay-type":"","overlay-color":"","overlay-opacity":"","overlay-gradient":""},"mobile":{"background-color":"","background-image":"","background-repeat":"repeat","background-position":"center center","background-size":"auto","background-attachment":"scroll","background-type":"","background-media":"","overlay-type":"","overlay-color":"","overlay-opacity":"","overlay-gradient":""}},"ast-content-background-meta":{"desktop":{"background-color":"var(--ast-global-color-5)","background-image":"","background-repeat":"repeat","background-position":"center center","background-size":"auto","background-attachment":"scroll","background-type":"","background-media":"","overlay-type":"","overlay-color":"","overlay-opacity":"","overlay-gradient":""},"tablet":{"background-color":"var(--ast-global-color-5)","background-image":"","background-repeat":"repeat","background-position":"center center","background-size":"auto","background-attachment":"scroll","background-type":"","background-media":"","overlay-type":"","overlay-color":"","overlay-opacity":"","overlay-gradient":""},"mobile":{"background-color":"var(--ast-global-color-5)","background-image":"","background-repeat":"repeat","background-position":"center center","background-size":"auto","background-attachment":"scroll","background-type":"","background-media":"","overlay-type":"","overlay-color":"","overlay-opacity":"","overlay-gradient":""}},"footnotes":""},"categories":[12],"tags":[15],"class_list":["post-4842","post","type-post","status-publish","format-standard","hentry","category-inclusao-profissional","tag-noticia"],"aioseo_notices":[],"gutentor_comment":0,"uagb_featured_image_src":{"full":false,"thumbnail":false,"medium":false,"medium_large":false,"large":false,"1536x1536":false,"2048x2048":false},"uagb_author_info":{"display_name":"Rodrigo","author_link":"https:\/\/sinicesp.org.br\/index.php\/author\/sinicesp\/"},"uagb_comment_info":0,"uagb_excerpt":"A a\u00e7\u00e3o foi proposta pelo Minist\u00e9rio P\u00fablico em face de Conven\u00e7\u00e3o Coletiva de Trabalho (CCT) celebrada.","_links":{"self":[{"href":"https:\/\/sinicesp.org.br\/index.php\/wp-json\/wp\/v2\/posts\/4842","targetHints":{"allow":["GET"]}}],"collection":[{"href":"https:\/\/sinicesp.org.br\/index.php\/wp-json\/wp\/v2\/posts"}],"about":[{"href":"https:\/\/sinicesp.org.br\/index.php\/wp-json\/wp\/v2\/types\/post"}],"author":[{"embeddable":true,"href":"https:\/\/sinicesp.org.br\/index.php\/wp-json\/wp\/v2\/users\/1"}],"replies":[{"embeddable":true,"href":"https:\/\/sinicesp.org.br\/index.php\/wp-json\/wp\/v2\/comments?post=4842"}],"version-history":[{"count":0,"href":"https:\/\/sinicesp.org.br\/index.php\/wp-json\/wp\/v2\/posts\/4842\/revisions"}],"wp:attachment":[{"href":"https:\/\/sinicesp.org.br\/index.php\/wp-json\/wp\/v2\/media?parent=4842"}],"wp:term":[{"taxonomy":"category","embeddable":true,"href":"https:\/\/sinicesp.org.br\/index.php\/wp-json\/wp\/v2\/categories?post=4842"},{"taxonomy":"post_tag","embeddable":true,"href":"https:\/\/sinicesp.org.br\/index.php\/wp-json\/wp\/v2\/tags?post=4842"}],"curies":[{"name":"wp","href":"https:\/\/api.w.org\/{rel}","templated":true}]}}