{"id":4884,"date":"2023-10-25T08:00:00","date_gmt":"2023-10-25T11:00:00","guid":{"rendered":"https:\/\/sinicesp.org.br\/?p=4884"},"modified":"2023-10-24T15:36:51","modified_gmt":"2023-10-24T18:36:51","slug":"mantida-incidencia-de-adicional-noturno-sobre-prorrogacao-da-jornada","status":"publish","type":"post","link":"https:\/\/sinicesp.org.br\/index.php\/2023\/10\/25\/mantida-incidencia-de-adicional-noturno-sobre-prorrogacao-da-jornada\/","title":{"rendered":"Mantida incid\u00eancia de adicional noturno sobre prorroga\u00e7\u00e3o da jornada"},"content":{"rendered":"\n<p><\/p>\n\n\n\n<section class=\"wp-block-uagb-section uagb-section__wrap uagb-section__background-color uagb-block-d5a5581e\"><div class=\"uagb-section__overlay\"><\/div><div class=\"uagb-section__inner-wrap\">\n<div style=\"height:10px\" aria-hidden=\"true\" class=\"wp-block-spacer\"><\/div>\n\n\n\n<div class=\"wp-block-uagb-advanced-heading uagb-block-36d776d1\"><h3 class=\"uagb-heading-text\"><br><strong>Boletim Jur\u00eddico n\u00ba 10\/2023 &#8211; 25\/10\/2023 <\/strong><\/h3><div class=\"uagb-separator\"><\/div><\/div>\n\n\n\n<p><\/p>\n<\/div><\/section>\n\n\n\n<section class=\"wp-block-uagb-section uagb-section__wrap uagb-section__background-color uagb-block-39dd2c69\"><div class=\"uagb-section__overlay\"><\/div><div class=\"uagb-section__inner-wrap\">\n<h2 class=\"wp-block-heading has-text-color\" id=\"stf-custas-poderao-ser-recolhidas-por-pix-ou-cartao-a-partir-de-abril\" style=\"color:#0767b1\"><strong><strong>Mantida incid\u00eancia de adicional noturno sobre prorroga\u00e7\u00e3o da jornada<\/strong><\/strong><\/h2>\n\n\n\n<div style=\"height:30px\" aria-hidden=\"true\" class=\"wp-block-spacer\"><\/div>\n\n\n\n<p><\/p>\n\n\n\n<p>A Terceira Turma do Tribunal Superior do Trabalho manteve a condena\u00e7\u00e3o da Vale S.A. ao pagamento de diferen\u00e7as de adicional noturno sobre as horas prorrogadas do hor\u00e1rio noturno. Segundo a decis\u00e3o, a norma coletiva n\u00e3o limitava a incid\u00eancia do adicional, e, portanto, as horas em continuidade devem ter o mesmo tratamento remunerat\u00f3rio das antecedentes.<br><br><strong>Trabalho noturno<\/strong><br><br>De acordo com o artigo 73 da CLT, considera-se noturno o trabalho executado entre as 22h de um dia e as 5h do dia seguinte. Nesse per\u00edodo, deve ser pago um adicional de 20%, e cada 52min30s correspondem a uma hora para fins da remunera\u00e7\u00e3o.<br><br><strong>Diferen\u00e7as<\/strong><br><br>O acordo coletivo firmado entre a Vale e o Sindicato dos Trabalhadores da Ind\u00fastria de Extra\u00e7\u00e3o de Ferros e Metais B\u00e1sicos de Mariana (MG) previa que a hora de trabalho noturno seria \u201ccheia\u201d (de 60 minutos), com adicional de 65% (20% pelo trabalho noturno e 45% para o pagamento dos sete minutos e 30 segundos decorrentes da amplia\u00e7\u00e3o da hora noturna). Segundo o sindicato, tamb\u00e9m era devido o adicional noturno incidente sobre as horas de trabalho prestado ap\u00f3s as 5h da manh\u00e3.<br><br><strong>Triplo<\/strong><br><br>Em contesta\u00e7\u00e3o, a Vale defendeu que a cl\u00e1usula normativa limitava o direito ao adicional noturno ao per\u00edodo de 22h \u00e0s 05h. A empresa argumentou, ainda, que o adicional pago era mais do que o do triplo do previsto na CLT, justamente em raz\u00e3o da negocia\u00e7\u00e3o coletiva da categoria.<br><br><strong>TRT<\/strong><br><br>O ju\u00edzo de origem negou o pedido de diferen\u00e7as, mas a senten\u00e7a foi reformada pelo Tribunal Regional do Trabalho da 3\u00aa Regi\u00e3o (MG). Segundo a decis\u00e3o, as horas trabalhadas ap\u00f3s as 5h da manh\u00e3, em continuidade ao hor\u00e1rio legalmente estabelecido como noturno, tamb\u00e9m devem ser remuneradas com o adicional.<br><br><strong>Negocia\u00e7\u00e3o coletiva<\/strong><br><br>O relator do recurso de revista da Vale no TST, ministro Mauricio Godinho Delgado, explicou que, de acordo com a jurisprud\u00eancia do TST (S\u00famula 60), se a jornada for integralmente cumprida no per\u00edodo noturno e prorrogada, o adicional tamb\u00e9m \u00e9 devido sobre o tempo prorrogado. Por outro lado, tamb\u00e9m se firmou o entendimento de que \u00e9 v\u00e1lida a negocia\u00e7\u00e3o coletiva trabalhista que fixa o pagamento do adicional noturno superior aos 20% e, em contrapartida, a hora noturna cheia e a limita\u00e7\u00e3o ao hor\u00e1rio previsto na CLT.<br><br><strong>Previs\u00e3o expressa<\/strong><br><br>No caso, por\u00e9m, ele observou que apenas a partir de 31\/10\/2018 a norma coletiva passou a prever expressamente que o adicional noturno de 65% incidiria especificamente entre 22h e 5h, afastando o pagamento no per\u00edodo de prorroga\u00e7\u00e3o da jornada noturna, ou seja ap\u00f3s as 5h.<br>Diante desse cen\u00e1rio, o ministro considerou correta a condena\u00e7\u00e3o da Vale ao pagamento das diferen\u00e7as relativas ao per\u00edodo anterior a 31\/10\/2018.<br>A decis\u00e3o foi un\u00e2nime.<br><br>(Ricardo Reis\/CF)<br><br>Processo: <a href=\"https:\/\/consultaprocessual.tst.jus.br\/consultaProcessual\/consultaTstNumUnica.do?consulta=Consultar&amp;conscsjt=&amp;numeroTst=10475&amp;digitoTst=32&amp;anoTst=2019&amp;orgaoTst=5&amp;tribunalTst=03&amp;varaTst=0069&amp;submit=Consultar\" target=\"_blank\" rel=\"noopener\" title=\"\">Ag-RRag-10475-32.2019.5.03.0069. <\/a><br><br><strong>Fonte<\/strong>: STF<\/p>\n\n\n\n<div style=\"height:70px\" aria-hidden=\"true\" class=\"wp-block-spacer\"><\/div>\n\n\n\n<div id=\"section-g3c0cf4\" class=\"wp-block-gutentor-e6 section-g3c0cf4 gutentor-element gutentor-element-image text-align-center-desktop\"><div class=\"gutentor-element-image-box\"><a class=\"gutentor-element-image-link\" href=\"window.print()\"><div class=\"gutentor-image-thumb\"><img decoding=\"async\" class=\"normal-image\" src=\"https:\/\/sinicesp.org.br\/wp-content\/uploads\/2022\/01\/impressora.png\" \/><\/div><\/a><\/div><\/div>\n<\/div><\/section>\n","protected":false},"excerpt":{"rendered":"<p>No per\u00edodo deferido, a norma coletiva n\u00e3o limitava o direito ao adicional ao hor\u00e1rio previsto na CLT.<\/p>\n","protected":false},"author":2,"featured_media":4885,"comment_status":"closed","ping_status":"closed","sticky":false,"template":"","format":"standard","meta":{"om_disable_all_campaigns":false,"_uag_custom_page_level_css":"","_monsterinsights_skip_tracking":false,"_monsterinsights_sitenote_active":false,"_monsterinsights_sitenote_note":"","_monsterinsights_sitenote_category":0,"site-sidebar-layout":"default","site-content-layout":"default","ast-site-content-layout":"default","site-content-style":"default","site-sidebar-style":"default","ast-global-header-display":"","ast-banner-title-visibility":"","ast-main-header-display":"","ast-hfb-above-header-display":"","ast-hfb-below-header-display":"","ast-hfb-mobile-header-display":"","site-post-title":"disabled","ast-breadcrumbs-content":"disabled","ast-featured-img":"","footer-sml-layout":"","ast-disable-related-posts":"","theme-transparent-header-meta":"default","adv-header-id-meta":"","stick-header-meta":"","header-above-stick-meta":"","header-main-stick-meta":"","header-below-stick-meta":"","astra-migrate-meta-layouts":"set","ast-page-background-enabled":"default","ast-page-background-meta":{"desktop":{"background-color":"","background-image":"","background-repeat":"repeat","background-position":"center center","background-size":"auto","background-attachment":"scroll","background-type":"","background-media":"","overlay-type":"","overlay-color":"","overlay-opacity":"","overlay-gradient":""},"tablet":{"background-color":"","background-image":"","background-repeat":"repeat","background-position":"center center","background-size":"auto","background-attachment":"scroll","background-type":"","background-media":"","overlay-type":"","overlay-color":"","overlay-opacity":"","overlay-gradient":""},"mobile":{"background-color":"","background-image":"","background-repeat":"repeat","background-position":"center center","background-size":"auto","background-attachment":"scroll","background-type":"","background-media":"","overlay-type":"","overlay-color":"","overlay-opacity":"","overlay-gradient":""}},"ast-content-background-meta":{"desktop":{"background-color":"var(--ast-global-color-5)","background-image":"","background-repeat":"repeat","background-position":"center center","background-size":"auto","background-attachment":"scroll","background-type":"","background-media":"","overlay-type":"","overlay-color":"","overlay-opacity":"","overlay-gradient":""},"tablet":{"background-color":"var(--ast-global-color-5)","background-image":"","background-repeat":"repeat","background-position":"center center","background-size":"auto","background-attachment":"scroll","background-type":"","background-media":"","overlay-type":"","overlay-color":"","overlay-opacity":"","overlay-gradient":""},"mobile":{"background-color":"var(--ast-global-color-5)","background-image":"","background-repeat":"repeat","background-position":"center center","background-size":"auto","background-attachment":"scroll","background-type":"","background-media":"","overlay-type":"","overlay-color":"","overlay-opacity":"","overlay-gradient":""}},"footnotes":""},"categories":[4],"tags":[353],"class_list":["post-4884","post","type-post","status-publish","format-standard","has-post-thumbnail","hentry","category-boletim-juridico","tag-boletim-juridico-no-10-2023-25-10-2023"],"aioseo_notices":[],"gutentor_comment":0,"uagb_featured_image_src":{"full":["https:\/\/sinicesp.org.br\/wp-content\/uploads\/2023\/10\/boletim-juridico-2023-10a-pequena.jpg",250,167,false],"thumbnail":["https:\/\/sinicesp.org.br\/wp-content\/uploads\/2023\/10\/boletim-juridico-2023-10a-pequena-150x150.jpg",150,150,true],"medium":["https:\/\/sinicesp.org.br\/wp-content\/uploads\/2023\/10\/boletim-juridico-2023-10a-pequena.jpg",250,167,false],"medium_large":["https:\/\/sinicesp.org.br\/wp-content\/uploads\/2023\/10\/boletim-juridico-2023-10a-pequena.jpg",250,167,false],"large":["https:\/\/sinicesp.org.br\/wp-content\/uploads\/2023\/10\/boletim-juridico-2023-10a-pequena.jpg",250,167,false],"1536x1536":["https:\/\/sinicesp.org.br\/wp-content\/uploads\/2023\/10\/boletim-juridico-2023-10a-pequena.jpg",250,167,false],"2048x2048":["https:\/\/sinicesp.org.br\/wp-content\/uploads\/2023\/10\/boletim-juridico-2023-10a-pequena.jpg",250,167,false]},"uagb_author_info":{"display_name":"Ana Paula Amancio","author_link":"https:\/\/sinicesp.org.br\/index.php\/author\/paula\/"},"uagb_comment_info":0,"uagb_excerpt":"No per\u00edodo deferido, a norma coletiva n\u00e3o limitava o direito ao adicional ao hor\u00e1rio previsto na CLT.","_links":{"self":[{"href":"https:\/\/sinicesp.org.br\/index.php\/wp-json\/wp\/v2\/posts\/4884","targetHints":{"allow":["GET"]}}],"collection":[{"href":"https:\/\/sinicesp.org.br\/index.php\/wp-json\/wp\/v2\/posts"}],"about":[{"href":"https:\/\/sinicesp.org.br\/index.php\/wp-json\/wp\/v2\/types\/post"}],"author":[{"embeddable":true,"href":"https:\/\/sinicesp.org.br\/index.php\/wp-json\/wp\/v2\/users\/2"}],"replies":[{"embeddable":true,"href":"https:\/\/sinicesp.org.br\/index.php\/wp-json\/wp\/v2\/comments?post=4884"}],"version-history":[{"count":0,"href":"https:\/\/sinicesp.org.br\/index.php\/wp-json\/wp\/v2\/posts\/4884\/revisions"}],"wp:featuredmedia":[{"embeddable":true,"href":"https:\/\/sinicesp.org.br\/index.php\/wp-json\/wp\/v2\/media\/4885"}],"wp:attachment":[{"href":"https:\/\/sinicesp.org.br\/index.php\/wp-json\/wp\/v2\/media?parent=4884"}],"wp:term":[{"taxonomy":"category","embeddable":true,"href":"https:\/\/sinicesp.org.br\/index.php\/wp-json\/wp\/v2\/categories?post=4884"},{"taxonomy":"post_tag","embeddable":true,"href":"https:\/\/sinicesp.org.br\/index.php\/wp-json\/wp\/v2\/tags?post=4884"}],"curies":[{"name":"wp","href":"https:\/\/api.w.org\/{rel}","templated":true}]}}