{"id":5252,"date":"2024-02-01T09:40:31","date_gmt":"2024-02-01T12:40:31","guid":{"rendered":"https:\/\/sinicesp.org.br\/?p=5252"},"modified":"2024-02-01T09:40:31","modified_gmt":"2024-02-01T12:40:31","slug":"em-repetitivo-stj-define-que-reducao-de-juros-de-mora-por-quitacao-antecipada-de-debito-fiscal-atinge-valor-original-da-divida","status":"publish","type":"post","link":"https:\/\/sinicesp.org.br\/index.php\/2024\/02\/01\/em-repetitivo-stj-define-que-reducao-de-juros-de-mora-por-quitacao-antecipada-de-debito-fiscal-atinge-valor-original-da-divida\/","title":{"rendered":"Em repetitivo, STJ define que redu\u00e7\u00e3o de juros de mora por quita\u00e7\u00e3o antecipada de d\u00e9bito fiscal atinge valor original da d\u00edvida"},"content":{"rendered":"\n<p><\/p>\n\n\n\n<section class=\"wp-block-uagb-section uagb-section__wrap uagb-section__background-color uagb-block-d5a5581e\"><div class=\"uagb-section__overlay\"><\/div><div class=\"uagb-section__inner-wrap\">\n<div style=\"height:10px\" aria-hidden=\"true\" class=\"wp-block-spacer\"><\/div>\n\n\n\n<div class=\"wp-block-uagb-advanced-heading uagb-block-36d776d1\"><h3 class=\"uagb-heading-text\"><br><strong>Boletim Jur\u00eddico n\u00ba 01\/2024 &#8211; 31\/01\/2024 <\/strong><\/h3><div class=\"uagb-separator\"><\/div><\/div>\n\n\n\n<p><\/p>\n<\/div><\/section>\n\n\n\n<section class=\"wp-block-uagb-section uagb-section__wrap uagb-section__background-color uagb-block-39dd2c69\"><div class=\"uagb-section__overlay\"><\/div><div class=\"uagb-section__inner-wrap\">\n<h2 class=\"wp-block-heading has-text-color\" id=\"stf-custas-poderao-ser-recolhidas-por-pix-ou-cartao-a-partir-de-abril\" style=\"color:#0767b1\"><strong><strong><strong><strong><strong>Em repetitivo, STJ define que redu\u00e7\u00e3o de juros de mora por quita\u00e7\u00e3o antecipada de d\u00e9bito fiscal atinge valor original da d\u00edvida<\/strong><\/strong><\/strong><\/strong><\/strong><\/h2>\n\n\n\n<div style=\"height:30px\" aria-hidden=\"true\" class=\"wp-block-spacer\"><\/div>\n\n\n\n<p> <\/p>\n\n\n\n<p>A Primeira Se\u00e7\u00e3o do Superior Tribunal de Justi\u00e7a (STJ), sob o rito dos&nbsp;recursos especiais&nbsp;repetitivos&nbsp;(<a href=\"https:\/\/processo.stj.jus.br\/repetitivos\/temas_repetitivos\/pesquisa.jsp?novaConsulta=true&amp;tipo_pesquisa=T&amp;cod_tema_inicial=1187&amp;cod_tema_final=1187\" target=\"_blank\" rel=\"noopener\" title=\"\">Tema 1.187<\/a>), fixou a seguinte tese: &#8220;Nos casos de quita\u00e7\u00e3o antecipada, parcial ou total, dos d\u00e9bitos fiscais objeto de parcelamento, conforme previs\u00e3o do&nbsp;<a href=\"https:\/\/www.planalto.gov.br\/ccivil_03\/_ato2007-2010\/2009\/lei\/l11941.htm\" target=\"_blank\" rel=\"noopener\" title=\"\">artigo 1\u00ba da Lei 11.941\/2009<\/a>, o momento de aplica\u00e7\u00e3o da redu\u00e7\u00e3o dos&nbsp;juros morat\u00f3rios&nbsp;deve ocorrer ap\u00f3s a &nbsp;consolida\u00e7\u00e3o da d\u00edvida, sobre o &nbsp;pr\u00f3prio montante devido originalmente a &nbsp;esse t\u00edtulo, n\u00e3o existindo amparo legal para que a exclus\u00e3o de 100% da multa de&nbsp;mora&nbsp;e&nbsp;de of\u00edcio&nbsp;implique exclus\u00e3o proporcional dos juros de&nbsp;mora, sem que a lei assim o tenha definido de modo expresso&#8221;.<br><br>Com a fixa\u00e7\u00e3o da tese, poder\u00e3o voltar a tramitar todos os processos que estavam suspensos \u00e0 espera do julgamento do&nbsp;<strong>repetitivo<\/strong>. O precedente qualificado dever\u00e1 ser observado pelos tribunais de todo pa\u00eds na an\u00e1lise de casos semelhantes.<br><br><strong>Lei tratou de rubricas componentes do cr\u00e9dito tribut\u00e1rio de forma separada<\/strong><br><br>O relator do recurso&nbsp;repetitivo, ministro Herman Benjamin, ressaltou que, no julgamento do&nbsp;<a href=\"https:\/\/processo.stj.jus.br\/processo\/revista\/documento\/mediado\/?componente=ITA&amp;sequencial=1946661&amp;num_registro=201303170792&amp;data=20210804&amp;formato=PDF\" target=\"_blank\" rel=\"noopener\" title=\"\">EREsp 1.404.931<\/a>, a Primeira Se\u00e7\u00e3o consolidou o entendimento de que a Lei 11.941\/2009 concedeu remiss\u00e3o apenas nos casos expressamente especificados pela pr\u00f3pria lei.<br><br>Segundo o relator, no mesmo julgamento, ficou estabelecido que, no contexto de remiss\u00e3o, a Lei 11.941\/2009 n\u00e3o apresenta qualquer indica\u00e7\u00e3o que permita concluir que a redu\u00e7\u00e3o de 100% das multas de&nbsp;mora&nbsp;e&nbsp;de of\u00edcio&nbsp;\u2013 conforme previsto no&nbsp;<a href=\"https:\/\/www.planalto.gov.br\/ccivil_03\/_ato2007-2010\/2009\/lei\/l11941.htm#art1%C2%A73\" target=\"_blank\" rel=\"noopener\" title=\"\">artigo 1\u00ba, par\u00e1grafo 3\u00ba, inciso I, da lei<\/a>&nbsp;\u2013 resulte em uma diminui\u00e7\u00e3o superior a 45% dos juros de&nbsp;mora, a fim de alcan\u00e7ar uma remiss\u00e3o integral da rubrica de juros.<br><br>O magistrado explicou que essa compreens\u00e3o deriva do fato de que os programas de parcelamento institu\u00eddos por lei s\u00e3o normas \u00e0s quais o contribuinte adere ou n\u00e3o, segundo seus crit\u00e9rios exclusivos. Todavia, ocorrendo a ades\u00e3o \u2013 apontou \u2013, o contribuinte deve se submeter ao regramento previsto em lei.<br><br>&#8220;A pr\u00f3pria lei tratou das rubricas componentes do cr\u00e9dito tribut\u00e1rio de forma separada, instituindo para cada uma um percentual espec\u00edfico de remiss\u00e3o, de forma que n\u00e3o \u00e9 poss\u00edvel recalcular os juros de&nbsp;mora&nbsp;sobre uma rubrica j\u00e1 remitida de multa de&nbsp;mora&nbsp;ou&nbsp;de of\u00edcio, sob pena de se tornar in\u00f3cua a redu\u00e7\u00e3o espec\u00edfica para os juros de&nbsp;mora&#8221;, afirmou.<br><br><strong>N\u00e3o h\u00e1 amparo legal para que a exclus\u00e3o da multa de&nbsp;mora&nbsp;e&nbsp;de of\u00edcio&nbsp;implique exclus\u00e3o proporcional dos juros de&nbsp;mora<\/strong><br><br>Herman Benjamin tamb\u00e9m ressaltou que a quest\u00e3o a respeito da identifica\u00e7\u00e3o da base de c\u00e1lculo sobre a qual incide o desconto de 45% j\u00e1 foi analisada pela Primeira Se\u00e7\u00e3o no&nbsp;<a href=\"http:\/\/www.stj.jus.br\/repetitivos\/temas_repetitivos\/pesquisa.jsp?novaConsulta=true&amp;tipo_pesquisa=T&amp;cod_tema_inicial=485&amp;cod_tema_final=485\" target=\"_blank\" rel=\"noopener\" title=\"\">Tema Repetitivo 485&nbsp;do STJ<\/a>, oportunidade em que se esclareceu que a totalidade do cr\u00e9dito tribut\u00e1rio \u00e9 composta pela soma das seguintes rubricas: cr\u00e9dito original, multa de&nbsp;mora, juros de&nbsp;mora&nbsp;e, ap\u00f3s a inscri\u00e7\u00e3o em d\u00edvida ativa da Uni\u00e3o, encargos do&nbsp;<a href=\"https:\/\/www.planalto.gov.br\/ccivil_03\/decreto-lei\/del1025.htm\" target=\"_blank\" rel=\"noopener\" title=\"\">Decreto-Lei 1.025\/1969<\/a>.<br><br>Dessa forma, para o relator, \u00e9 poss\u00edvel concluir que&nbsp;a diminui\u00e7\u00e3o dos juros de&nbsp;mora&nbsp;em 45% deve ser aplicada ap\u00f3s a consolida\u00e7\u00e3o da d\u00edvida, sobre o pr\u00f3prio montante devido originalmente a esse t\u00edtulo, n\u00e3o existindo amparo legal para que a exclus\u00e3o de 100% da multa de&nbsp;mora&nbsp;e&nbsp;de of\u00edcio&nbsp;implique exclus\u00e3o proporcional dos juros de&nbsp;mora, sem que a lei assim o tenha definido de modo expresso.<br><br>&#8220;Entendimento em sentido contr\u00e1rio, al\u00e9m de ampliar o sentido da norma restritiva, esbarra na tese fixada no recurso&nbsp;repetitivo, instaurando, em consequ\u00eancia, indesej\u00e1vel inseguran\u00e7a jur\u00eddica no meio social&#8221;, declarou.<br><br><a href=\"https:\/\/processo.stj.jus.br\/processo\/revista\/documento\/mediado\/?componente=ITA&amp;sequencial=2374278&amp;num_registro=202201696594&amp;data=20240111&amp;formato=PDF\" target=\"_blank\" rel=\"noopener\" title=\"\">Leia o ac\u00f3rd\u00e3o no REsp 2.006.663<\/a>.<br><br><strong>Fonte: STJ<\/strong><\/p>\n\n\n\n<p> &nbsp;<\/p>\n\n\n\n<div style=\"height:70px\" aria-hidden=\"true\" class=\"wp-block-spacer\"><\/div>\n\n\n\n<div id=\"section-g26e535\" class=\"wp-block-gutentor-e6 section-g26e535 gutentor-element gutentor-element-image text-align-center-desktop\"><div class=\"gutentor-element-image-box\"><a class=\"gutentor-element-image-link\" href=\"window.print()\"><div class=\"gutentor-image-thumb\"><img decoding=\"async\" class=\"normal-image\" src=\"https:\/\/sinicesp.org.br\/wp-content\/uploads\/2022\/01\/impressora.png\" \/><\/div><\/a><\/div><\/div>\n<\/div><\/section>\n","protected":false},"excerpt":{"rendered":"<p>Nos casos de quita\u00e7\u00e3o antecipada, parcial ou total, de d\u00e9bitos fiscais parcelados, a aplica\u00e7\u00e3o da redu\u00e7\u00e3o dos juros morat\u00f3rios deve acontecer ap\u00f3s a consolida\u00e7\u00e3o da d\u00edvida, sobre o valor original.<\/p>\n","protected":false},"author":2,"featured_media":5256,"comment_status":"closed","ping_status":"closed","sticky":false,"template":"","format":"standard","meta":{"om_disable_all_campaigns":false,"_uag_custom_page_level_css":"","_monsterinsights_skip_tracking":false,"_monsterinsights_sitenote_active":false,"_monsterinsights_sitenote_note":"","_monsterinsights_sitenote_category":0,"site-sidebar-layout":"default","site-content-layout":"default","ast-site-content-layout":"default","site-content-style":"default","site-sidebar-style":"default","ast-global-header-display":"","ast-banner-title-visibility":"","ast-main-header-display":"","ast-hfb-above-header-display":"","ast-hfb-below-header-display":"","ast-hfb-mobile-header-display":"","site-post-title":"disabled","ast-breadcrumbs-content":"disabled","ast-featured-img":"","footer-sml-layout":"","ast-disable-related-posts":"","theme-transparent-header-meta":"default","adv-header-id-meta":"","stick-header-meta":"","header-above-stick-meta":"","header-main-stick-meta":"","header-below-stick-meta":"","astra-migrate-meta-layouts":"set","ast-page-background-enabled":"default","ast-page-background-meta":{"desktop":{"background-color":"","background-image":"","background-repeat":"repeat","background-position":"center center","background-size":"auto","background-attachment":"scroll","background-type":"","background-media":"","overlay-type":"","overlay-color":"","overlay-opacity":"","overlay-gradient":""},"tablet":{"background-color":"","background-image":"","background-repeat":"repeat","background-position":"center center","background-size":"auto","background-attachment":"scroll","background-type":"","background-media":"","overlay-type":"","overlay-color":"","overlay-opacity":"","overlay-gradient":""},"mobile":{"background-color":"","background-image":"","background-repeat":"repeat","background-position":"center center","background-size":"auto","background-attachment":"scroll","background-type":"","background-media":"","overlay-type":"","overlay-color":"","overlay-opacity":"","overlay-gradient":""}},"ast-content-background-meta":{"desktop":{"background-color":"var(--ast-global-color-5)","background-image":"","background-repeat":"repeat","background-position":"center center","background-size":"auto","background-attachment":"scroll","background-type":"","background-media":"","overlay-type":"","overlay-color":"","overlay-opacity":"","overlay-gradient":""},"tablet":{"background-color":"var(--ast-global-color-5)","background-image":"","background-repeat":"repeat","background-position":"center center","background-size":"auto","background-attachment":"scroll","background-type":"","background-media":"","overlay-type":"","overlay-color":"","overlay-opacity":"","overlay-gradient":""},"mobile":{"background-color":"var(--ast-global-color-5)","background-image":"","background-repeat":"repeat","background-position":"center center","background-size":"auto","background-attachment":"scroll","background-type":"","background-media":"","overlay-type":"","overlay-color":"","overlay-opacity":"","overlay-gradient":""}},"footnotes":""},"categories":[4],"tags":[378],"class_list":["post-5252","post","type-post","status-publish","format-standard","has-post-thumbnail","hentry","category-boletim-juridico","tag-boletim-juridico-no-01-2024-31-01-2024"],"aioseo_notices":[],"gutentor_comment":0,"uagb_featured_image_src":{"full":["https:\/\/sinicesp.org.br\/wp-content\/uploads\/2024\/01\/boletim-juridico-2024-01a-pequena.jpg",250,167,false],"thumbnail":["https:\/\/sinicesp.org.br\/wp-content\/uploads\/2024\/01\/boletim-juridico-2024-01a-pequena-150x150.jpg",150,150,true],"medium":["https:\/\/sinicesp.org.br\/wp-content\/uploads\/2024\/01\/boletim-juridico-2024-01a-pequena.jpg",250,167,false],"medium_large":["https:\/\/sinicesp.org.br\/wp-content\/uploads\/2024\/01\/boletim-juridico-2024-01a-pequena.jpg",250,167,false],"large":["https:\/\/sinicesp.org.br\/wp-content\/uploads\/2024\/01\/boletim-juridico-2024-01a-pequena.jpg",250,167,false],"1536x1536":["https:\/\/sinicesp.org.br\/wp-content\/uploads\/2024\/01\/boletim-juridico-2024-01a-pequena.jpg",250,167,false],"2048x2048":["https:\/\/sinicesp.org.br\/wp-content\/uploads\/2024\/01\/boletim-juridico-2024-01a-pequena.jpg",250,167,false]},"uagb_author_info":{"display_name":"Ana Paula Amancio","author_link":"https:\/\/sinicesp.org.br\/index.php\/author\/paula\/"},"uagb_comment_info":0,"uagb_excerpt":"Nos casos de quita\u00e7\u00e3o antecipada, parcial ou total, de d\u00e9bitos fiscais parcelados, a aplica\u00e7\u00e3o da redu\u00e7\u00e3o dos juros morat\u00f3rios deve acontecer ap\u00f3s a consolida\u00e7\u00e3o da d\u00edvida, sobre o valor original.","_links":{"self":[{"href":"https:\/\/sinicesp.org.br\/index.php\/wp-json\/wp\/v2\/posts\/5252","targetHints":{"allow":["GET"]}}],"collection":[{"href":"https:\/\/sinicesp.org.br\/index.php\/wp-json\/wp\/v2\/posts"}],"about":[{"href":"https:\/\/sinicesp.org.br\/index.php\/wp-json\/wp\/v2\/types\/post"}],"author":[{"embeddable":true,"href":"https:\/\/sinicesp.org.br\/index.php\/wp-json\/wp\/v2\/users\/2"}],"replies":[{"embeddable":true,"href":"https:\/\/sinicesp.org.br\/index.php\/wp-json\/wp\/v2\/comments?post=5252"}],"version-history":[{"count":0,"href":"https:\/\/sinicesp.org.br\/index.php\/wp-json\/wp\/v2\/posts\/5252\/revisions"}],"wp:featuredmedia":[{"embeddable":true,"href":"https:\/\/sinicesp.org.br\/index.php\/wp-json\/wp\/v2\/media\/5256"}],"wp:attachment":[{"href":"https:\/\/sinicesp.org.br\/index.php\/wp-json\/wp\/v2\/media?parent=5252"}],"wp:term":[{"taxonomy":"category","embeddable":true,"href":"https:\/\/sinicesp.org.br\/index.php\/wp-json\/wp\/v2\/categories?post=5252"},{"taxonomy":"post_tag","embeddable":true,"href":"https:\/\/sinicesp.org.br\/index.php\/wp-json\/wp\/v2\/tags?post=5252"}],"curies":[{"name":"wp","href":"https:\/\/api.w.org\/{rel}","templated":true}]}}