{"id":5292,"date":"2024-02-08T08:28:41","date_gmt":"2024-02-08T11:28:41","guid":{"rendered":"https:\/\/sinicesp.org.br\/?p=5292"},"modified":"2024-02-09T12:39:02","modified_gmt":"2024-02-09T15:39:02","slug":"sinicesp-apoia-pacto-pela-seguranca-viaria","status":"publish","type":"post","link":"https:\/\/sinicesp.org.br\/index.php\/2024\/02\/08\/sinicesp-apoia-pacto-pela-seguranca-viaria\/","title":{"rendered":"SINICESP apoia Pacto pela Seguran\u00e7a Vi\u00e1ria"},"content":{"rendered":"\n<section class=\"wp-block-uagb-section uagb-section__wrap uagb-section__background-undefined alignfull uagb-block-998d3ed5\"><div class=\"uagb-section__overlay\"><\/div><div class=\"uagb-section__inner-wrap\"><\/div><\/section>\n\n\n\n<section class=\"wp-block-uagb-section uagb-section__wrap uagb-section__background-color uagb-block-844792b5\"><div class=\"uagb-section__overlay\"><\/div><div class=\"uagb-section__inner-wrap\">\n<div style=\"height:11px\" aria-hidden=\"true\" class=\"wp-block-spacer\"><\/div>\n\n\n\n<div class=\"wp-block-uagb-advanced-heading uagb-block-49dea6fc\"><h3 class=\"uagb-heading-text\"><br><strong>\u00daltimas Not\u00edcias n\u00ba 04\/2024 &#8211; 08\/02\/2024 <\/strong><\/h3><div class=\"uagb-separator\"><\/div><\/div>\n<\/div><\/section>\n\n\n\n<section class=\"wp-block-uagb-section uagb-section__wrap uagb-section__background-color uagb-block-2bd3adbe\"><div class=\"uagb-section__overlay\"><\/div><div class=\"uagb-section__inner-wrap\">\n<h2 class=\"wp-block-heading has-text-align-left has-text-color\" id=\"agencia-infra-publica-informacao-sobre-estudo-realizado-pela-brasinfra-sobre-a-nova-lei-de-licitacoes-e-contratos\" style=\"color:#0767b1\"><strong><strong><strong><strong><strong><strong><strong><strong><strong><strong>SINICESP apoia Pacto pela Seguran\u00e7a Vi\u00e1ria<\/strong><\/strong><\/strong><\/strong><\/strong><\/strong><\/strong><\/strong><\/strong><\/strong><\/h2>\n\n\n\n<div style=\"height:30px\" aria-hidden=\"true\" class=\"wp-block-spacer\"><\/div>\n\n\n\n<p>O SINICESP juntamente com outras onze entidades p\u00fablicas e privadas ligadas ao setor de transporte unem for\u00e7as na campanha Pacto pela Seguran\u00e7a Vi\u00e1ria, com o objetivo de promover a seguran\u00e7a vi\u00e1ria e reduzir sinistros na malha rodovi\u00e1ria brasileira<br><br>A iniciativa busca conscientizar motoristas, pedestres e demais usu\u00e1rios das rodovias sobre a import\u00e2ncia de pr\u00e1ticas e escolhas respons\u00e1veis no tr\u00e2nsito. Com foco na preven\u00e7\u00e3o de sinistros de tr\u00e2nsito e na preserva\u00e7\u00e3o de vidas, a campanha visa a ampliar a cultura de seguran\u00e7a nas estradas do Pa\u00eds.<br><br>A campanha \u00e9 uma das dez frentes de trabalho formalizadas por meio de Acordo de Coopera\u00e7\u00e3o T\u00e9cnica que teve in\u00edcio no segundo semestre de 2023 e busca o avan\u00e7o da seguran\u00e7a vi\u00e1ria no Pa\u00eds.&nbsp;<br><br>O Pacto \u00e9 assinado por onze entidades: Associa\u00e7\u00e3o Brasileira de Concession\u00e1rias de Rodovias (ABCR), Associa\u00e7\u00e3o Brasileira das Empresas de Engenharia de Tr\u00e2nsito (Abeetrans) ,&nbsp; Associa\u00e7\u00e3o Brasileira de Seguran\u00e7a Vi\u00e1ria (ABSeV) ,&nbsp; Ag\u00eancia Nacional de Transportes Terrestres (ANTT) ,&nbsp; Departamento Nacional de Infraestrutura de Transportes (DNIT) ,&nbsp; Infra S.A. ,&nbsp; Instituto Nacional de Projetos para o Tr\u00e2nsito e Seguran\u00e7a (Inprotran) ,&nbsp; iRAP, Minist\u00e9rio dos Transportes, Observat\u00f3rio Nacional de Seguran\u00e7a Vi\u00e1ria (ONSV) e Pol\u00edcia Rodovi\u00e1ria Federal (PRF).<br><br>Al\u00e9m disso, tem apoio da Associa\u00e7\u00e3o Brasileira das Empresas de Pagamento Autom\u00e1tico para Mobilidade (ABEPAM), Associa\u00e7\u00e3o Brasileira das Empresas de Transporte Terrestre de Passageiros (ABRATI), Ag\u00eancia de Transporte do Estado de S\u00e3o Paulo (Artesp), Associa\u00e7\u00e3o Brasileira dos Sindicatos e Associa\u00e7\u00f5es de Classe de Infraestrutura (BRASINFRA) e Sindicato da Ind\u00fastria da Constru\u00e7\u00e3o Pesada do Estado de S. Paulo (SINICESP) .<br><br>De acordo com dados da Pol\u00edcia Rodovi\u00e1ria Federal, em 2023 foram registrados aproximadamente 68 mil sinistros de tr\u00e2nsito nas rodovias federais brasileiras \u2013 o que significa que s\u00e3o cerca de sete sinistros por hora em estradas no Brasil.<br><br>Para o gerente de rela\u00e7\u00f5es institucionais do SINICESP, Carlos Laurito, a ades\u00e3o \u00e0 campanha confirma o compromisso da entidade em promover a preven\u00e7\u00e3o de acidentes e a manuten\u00e7\u00e3o do sistema vi\u00e1rio nacional como um ambiente seguro para o transporte de pessoas e produtos, essenciais para o desenvolvimento do Pa\u00eds.<br><br>As maiores causas est\u00e3o relacionadas a fatores comportamentais, como imprud\u00eancia e excesso de velocidade. Por isso, o Pacto pela Seguran\u00e7a Vi\u00e1ria tem, entre as frentes de trabalho, uma campanha conjunta para salvar vidas. \u201cEsses materiais estar\u00e3o nas redes sociais, sites, folhetos, pain\u00e9is eletr\u00f4nicos e banners nas rodovias, com o intuito de aumentar a conscientiza\u00e7\u00e3o e garantir que cada viagem termine em seguran\u00e7a\u201d, destacou o diretor executivo da ABCR, Marco Giusti.&nbsp;<br><br>Ao longo do ano, ser\u00e3o tratados temas como prote\u00e7\u00e3o do pedestre, sa\u00fade do caminhoneiro, sono e dire\u00e7\u00e3o, riscos de parada em acostamento, celular e dire\u00e7\u00e3o, prote\u00e7\u00e3o do ciclista, entre outros. \u201cO Pacto busca a preven\u00e7\u00e3o de sinistros, isto \u00e9, salvar vidas. Essa \u00e9 uma prioridade para n\u00f3s, e existe um planejamento e uma governan\u00e7a dentro deste Pacto, que tem diversas frentes de trabalho. Esse Acordo de Coopera\u00e7\u00e3o T\u00e9cnica \u00e9 uma grande ferramenta para que possamos melhorar a seguran\u00e7a vi\u00e1ria\u201d, pontuou o Diretor da ANTT, Luciano Louren\u00e7o.<br><br>O presidente executivo da Associa\u00e7\u00e3o Brasileira das Empresas de Engenharia de Tr\u00e2nsito (Abeetrans), Silvio M\u00e9dici, falou sobre a import\u00e2ncia da uni\u00e3o entre entidades p\u00fablicas e privadas na dedica\u00e7\u00e3o \u00e0s quest\u00f5es que envolvem a seguran\u00e7a no tr\u00e2nsito. \u201c\u00c9 um pacto ambicioso, mas plenamente fact\u00edvel, dada especialmente as expertises de cada entidade signat\u00e1ria. \u00c9 urgente reduzirmos os n\u00fameros de sinistros e mortes nas nossas rodovias\u201d, disse.<br><br>A coordenadora-geral de Educa\u00e7\u00e3o e Sa\u00fade para o Tr\u00e2nsito da Secretaria Nacional de Tr\u00e2nsito (Senatran), Damiana Botelho, citou o Plano Nacional de Redu\u00e7\u00f5es de Mortes e Les\u00f5es no Tr\u00e2nsito (PNATRANS). \u201cO Pacto pela Seguran\u00e7a Vi\u00e1ria vem ao encontro do PNATRANS, que \u00e9 engajar todos em a\u00e7\u00f5es estruturantes para o tr\u00e2nsito, e est\u00e1 alinhado tamb\u00e9m ao RODOVIDA, que traduz o compromisso com a redu\u00e7\u00e3o de sinistros. A Senatran parabeniza e apoia a iniciativa do Pacto\u201d, destacou.<br><br>Confira o v\u00eddeo da campanha em <a href=\"https:\/\/youtu.be\/zhdYjmz86JE\" target=\"_blank\" rel=\"noopener\" title=\"\">https:\/\/youtu.be\/zhdYjmz86JE<\/a>.<\/p>\n\n\n\n<div style=\"height:25px\" aria-hidden=\"true\" class=\"wp-block-spacer\"><\/div>\n\n\n\n<div id=\"section-g9bad4e\" class=\"wp-block-gutentor-e6 section-g9bad4e gutentor-element gutentor-element-image text-align-center-desktop\"><div class=\"gutentor-element-image-box\"><div class=\"gutentor-image-thumb\"><img decoding=\"async\" class=\"normal-image\" src=\"https:\/\/sinicesp.org.br\/wp-content\/uploads\/2024\/02\/ultimas-2024-04-rotativo.jpg\" \/><\/div><\/div><\/div>\n\n\n\n<div style=\"height:70px\" aria-hidden=\"true\" class=\"wp-block-spacer\"><\/div>\n\n\n\n<div id=\"section-g5d2a44\" class=\"wp-block-gutentor-e6 section-g5d2a44 gutentor-element gutentor-element-image text-align-center-desktop\"><div class=\"gutentor-element-image-box\"><a class=\"gutentor-element-image-link\" href=\"window.print()\"><div class=\"gutentor-image-thumb\"><img decoding=\"async\" class=\"normal-image\" src=\"https:\/\/sinicesp.org.br\/wp-content\/uploads\/2022\/01\/impressora.png\" \/><\/div><\/a><\/div><\/div>\n<\/div><\/section>\n\n\n\n<p><\/p>\n","protected":false},"excerpt":{"rendered":"<p>O SINICESP juntamente com outras onze entidades p\u00fablicas e privadas ligadas ao setor de transporte unem for\u00e7as na campanha Pacto pela Seguran\u00e7a Vi\u00e1ria, com o objetivo de promover a seguran\u00e7a vi\u00e1ria e reduzir sinistros na malha rodovi\u00e1ria brasileira <\/p>\n","protected":false},"author":1,"featured_media":5293,"comment_status":"closed","ping_status":"closed","sticky":false,"template":"","format":"standard","meta":{"om_disable_all_campaigns":false,"_uag_custom_page_level_css":"","_monsterinsights_skip_tracking":false,"_monsterinsights_sitenote_active":false,"_monsterinsights_sitenote_note":"","_monsterinsights_sitenote_category":0,"site-sidebar-layout":"default","site-content-layout":"plain-container","ast-site-content-layout":"normal-width-container","site-content-style":"unboxed","site-sidebar-style":"unboxed","ast-global-header-display":"","ast-banner-title-visibility":"","ast-main-header-display":"","ast-hfb-above-header-display":"","ast-hfb-below-header-display":"","ast-hfb-mobile-header-display":"","site-post-title":"disabled","ast-breadcrumbs-content":"","ast-featured-img":"disabled","footer-sml-layout":"","ast-disable-related-posts":"","theme-transparent-header-meta":"default","adv-header-id-meta":"","stick-header-meta":"","header-above-stick-meta":"","header-main-stick-meta":"","header-below-stick-meta":"","astra-migrate-meta-layouts":"set","ast-page-background-enabled":"default","ast-page-background-meta":{"desktop":{"background-color":"","background-image":"","background-repeat":"repeat","background-position":"center center","background-size":"auto","background-attachment":"scroll","background-type":"","background-media":"","overlay-type":"","overlay-color":"","overlay-opacity":"","overlay-gradient":""},"tablet":{"background-color":"","background-image":"","background-repeat":"repeat","background-position":"center center","background-size":"auto","background-attachment":"scroll","background-type":"","background-media":"","overlay-type":"","overlay-color":"","overlay-opacity":"","overlay-gradient":""},"mobile":{"background-color":"","background-image":"","background-repeat":"repeat","background-position":"center center","background-size":"auto","background-attachment":"scroll","background-type":"","background-media":"","overlay-type":"","overlay-color":"","overlay-opacity":"","overlay-gradient":""}},"ast-content-background-meta":{"desktop":{"background-color":"var(--ast-global-color-5)","background-image":"","background-repeat":"repeat","background-position":"center center","background-size":"auto","background-attachment":"scroll","background-type":"","background-media":"","overlay-type":"","overlay-color":"","overlay-opacity":"","overlay-gradient":""},"tablet":{"background-color":"var(--ast-global-color-5)","background-image":"","background-repeat":"repeat","background-position":"center center","background-size":"auto","background-attachment":"scroll","background-type":"","background-media":"","overlay-type":"","overlay-color":"","overlay-opacity":"","overlay-gradient":""},"mobile":{"background-color":"var(--ast-global-color-5)","background-image":"","background-repeat":"repeat","background-position":"center center","background-size":"auto","background-attachment":"scroll","background-type":"","background-media":"","overlay-type":"","overlay-color":"","overlay-opacity":"","overlay-gradient":""}},"footnotes":""},"categories":[132,6],"tags":[382],"class_list":["post-5292","post","type-post","status-publish","format-standard","has-post-thumbnail","hentry","category-responsabilidade-social","category-ultimas-noticias","tag-ultimas-noticias-no-04-2024-08-02-2024"],"aioseo_notices":[],"gutentor_comment":0,"uagb_featured_image_src":{"full":["https:\/\/sinicesp.org.br\/wp-content\/uploads\/2024\/02\/ultimas-2024-04-destaque.jpg",250,167,false],"thumbnail":["https:\/\/sinicesp.org.br\/wp-content\/uploads\/2024\/02\/ultimas-2024-04-destaque-150x150.jpg",150,150,true],"medium":["https:\/\/sinicesp.org.br\/wp-content\/uploads\/2024\/02\/ultimas-2024-04-destaque.jpg",250,167,false],"medium_large":["https:\/\/sinicesp.org.br\/wp-content\/uploads\/2024\/02\/ultimas-2024-04-destaque.jpg",250,167,false],"large":["https:\/\/sinicesp.org.br\/wp-content\/uploads\/2024\/02\/ultimas-2024-04-destaque.jpg",250,167,false],"1536x1536":["https:\/\/sinicesp.org.br\/wp-content\/uploads\/2024\/02\/ultimas-2024-04-destaque.jpg",250,167,false],"2048x2048":["https:\/\/sinicesp.org.br\/wp-content\/uploads\/2024\/02\/ultimas-2024-04-destaque.jpg",250,167,false]},"uagb_author_info":{"display_name":"Rodrigo","author_link":"https:\/\/sinicesp.org.br\/index.php\/author\/sinicesp\/"},"uagb_comment_info":0,"uagb_excerpt":"O SINICESP juntamente com outras onze entidades p\u00fablicas e privadas ligadas ao setor de transporte unem for\u00e7as na campanha Pacto pela Seguran\u00e7a Vi\u00e1ria, com o objetivo de promover a seguran\u00e7a vi\u00e1ria e reduzir sinistros na malha rodovi\u00e1ria brasileira","_links":{"self":[{"href":"https:\/\/sinicesp.org.br\/index.php\/wp-json\/wp\/v2\/posts\/5292","targetHints":{"allow":["GET"]}}],"collection":[{"href":"https:\/\/sinicesp.org.br\/index.php\/wp-json\/wp\/v2\/posts"}],"about":[{"href":"https:\/\/sinicesp.org.br\/index.php\/wp-json\/wp\/v2\/types\/post"}],"author":[{"embeddable":true,"href":"https:\/\/sinicesp.org.br\/index.php\/wp-json\/wp\/v2\/users\/1"}],"replies":[{"embeddable":true,"href":"https:\/\/sinicesp.org.br\/index.php\/wp-json\/wp\/v2\/comments?post=5292"}],"version-history":[{"count":0,"href":"https:\/\/sinicesp.org.br\/index.php\/wp-json\/wp\/v2\/posts\/5292\/revisions"}],"wp:featuredmedia":[{"embeddable":true,"href":"https:\/\/sinicesp.org.br\/index.php\/wp-json\/wp\/v2\/media\/5293"}],"wp:attachment":[{"href":"https:\/\/sinicesp.org.br\/index.php\/wp-json\/wp\/v2\/media?parent=5292"}],"wp:term":[{"taxonomy":"category","embeddable":true,"href":"https:\/\/sinicesp.org.br\/index.php\/wp-json\/wp\/v2\/categories?post=5292"},{"taxonomy":"post_tag","embeddable":true,"href":"https:\/\/sinicesp.org.br\/index.php\/wp-json\/wp\/v2\/tags?post=5292"}],"curies":[{"name":"wp","href":"https:\/\/api.w.org\/{rel}","templated":true}]}}